{"id":1159,"date":"2026-08-31T13:53:44","date_gmt":"2026-08-31T16:53:44","guid":{"rendered":"https:\/\/blog.ufes.br\/languageeducation\/?p=1159"},"modified":"2026-08-31T13:56:29","modified_gmt":"2026-08-31T16:56:29","slug":"phonetics-as-a-helpful-tool-for-singing-development","status":"publish","type":"post","link":"https:\/\/blog.ufes.br\/languageeducation\/phonetics-as-a-helpful-tool-for-singing-development\/","title":{"rendered":"PHONETICS AS A HELPFUL TOOL FOR SINGING DEVELOPMENT"},"content":{"rendered":"\t\t<div data-elementor-type=\"wp-post\" data-elementor-id=\"1159\" class=\"elementor elementor-1159\">\n\t\t\t\t\t\t<section class=\"elementor-section elementor-top-section elementor-element elementor-element-471772f4 elementor-section-boxed elementor-section-height-default elementor-section-height-default\" data-id=\"471772f4\" data-element_type=\"section\" data-e-type=\"section\">\n\t\t\t\t\t\t<div class=\"elementor-container elementor-column-gap-default\">\n\t\t\t\t\t<div class=\"elementor-column elementor-col-100 elementor-top-column elementor-element elementor-element-702cf09\" data-id=\"702cf09\" data-element_type=\"column\" data-e-type=\"column\">\n\t\t\t<div class=\"elementor-widget-wrap elementor-element-populated\">\n\t\t\t\t\t\t<div class=\"elementor-element elementor-element-78c7fe48 elementor-widget elementor-widget-text-editor\" data-id=\"78c7fe48\" data-element_type=\"widget\" data-e-type=\"widget\" data-widget_type=\"text-editor.default\">\n\t\t\t\t<div class=\"elementor-widget-container\">\n\t\t\t\t\t\t\t\t\t\n<p class=\"wp-block-gallery-2 is-layout-flex wp-block-gallery-is-layout-flex\">Carlos Alexandre Damasceno dos Santos<\/p>\n<figure class=\"wp-block-gallery has-nested-images columns-default is-cropped\"><\/figure>\n\t\t\t\t\t\t\t\t<\/div>\n\t\t\t\t<\/div>\n\t\t\t\t\t<\/div>\n\t\t<\/div>\n\t\t\t\t\t<\/div>\n\t\t<\/section>\n\t\t\t\t<section class=\"elementor-section elementor-top-section elementor-element elementor-element-4e4d7e2 elementor-section-boxed elementor-section-height-default elementor-section-height-default\" data-id=\"4e4d7e2\" data-element_type=\"section\" data-e-type=\"section\">\n\t\t\t\t\t\t<div class=\"elementor-container elementor-column-gap-default\">\n\t\t\t\t\t<div class=\"elementor-column elementor-col-100 elementor-top-column elementor-element elementor-element-e6719fb\" data-id=\"e6719fb\" data-element_type=\"column\" data-e-type=\"column\">\n\t\t\t<div class=\"elementor-widget-wrap elementor-element-populated\">\n\t\t\t\t\t\t<div class=\"elementor-element elementor-element-a0bbea8 elementor-widget elementor-widget-text-editor\" data-id=\"a0bbea8\" data-element_type=\"widget\" data-e-type=\"widget\" data-widget_type=\"text-editor.default\">\n\t\t\t\t<div class=\"elementor-widget-container\">\n\t\t\t\t\t\t\t\t\t<p>Hi, there!<\/p>\n<p>Voc\u00ea j\u00e1 pensou que entender como a voz funciona pode ajudar n\u00e3o apenas quem fala, mas tamb\u00e9m quem canta? Em <strong>\u201cPhonetics as a Helpful Tool for Singing Development\u201d<\/strong>, <strong>Carlos dos Santos<\/strong> explora como conhecimentos de Fon\u00e9tica podem contribuir para o desenvolvimento de cantores, especialmente aqueles que est\u00e3o come\u00e7ando a desenvolver suas habilidades vocais.<\/p>\n<p>O ensaio apresenta aspectos da produ\u00e7\u00e3o da voz, como pregas vocais, trato vocal, articuladores, lugares e modos de articula\u00e7\u00e3o e produ\u00e7\u00e3o das vogais, relacionando esses conhecimentos \u00e0 busca por uma emiss\u00e3o vocal mais eficiente. A proposta \u00e9 mostrar que compreender o funcionamento f\u00edsico da voz pode ajudar cantores a fazer escolhas mais conscientes durante o canto.<\/p>\n<p>Para ilustrar essa rela\u00e7\u00e3o o autor analisa a pron\u00fancia de Beyonc\u00e9 em \u201c1 + 1\u201d, discutindo como uma altera\u00e7\u00e3o na produ\u00e7\u00e3o de um som pode estar relacionada \u00e0s escolhas feitas para favorecer a proje\u00e7\u00e3o e a resson\u00e2ncia vocal.<\/p>\n<p><em>Ensaio desenvolvido na disciplina DLE13926 \u2013 Pr\u00e1xis Curricular: Escrita Acad\u00eamica.<\/em><\/p>\n<p><strong>Acesse o material aqui:<\/strong><\/p>\t\t\t\t\t\t\t\t<\/div>\n\t\t\t\t<\/div>\n\t\t\t\t\t<\/div>\n\t\t<\/div>\n\t\t\t\t\t<\/div>\n\t\t<\/section>\n\t\t\t\t<section class=\"elementor-section elementor-top-section elementor-element elementor-element-f9da228 elementor-section-boxed elementor-section-height-default elementor-section-height-default\" data-id=\"f9da228\" data-element_type=\"section\" data-e-type=\"section\">\n\t\t\t\t\t\t<div class=\"elementor-container elementor-column-gap-default\">\n\t\t\t\t\t<div class=\"elementor-column elementor-col-100 elementor-top-column elementor-element elementor-element-d849251\" data-id=\"d849251\" data-element_type=\"column\" data-e-type=\"column\">\n\t\t\t<div class=\"elementor-widget-wrap elementor-element-populated\">\n\t\t\t\t\t\t<div class=\"elementor-element elementor-element-40abb87 elementor-align-justify elementor-widget elementor-widget-button\" data-id=\"40abb87\" data-element_type=\"widget\" data-e-type=\"widget\" data-widget_type=\"button.default\">\n\t\t\t\t<div class=\"elementor-widget-container\">\n\t\t\t\t\t\t\t\t\t<div class=\"elementor-button-wrapper\">\n\t\t\t\t\t<a class=\"elementor-button elementor-button-link elementor-size-sm\" href=\"https:\/\/drive.google.com\/file\/d\/1HcRWXGCDnqUDIyBGjlCf3jM6gynLWfrF\/view?usp=sharing\">\n\t\t\t\t\t\t<span class=\"elementor-button-content-wrapper\">\n\t\t\t\t\t\t\t\t\t<span class=\"elementor-button-text\">PHONETICS AS A HELPFUL TOOL FOR SINGING DEVELOPMENT<\/span>\n\t\t\t\t\t<\/span>\n\t\t\t\t\t<\/a>\n\t\t\t\t<\/div>\n\t\t\t\t\t\t\t\t<\/div>\n\t\t\t\t<\/div>\n\t\t\t\t\t<\/div>\n\t\t<\/div>\n\t\t\t\t\t<\/div>\n\t\t<\/section>\n\t\t\t\t<\/div>\n\t\t","protected":false},"excerpt":{"rendered":"<p>Hi, there! Voc\u00ea j\u00e1 pensou que entender como a voz funciona pode ajudar n\u00e3o apenas quem fala, mas tamb\u00e9m quem canta? Em \u201cPhonetics as a Helpful Tool for Singing Development\u201d, Carlos dos Santos explora como conhecimentos de Fon\u00e9tica podem contribuir &hellip; <a href=\"https:\/\/blog.ufes.br\/languageeducation\/phonetics-as-a-helpful-tool-for-singing-development\/\">Continue lendo <span class=\"meta-nav\">&rarr;<\/span><\/a><\/p>\n","protected":false},"author":448,"featured_media":0,"comment_status":"open","ping_status":"open","sticky":false,"template":"","format":"gallery","meta":{"_bbp_topic_count":0,"_bbp_reply_count":0,"_bbp_total_topic_count":0,"_bbp_total_reply_count":0,"_bbp_voice_count":0,"_bbp_anonymous_reply_count":0,"_bbp_topic_count_hidden":0,"_bbp_reply_count_hidden":0,"_bbp_forum_subforum_count":0,"_uag_custom_page_level_css":"","footnotes":""},"categories":[1],"tags":[],"class_list":["post-1159","post","type-post","status-publish","format-gallery","hentry","category-sem-categoria","post_format-post-format-gallery"],"uagb_featured_image_src":{"full":false,"thumbnail":false,"medium":false,"medium_large":false,"large":false,"1536x1536":false,"2048x2048":false,"post-thumbnail":false,"large-feature":false,"small-feature":false},"uagb_author_info":{"display_name":"Marianna Cardoso Reis Merlo","author_link":"https:\/\/blog.ufes.br\/languageeducation\/author\/marianna-cardoso-reis-merlo\/"},"uagb_comment_info":0,"uagb_excerpt":"Hi, there! Voc\u00ea j\u00e1 pensou que entender como a voz funciona pode ajudar n\u00e3o apenas quem fala, mas tamb\u00e9m quem canta? Em \u201cPhonetics as a Helpful Tool for Singing Development\u201d, Carlos dos Santos explora como conhecimentos de Fon\u00e9tica podem contribuir &hellip; Continue lendo &rarr;","_links":{"self":[{"href":"https:\/\/blog.ufes.br\/languageeducation\/wp-json\/wp\/v2\/posts\/1159","targetHints":{"allow":["GET"]}}],"collection":[{"href":"https:\/\/blog.ufes.br\/languageeducation\/wp-json\/wp\/v2\/posts"}],"about":[{"href":"https:\/\/blog.ufes.br\/languageeducation\/wp-json\/wp\/v2\/types\/post"}],"author":[{"embeddable":true,"href":"https:\/\/blog.ufes.br\/languageeducation\/wp-json\/wp\/v2\/users\/448"}],"replies":[{"embeddable":true,"href":"https:\/\/blog.ufes.br\/languageeducation\/wp-json\/wp\/v2\/comments?post=1159"}],"version-history":[{"count":4,"href":"https:\/\/blog.ufes.br\/languageeducation\/wp-json\/wp\/v2\/posts\/1159\/revisions"}],"predecessor-version":[{"id":1163,"href":"https:\/\/blog.ufes.br\/languageeducation\/wp-json\/wp\/v2\/posts\/1159\/revisions\/1163"}],"wp:attachment":[{"href":"https:\/\/blog.ufes.br\/languageeducation\/wp-json\/wp\/v2\/media?parent=1159"}],"wp:term":[{"taxonomy":"category","embeddable":true,"href":"https:\/\/blog.ufes.br\/languageeducation\/wp-json\/wp\/v2\/categories?post=1159"},{"taxonomy":"post_tag","embeddable":true,"href":"https:\/\/blog.ufes.br\/languageeducation\/wp-json\/wp\/v2\/tags?post=1159"}],"curies":[{"name":"wp","href":"https:\/\/api.w.org\/{rel}","templated":true}]}}