{"id":1164,"date":"2026-08-31T14:52:42","date_gmt":"2026-08-31T17:52:42","guid":{"rendered":"https:\/\/blog.ufes.br\/languageeducation\/?p=1164"},"modified":"2026-08-31T14:54:54","modified_gmt":"2026-08-31T17:54:54","slug":"eating-disorders-in-women","status":"publish","type":"post","link":"https:\/\/blog.ufes.br\/languageeducation\/eating-disorders-in-women\/","title":{"rendered":"Eating Disorders in Women"},"content":{"rendered":"\t\t<div data-elementor-type=\"wp-post\" data-elementor-id=\"1164\" class=\"elementor elementor-1164\">\n\t\t\t\t\t\t<section class=\"elementor-section elementor-top-section elementor-element elementor-element-19d3128e elementor-section-boxed elementor-section-height-default elementor-section-height-default\" data-id=\"19d3128e\" data-element_type=\"section\" data-e-type=\"section\">\n\t\t\t\t\t\t<div class=\"elementor-container elementor-column-gap-default\">\n\t\t\t\t\t<div class=\"elementor-column elementor-col-100 elementor-top-column elementor-element elementor-element-519f15cd\" data-id=\"519f15cd\" data-element_type=\"column\" data-e-type=\"column\">\n\t\t\t<div class=\"elementor-widget-wrap elementor-element-populated\">\n\t\t\t\t\t\t<div class=\"elementor-element elementor-element-425cb01c elementor-widget elementor-widget-text-editor\" data-id=\"425cb01c\" data-element_type=\"widget\" data-e-type=\"widget\" data-widget_type=\"text-editor.default\">\n\t\t\t\t<div class=\"elementor-widget-container\">\n\t\t\t\t\t\t\t\t\t\n<p class=\"wp-block-gallery-2 is-layout-flex wp-block-gallery-is-layout-flex\"><strong>Jennyfer Vit\u00f3ria Martinelli Sales<\/strong><\/p>\n<figure class=\"wp-block-gallery has-nested-images columns-default is-cropped\"><\/figure>\n\t\t\t\t\t\t\t\t<\/div>\n\t\t\t\t<\/div>\n\t\t\t\t\t<\/div>\n\t\t<\/div>\n\t\t\t\t\t<\/div>\n\t\t<\/section>\n\t\t\t\t<section class=\"elementor-section elementor-top-section elementor-element elementor-element-cff4d3e elementor-section-boxed elementor-section-height-default elementor-section-height-default\" data-id=\"cff4d3e\" data-element_type=\"section\" data-e-type=\"section\">\n\t\t\t\t\t\t<div class=\"elementor-container elementor-column-gap-default\">\n\t\t\t\t\t<div class=\"elementor-column elementor-col-100 elementor-top-column elementor-element elementor-element-f78d568\" data-id=\"f78d568\" data-element_type=\"column\" data-e-type=\"column\">\n\t\t\t<div class=\"elementor-widget-wrap elementor-element-populated\">\n\t\t\t\t\t\t<div class=\"elementor-element elementor-element-66b13ba elementor-widget elementor-widget-text-editor\" data-id=\"66b13ba\" data-element_type=\"widget\" data-e-type=\"widget\" data-widget_type=\"text-editor.default\">\n\t\t\t\t<div class=\"elementor-widget-container\">\n\t\t\t\t\t\t\t\t\t<p>Hey, there!<\/p>\n<p>A rela\u00e7\u00e3o com a comida vai muito al\u00e9m da alimenta\u00e7\u00e3o. Em <strong>\u201cEating Disorders in Women\u201d<\/strong>, <strong>Jennyfer Sales<\/strong> discute como transtornos alimentares est\u00e3o relacionados a aspectos psicol\u00f3gicos, sociais e culturais, especialmente diante das press\u00f5es est\u00e9ticas direcionadas \u00e0s mulheres.<\/p>\n<p>O ensaio aborda como padr\u00f5es de beleza irreais, redes sociais e a valoriza\u00e7\u00e3o excessiva da apar\u00eancia podem contribuir para comportamentos alimentares prejudiciais. A autora tamb\u00e9m chama aten\u00e7\u00e3o para as consequ\u00eancias psicol\u00f3gicas, f\u00edsicas e sociais desses transtornos, mostrando que a quest\u00e3o est\u00e1 muito al\u00e9m do peso ou da apar\u00eancia.<\/p>\n<p><em>Ensaio desenvolvido na disciplina DLE13926 \u2013 Pr\u00e1xis Curricular: Escrita Acad\u00eamica.<\/em><\/p>\n<p><strong>Acesse o material aqui:<\/strong><\/p>\t\t\t\t\t\t\t\t<\/div>\n\t\t\t\t<\/div>\n\t\t\t\t<div class=\"elementor-element elementor-element-c3991ab elementor-align-justify elementor-widget elementor-widget-button\" data-id=\"c3991ab\" data-element_type=\"widget\" data-e-type=\"widget\" data-widget_type=\"button.default\">\n\t\t\t\t<div class=\"elementor-widget-container\">\n\t\t\t\t\t\t\t\t\t<div class=\"elementor-button-wrapper\">\n\t\t\t\t\t<a class=\"elementor-button elementor-button-link elementor-size-sm\" href=\"https:\/\/drive.google.com\/file\/d\/1Fxp8XMJIJy8zN6lnhEnqyJm_WrxL8CM9\/view?usp=sharing\">\n\t\t\t\t\t\t<span class=\"elementor-button-content-wrapper\">\n\t\t\t\t\t\t\t\t\t<span class=\"elementor-button-text\">Eating Disorders in Women<\/span>\n\t\t\t\t\t<\/span>\n\t\t\t\t\t<\/a>\n\t\t\t\t<\/div>\n\t\t\t\t\t\t\t\t<\/div>\n\t\t\t\t<\/div>\n\t\t\t\t\t<\/div>\n\t\t<\/div>\n\t\t\t\t\t<\/div>\n\t\t<\/section>\n\t\t\t\t<\/div>\n\t\t","protected":false},"excerpt":{"rendered":"<p>Hey, there! A rela\u00e7\u00e3o com a comida vai muito al\u00e9m da alimenta\u00e7\u00e3o. Em \u201cEating Disorders in Women\u201d, Jennyfer Sales discute como transtornos alimentares est\u00e3o relacionados a aspectos psicol\u00f3gicos, sociais e culturais, especialmente diante das press\u00f5es est\u00e9ticas direcionadas \u00e0s mulheres. O &hellip; <a href=\"https:\/\/blog.ufes.br\/languageeducation\/eating-disorders-in-women\/\">Continue reading <span class=\"meta-nav\">&rarr;<\/span><\/a><\/p>\n","protected":false},"author":448,"featured_media":0,"comment_status":"open","ping_status":"open","sticky":false,"template":"","format":"gallery","meta":{"_bbp_topic_count":0,"_bbp_reply_count":0,"_bbp_total_topic_count":0,"_bbp_total_reply_count":0,"_bbp_voice_count":0,"_bbp_anonymous_reply_count":0,"_bbp_topic_count_hidden":0,"_bbp_reply_count_hidden":0,"_bbp_forum_subforum_count":0,"_uag_custom_page_level_css":"","ngg_post_thumbnail":0,"footnotes":""},"categories":[1],"tags":[],"class_list":["post-1164","post","type-post","status-publish","format-gallery","hentry","category-sem-categoria","post_format-post-format-gallery"],"uagb_featured_image_src":{"full":false,"thumbnail":false,"medium":false,"medium_large":false,"large":false,"1536x1536":false,"2048x2048":false,"post-thumbnail":false,"large-feature":false,"small-feature":false},"uagb_author_info":{"display_name":"Marianna Cardoso Reis Merlo","author_link":"https:\/\/blog.ufes.br\/languageeducation\/author\/marianna-cardoso-reis-merlo\/"},"uagb_comment_info":0,"uagb_excerpt":"Hey, there! A rela\u00e7\u00e3o com a comida vai muito al\u00e9m da alimenta\u00e7\u00e3o. Em \u201cEating Disorders in Women\u201d, Jennyfer Sales discute como transtornos alimentares est\u00e3o relacionados a aspectos psicol\u00f3gicos, sociais e culturais, especialmente diante das press\u00f5es est\u00e9ticas direcionadas \u00e0s mulheres. O &hellip; Continue reading &rarr;","_links":{"self":[{"href":"https:\/\/blog.ufes.br\/languageeducation\/wp-json\/wp\/v2\/posts\/1164","targetHints":{"allow":["GET"]}}],"collection":[{"href":"https:\/\/blog.ufes.br\/languageeducation\/wp-json\/wp\/v2\/posts"}],"about":[{"href":"https:\/\/blog.ufes.br\/languageeducation\/wp-json\/wp\/v2\/types\/post"}],"author":[{"embeddable":true,"href":"https:\/\/blog.ufes.br\/languageeducation\/wp-json\/wp\/v2\/users\/448"}],"replies":[{"embeddable":true,"href":"https:\/\/blog.ufes.br\/languageeducation\/wp-json\/wp\/v2\/comments?post=1164"}],"version-history":[{"count":4,"href":"https:\/\/blog.ufes.br\/languageeducation\/wp-json\/wp\/v2\/posts\/1164\/revisions"}],"predecessor-version":[{"id":1168,"href":"https:\/\/blog.ufes.br\/languageeducation\/wp-json\/wp\/v2\/posts\/1164\/revisions\/1168"}],"wp:attachment":[{"href":"https:\/\/blog.ufes.br\/languageeducation\/wp-json\/wp\/v2\/media?parent=1164"}],"wp:term":[{"taxonomy":"category","embeddable":true,"href":"https:\/\/blog.ufes.br\/languageeducation\/wp-json\/wp\/v2\/categories?post=1164"},{"taxonomy":"post_tag","embeddable":true,"href":"https:\/\/blog.ufes.br\/languageeducation\/wp-json\/wp\/v2\/tags?post=1164"}],"curies":[{"name":"wp","href":"https:\/\/api.w.org\/{rel}","templated":true}]}}