{"id":1174,"date":"2026-08-31T15:16:13","date_gmt":"2026-08-31T18:16:13","guid":{"rendered":"https:\/\/blog.ufes.br\/languageeducation\/?p=1174"},"modified":"2026-08-31T15:17:19","modified_gmt":"2026-08-31T18:17:19","slug":"efl-students-and-their-need-for-intercultural-textbooks","status":"publish","type":"post","link":"https:\/\/blog.ufes.br\/languageeducation\/efl-students-and-their-need-for-intercultural-textbooks\/","title":{"rendered":"EFL Students and Their Need for Intercultural Textbooks"},"content":{"rendered":"\t\t<div data-elementor-type=\"wp-post\" data-elementor-id=\"1174\" class=\"elementor elementor-1174\">\n\t\t\t\t\t\t<section class=\"elementor-section elementor-top-section elementor-element elementor-element-5d21745a elementor-section-boxed elementor-section-height-default elementor-section-height-default\" data-id=\"5d21745a\" data-element_type=\"section\" data-e-type=\"section\">\n\t\t\t\t\t\t<div class=\"elementor-container elementor-column-gap-default\">\n\t\t\t\t\t<div class=\"elementor-column elementor-col-100 elementor-top-column elementor-element elementor-element-63d2df27\" data-id=\"63d2df27\" data-element_type=\"column\" data-e-type=\"column\">\n\t\t\t<div class=\"elementor-widget-wrap elementor-element-populated\">\n\t\t\t\t\t\t<div class=\"elementor-element elementor-element-f99be7f elementor-widget elementor-widget-text-editor\" data-id=\"f99be7f\" data-element_type=\"widget\" data-e-type=\"widget\" data-widget_type=\"text-editor.default\">\n\t\t\t\t<div class=\"elementor-widget-container\">\n\t\t\t\t\t\t\t\t\t\n<p class=\"wp-block-gallery-2 is-layout-flex wp-block-gallery-is-layout-flex\">Ana Livia Carvalho Costa<\/p>\n<figure class=\"wp-block-gallery has-nested-images columns-default is-cropped\"><\/figure>\n\t\t\t\t\t\t\t\t<\/div>\n\t\t\t\t<\/div>\n\t\t\t\t\t<\/div>\n\t\t<\/div>\n\t\t\t\t\t<\/div>\n\t\t<\/section>\n\t\t\t\t<section class=\"elementor-section elementor-top-section elementor-element elementor-element-e7c23f0 elementor-section-boxed elementor-section-height-default elementor-section-height-default\" data-id=\"e7c23f0\" data-element_type=\"section\" data-e-type=\"section\">\n\t\t\t\t\t\t<div class=\"elementor-container elementor-column-gap-default\">\n\t\t\t\t\t<div class=\"elementor-column elementor-col-100 elementor-top-column elementor-element elementor-element-c8ee21e\" data-id=\"c8ee21e\" data-element_type=\"column\" data-e-type=\"column\">\n\t\t\t<div class=\"elementor-widget-wrap elementor-element-populated\">\n\t\t\t\t\t\t<div class=\"elementor-element elementor-element-6c60bf4 elementor-widget elementor-widget-text-editor\" data-id=\"6c60bf4\" data-element_type=\"widget\" data-e-type=\"widget\" data-widget_type=\"text-editor.default\">\n\t\t\t\t<div class=\"elementor-widget-container\">\n\t\t\t\t\t\t\t\t\t<p>Hi, there!<\/p>\n<p>Em <strong>\u201cEFL Students and Their Need for Intercultural Textbooks\u201d<\/strong>, <strong>Ana Livia Carvalho Costa<\/strong> discute a import\u00e2ncia de materiais did\u00e1ticos que representem diferentes culturas e realidades no ensino de ingl\u00eas como l\u00edngua estrangeira.<\/p>\n<p>O ensaio aborda como muitos livros de EFL ainda apresentam uma vis\u00e3o limitada da l\u00edngua inglesa, frequentemente associando-a principalmente aos Estados Unidos e ao Reino Unido. A autora mostra como essa representa\u00e7\u00e3o pode criar uma sensa\u00e7\u00e3o de dist\u00e2ncia entre os estudantes e o idioma, al\u00e9m de contribuir para o apagamento de seus pr\u00f3prios contextos culturais. Afinal, aprender uma nova l\u00edngua n\u00e3o precisa significar deixar de lado quem somos, mas pode ser uma oportunidade de ampliar nossas formas de nos comunicar e nos conectar com pessoas de diferentes lugares.<\/p>\n<p><em>Ensaio desenvolvido na disciplina DLE13926 \u2013 Pr\u00e1xis Curricular: Escrita Acad\u00eamica.<\/em><\/p>\t\t\t\t\t\t\t\t<\/div>\n\t\t\t\t<\/div>\n\t\t\t\t\t<\/div>\n\t\t<\/div>\n\t\t\t\t\t<\/div>\n\t\t<\/section>\n\t\t\t\t<section class=\"elementor-section elementor-top-section elementor-element elementor-element-016fafb elementor-section-boxed elementor-section-height-default elementor-section-height-default\" data-id=\"016fafb\" data-element_type=\"section\" data-e-type=\"section\">\n\t\t\t\t\t\t<div class=\"elementor-container elementor-column-gap-default\">\n\t\t\t\t\t<div class=\"elementor-column elementor-col-100 elementor-top-column elementor-element elementor-element-f6690b4\" data-id=\"f6690b4\" data-element_type=\"column\" data-e-type=\"column\">\n\t\t\t<div class=\"elementor-widget-wrap elementor-element-populated\">\n\t\t\t\t\t\t<div class=\"elementor-element elementor-element-5783858 elementor-align-center elementor-widget elementor-widget-button\" data-id=\"5783858\" data-element_type=\"widget\" data-e-type=\"widget\" data-widget_type=\"button.default\">\n\t\t\t\t<div class=\"elementor-widget-container\">\n\t\t\t\t\t\t\t\t\t<div class=\"elementor-button-wrapper\">\n\t\t\t\t\t<a class=\"elementor-button elementor-button-link elementor-size-sm\" href=\"https:\/\/drive.google.com\/file\/d\/1nJWd7mzc3W5Egt48eJ2WQRFMq6J8whjb\/view?usp=sharing\">\n\t\t\t\t\t\t<span class=\"elementor-button-content-wrapper\">\n\t\t\t\t\t\t\t\t\t<span class=\"elementor-button-text\">EFL Students and Their Need for Intercultural Textbooks<\/span>\n\t\t\t\t\t<\/span>\n\t\t\t\t\t<\/a>\n\t\t\t\t<\/div>\n\t\t\t\t\t\t\t\t<\/div>\n\t\t\t\t<\/div>\n\t\t\t\t\t<\/div>\n\t\t<\/div>\n\t\t\t\t\t<\/div>\n\t\t<\/section>\n\t\t\t\t<\/div>\n\t\t","protected":false},"excerpt":{"rendered":"<p>Hi, there! Em \u201cEFL Students and Their Need for Intercultural Textbooks\u201d, Ana Livia Carvalho Costa discute a import\u00e2ncia de materiais did\u00e1ticos que representem diferentes culturas e realidades no ensino de ingl\u00eas como l\u00edngua estrangeira. O ensaio aborda como muitos livros &hellip; <a href=\"https:\/\/blog.ufes.br\/languageeducation\/efl-students-and-their-need-for-intercultural-textbooks\/\">Continue lendo <span class=\"meta-nav\">&rarr;<\/span><\/a><\/p>\n","protected":false},"author":448,"featured_media":0,"comment_status":"open","ping_status":"open","sticky":false,"template":"","format":"gallery","meta":{"_bbp_topic_count":0,"_bbp_reply_count":0,"_bbp_total_topic_count":0,"_bbp_total_reply_count":0,"_bbp_voice_count":0,"_bbp_anonymous_reply_count":0,"_bbp_topic_count_hidden":0,"_bbp_reply_count_hidden":0,"_bbp_forum_subforum_count":0,"_uag_custom_page_level_css":"","footnotes":""},"categories":[1],"tags":[],"class_list":["post-1174","post","type-post","status-publish","format-gallery","hentry","category-sem-categoria","post_format-post-format-gallery"],"uagb_featured_image_src":{"full":false,"thumbnail":false,"medium":false,"medium_large":false,"large":false,"1536x1536":false,"2048x2048":false,"post-thumbnail":false,"large-feature":false,"small-feature":false},"uagb_author_info":{"display_name":"Marianna Cardoso Reis Merlo","author_link":"https:\/\/blog.ufes.br\/languageeducation\/author\/marianna-cardoso-reis-merlo\/"},"uagb_comment_info":0,"uagb_excerpt":"Hi, there! Em \u201cEFL Students and Their Need for Intercultural Textbooks\u201d, Ana Livia Carvalho Costa discute a import\u00e2ncia de materiais did\u00e1ticos que representem diferentes culturas e realidades no ensino de ingl\u00eas como l\u00edngua estrangeira. O ensaio aborda como muitos livros &hellip; Continue lendo &rarr;","_links":{"self":[{"href":"https:\/\/blog.ufes.br\/languageeducation\/wp-json\/wp\/v2\/posts\/1174","targetHints":{"allow":["GET"]}}],"collection":[{"href":"https:\/\/blog.ufes.br\/languageeducation\/wp-json\/wp\/v2\/posts"}],"about":[{"href":"https:\/\/blog.ufes.br\/languageeducation\/wp-json\/wp\/v2\/types\/post"}],"author":[{"embeddable":true,"href":"https:\/\/blog.ufes.br\/languageeducation\/wp-json\/wp\/v2\/users\/448"}],"replies":[{"embeddable":true,"href":"https:\/\/blog.ufes.br\/languageeducation\/wp-json\/wp\/v2\/comments?post=1174"}],"version-history":[{"count":7,"href":"https:\/\/blog.ufes.br\/languageeducation\/wp-json\/wp\/v2\/posts\/1174\/revisions"}],"predecessor-version":[{"id":1181,"href":"https:\/\/blog.ufes.br\/languageeducation\/wp-json\/wp\/v2\/posts\/1174\/revisions\/1181"}],"wp:attachment":[{"href":"https:\/\/blog.ufes.br\/languageeducation\/wp-json\/wp\/v2\/media?parent=1174"}],"wp:term":[{"taxonomy":"category","embeddable":true,"href":"https:\/\/blog.ufes.br\/languageeducation\/wp-json\/wp\/v2\/categories?post=1174"},{"taxonomy":"post_tag","embeddable":true,"href":"https:\/\/blog.ufes.br\/languageeducation\/wp-json\/wp\/v2\/tags?post=1174"}],"curies":[{"name":"wp","href":"https:\/\/api.w.org\/{rel}","templated":true}]}}