{"id":1182,"date":"2026-08-31T15:22:33","date_gmt":"2026-08-31T18:22:33","guid":{"rendered":"https:\/\/blog.ufes.br\/languageeducation\/?p=1182"},"modified":"2026-08-31T15:25:44","modified_gmt":"2026-08-31T18:25:44","slug":"fanfiction-as-a-literacy-practice","status":"publish","type":"post","link":"https:\/\/blog.ufes.br\/languageeducation\/fanfiction-as-a-literacy-practice\/","title":{"rendered":"Fanfiction as a Literacy Practice"},"content":{"rendered":"\t\t<div data-elementor-type=\"wp-post\" data-elementor-id=\"1182\" class=\"elementor elementor-1182\">\n\t\t\t\t\t\t<section class=\"elementor-section elementor-top-section elementor-element elementor-element-7a1592ce elementor-section-boxed elementor-section-height-default elementor-section-height-default\" data-id=\"7a1592ce\" data-element_type=\"section\" data-e-type=\"section\">\n\t\t\t\t\t\t<div class=\"elementor-container elementor-column-gap-default\">\n\t\t\t\t\t<div class=\"elementor-column elementor-col-100 elementor-top-column elementor-element elementor-element-2488e658\" data-id=\"2488e658\" data-element_type=\"column\" data-e-type=\"column\">\n\t\t\t<div class=\"elementor-widget-wrap elementor-element-populated\">\n\t\t\t\t\t\t<div class=\"elementor-element elementor-element-3c8085d0 elementor-widget elementor-widget-text-editor\" data-id=\"3c8085d0\" data-element_type=\"widget\" data-e-type=\"widget\" data-widget_type=\"text-editor.default\">\n\t\t\t\t<div class=\"elementor-widget-container\">\n\t\t\t\t\t\t\t\t\t\n<p class=\"wp-block-gallery-2 is-layout-flex wp-block-gallery-is-layout-flex\"><strong>Amanda Santiago Moreira<\/strong><\/p>\n<figure class=\"wp-block-gallery has-nested-images columns-default is-cropped\"><\/figure>\n\t\t\t\t\t\t\t\t<\/div>\n\t\t\t\t<\/div>\n\t\t\t\t\t<\/div>\n\t\t<\/div>\n\t\t\t\t\t<\/div>\n\t\t<\/section>\n\t\t\t\t<section class=\"elementor-section elementor-top-section elementor-element elementor-element-a450805 elementor-section-boxed elementor-section-height-default elementor-section-height-default\" data-id=\"a450805\" data-element_type=\"section\" data-e-type=\"section\">\n\t\t\t\t\t\t<div class=\"elementor-container elementor-column-gap-default\">\n\t\t\t\t\t<div class=\"elementor-column elementor-col-100 elementor-top-column elementor-element elementor-element-7236c42\" data-id=\"7236c42\" data-element_type=\"column\" data-e-type=\"column\">\n\t\t\t<div class=\"elementor-widget-wrap elementor-element-populated\">\n\t\t\t\t\t\t<div class=\"elementor-element elementor-element-9a3ff68 elementor-widget elementor-widget-text-editor\" data-id=\"9a3ff68\" data-element_type=\"widget\" data-e-type=\"widget\" data-widget_type=\"text-editor.default\">\n\t\t\t\t<div class=\"elementor-widget-container\">\n\t\t\t\t\t\t\t\t\t<p>Hi, there!<\/p>\n<p><strong>Amanda Moreira, <\/strong>em seu ensaio \u201cFanfiction as a Literacy Practice\u201d,\u00a0discute como a produ\u00e7\u00e3o de fanfictions pode ser uma forma criativa e significativa de desenvolver pr\u00e1ticas de letramento dentro e fora do ambiente escolar.<\/p>\n<p>O ensaio aborda como escrever e ler esses tipo de texto pode contribuir para o desenvolvimento da escrita, criatividade, pensamento cr\u00edtico e capacidade de an\u00e1lise, al\u00e9m de proporcionar oportunidades de intera\u00e7\u00e3o social e explora\u00e7\u00e3o de diferentes g\u00eaneros, perspectivas e contextos. A autora tamb\u00e9m destaca como esse processo envolve pesquisa, organiza\u00e7\u00e3o de ideias e constru\u00e7\u00e3o de significados.<\/p>\n<p>O texto mostra como atividades realizadas espontaneamente por estudantes na internet podem dialogar com pr\u00e1ticas de leitura e escrita desenvolvidas em sala de aula.\u00a0<\/p>\n<p><em>Ensaio desenvolvido na disciplina DLE13926 \u2013 Pr\u00e1xis Curricular: Escrita Acad\u00eamica.<\/em><\/p>\t\t\t\t\t\t\t\t<\/div>\n\t\t\t\t<\/div>\n\t\t\t\t\t<\/div>\n\t\t<\/div>\n\t\t\t\t\t<\/div>\n\t\t<\/section>\n\t\t\t\t<section class=\"elementor-section elementor-top-section elementor-element elementor-element-ce38ea3 elementor-section-boxed elementor-section-height-default elementor-section-height-default\" data-id=\"ce38ea3\" data-element_type=\"section\" data-e-type=\"section\">\n\t\t\t\t\t\t<div class=\"elementor-container elementor-column-gap-default\">\n\t\t\t\t\t<div class=\"elementor-column elementor-col-100 elementor-top-column elementor-element elementor-element-26a031e\" data-id=\"26a031e\" data-element_type=\"column\" data-e-type=\"column\">\n\t\t\t<div class=\"elementor-widget-wrap elementor-element-populated\">\n\t\t\t\t\t\t<div class=\"elementor-element elementor-element-411e070 elementor-align-center elementor-widget elementor-widget-button\" data-id=\"411e070\" data-element_type=\"widget\" data-e-type=\"widget\" data-widget_type=\"button.default\">\n\t\t\t\t<div class=\"elementor-widget-container\">\n\t\t\t\t\t\t\t\t\t<div class=\"elementor-button-wrapper\">\n\t\t\t\t\t<a class=\"elementor-button elementor-button-link elementor-size-sm\" href=\"https:\/\/drive.google.com\/file\/d\/17USZxC7K_-teoRz3g2FhB0SEFwbvlN0p\/view?usp=sharing\">\n\t\t\t\t\t\t<span class=\"elementor-button-content-wrapper\">\n\t\t\t\t\t\t\t\t\t<span class=\"elementor-button-text\">Fanfiction as a Literacy Practice<\/span>\n\t\t\t\t\t<\/span>\n\t\t\t\t\t<\/a>\n\t\t\t\t<\/div>\n\t\t\t\t\t\t\t\t<\/div>\n\t\t\t\t<\/div>\n\t\t\t\t\t<\/div>\n\t\t<\/div>\n\t\t\t\t\t<\/div>\n\t\t<\/section>\n\t\t\t\t<\/div>\n\t\t","protected":false},"excerpt":{"rendered":"<p>Hi, there! Amanda Moreira, em seu ensaio \u201cFanfiction as a Literacy Practice\u201d,\u00a0discute como a produ\u00e7\u00e3o de fanfictions pode ser uma forma criativa e significativa de desenvolver pr\u00e1ticas de letramento dentro e fora do ambiente escolar. O ensaio aborda como escrever &hellip; <a href=\"https:\/\/blog.ufes.br\/languageeducation\/fanfiction-as-a-literacy-practice\/\">Continue lendo <span class=\"meta-nav\">&rarr;<\/span><\/a><\/p>\n","protected":false},"author":448,"featured_media":0,"comment_status":"open","ping_status":"open","sticky":false,"template":"","format":"gallery","meta":{"_bbp_topic_count":0,"_bbp_reply_count":0,"_bbp_total_topic_count":0,"_bbp_total_reply_count":0,"_bbp_voice_count":0,"_bbp_anonymous_reply_count":0,"_bbp_topic_count_hidden":0,"_bbp_reply_count_hidden":0,"_bbp_forum_subforum_count":0,"_uag_custom_page_level_css":"","footnotes":""},"categories":[1],"tags":[],"class_list":["post-1182","post","type-post","status-publish","format-gallery","hentry","category-sem-categoria","post_format-post-format-gallery"],"uagb_featured_image_src":{"full":false,"thumbnail":false,"medium":false,"medium_large":false,"large":false,"1536x1536":false,"2048x2048":false,"post-thumbnail":false,"large-feature":false,"small-feature":false},"uagb_author_info":{"display_name":"Marianna Cardoso Reis Merlo","author_link":"https:\/\/blog.ufes.br\/languageeducation\/author\/marianna-cardoso-reis-merlo\/"},"uagb_comment_info":0,"uagb_excerpt":"Hi, there! Amanda Moreira, em seu ensaio \u201cFanfiction as a Literacy Practice\u201d,\u00a0discute como a produ\u00e7\u00e3o de fanfictions pode ser uma forma criativa e significativa de desenvolver pr\u00e1ticas de letramento dentro e fora do ambiente escolar. O ensaio aborda como escrever &hellip; Continue lendo &rarr;","_links":{"self":[{"href":"https:\/\/blog.ufes.br\/languageeducation\/wp-json\/wp\/v2\/posts\/1182","targetHints":{"allow":["GET"]}}],"collection":[{"href":"https:\/\/blog.ufes.br\/languageeducation\/wp-json\/wp\/v2\/posts"}],"about":[{"href":"https:\/\/blog.ufes.br\/languageeducation\/wp-json\/wp\/v2\/types\/post"}],"author":[{"embeddable":true,"href":"https:\/\/blog.ufes.br\/languageeducation\/wp-json\/wp\/v2\/users\/448"}],"replies":[{"embeddable":true,"href":"https:\/\/blog.ufes.br\/languageeducation\/wp-json\/wp\/v2\/comments?post=1182"}],"version-history":[{"count":4,"href":"https:\/\/blog.ufes.br\/languageeducation\/wp-json\/wp\/v2\/posts\/1182\/revisions"}],"predecessor-version":[{"id":1186,"href":"https:\/\/blog.ufes.br\/languageeducation\/wp-json\/wp\/v2\/posts\/1182\/revisions\/1186"}],"wp:attachment":[{"href":"https:\/\/blog.ufes.br\/languageeducation\/wp-json\/wp\/v2\/media?parent=1182"}],"wp:term":[{"taxonomy":"category","embeddable":true,"href":"https:\/\/blog.ufes.br\/languageeducation\/wp-json\/wp\/v2\/categories?post=1182"},{"taxonomy":"post_tag","embeddable":true,"href":"https:\/\/blog.ufes.br\/languageeducation\/wp-json\/wp\/v2\/tags?post=1182"}],"curies":[{"name":"wp","href":"https:\/\/api.w.org\/{rel}","templated":true}]}}