{"id":1187,"date":"2026-08-31T15:47:31","date_gmt":"2026-08-31T18:47:31","guid":{"rendered":"https:\/\/blog.ufes.br\/languageeducation\/?p=1187"},"modified":"2026-08-31T15:48:25","modified_gmt":"2026-08-31T18:48:25","slug":"the-inclusion-of-neurodivergent-students-in-regular-school","status":"publish","type":"post","link":"https:\/\/blog.ufes.br\/languageeducation\/the-inclusion-of-neurodivergent-students-in-regular-school\/","title":{"rendered":"THE INCLUSION OF NEURODIVERGENT STUDENTS IN REGULAR SCHOOL"},"content":{"rendered":"\t\t<div data-elementor-type=\"wp-post\" data-elementor-id=\"1187\" class=\"elementor elementor-1187\">\n\t\t\t\t\t\t<section class=\"elementor-section elementor-top-section elementor-element elementor-element-566979e9 elementor-section-boxed elementor-section-height-default elementor-section-height-default\" data-id=\"566979e9\" data-element_type=\"section\" data-e-type=\"section\">\n\t\t\t\t\t\t<div class=\"elementor-container elementor-column-gap-default\">\n\t\t\t\t\t<div class=\"elementor-column elementor-col-100 elementor-top-column elementor-element elementor-element-511a703a\" data-id=\"511a703a\" data-element_type=\"column\" data-e-type=\"column\">\n\t\t\t<div class=\"elementor-widget-wrap elementor-element-populated\">\n\t\t\t\t\t\t<div class=\"elementor-element elementor-element-6f02fa58 elementor-widget elementor-widget-text-editor\" data-id=\"6f02fa58\" data-element_type=\"widget\" data-e-type=\"widget\" data-widget_type=\"text-editor.default\">\n\t\t\t\t<div class=\"elementor-widget-container\">\n\t\t\t\t\t\t\t\t\t\n<p class=\"wp-block-gallery-2 is-layout-flex wp-block-gallery-is-layout-flex\">Sophia da Penha Marques<\/p>\n<figure class=\"wp-block-gallery has-nested-images columns-default is-cropped\"><\/figure>\n\t\t\t\t\t\t\t\t<\/div>\n\t\t\t\t<\/div>\n\t\t\t\t\t<\/div>\n\t\t<\/div>\n\t\t\t\t\t<\/div>\n\t\t<\/section>\n\t\t\t\t<section class=\"elementor-section elementor-top-section elementor-element elementor-element-283edf9 elementor-section-boxed elementor-section-height-default elementor-section-height-default\" data-id=\"283edf9\" data-element_type=\"section\" data-e-type=\"section\">\n\t\t\t\t\t\t<div class=\"elementor-container elementor-column-gap-default\">\n\t\t\t\t\t<div class=\"elementor-column elementor-col-100 elementor-top-column elementor-element elementor-element-83f3426\" data-id=\"83f3426\" data-element_type=\"column\" data-e-type=\"column\">\n\t\t\t<div class=\"elementor-widget-wrap elementor-element-populated\">\n\t\t\t\t\t\t<div class=\"elementor-element elementor-element-72dd12e elementor-widget elementor-widget-text-editor\" data-id=\"72dd12e\" data-element_type=\"widget\" data-e-type=\"widget\" data-widget_type=\"text-editor.default\">\n\t\t\t\t<div class=\"elementor-widget-container\">\n\t\t\t\t\t\t\t\t\t<p>Hi, there!<\/p>\n<p>Como seria uma escola verdadeiramente inclusiva?<\/p>\n<p>Em <strong>\u201cThe Inclusion of Neurodivergent Students in Regular School\u201d<\/strong>, <strong>Sophia da Penha Marques<\/strong> reflete sobre os desafios enfrentados por estudantes neurodivergentes no ensino regular e discute o que pode ser feito para tornar o ambiente escolar mais acess\u00edvel e acolhedor.<\/p>\n<p>A partir das contribui\u00e7\u00f5es de Armstrong (2013), o ensaio apresenta a neurodiversidade como uma varia\u00e7\u00e3o natural da diversidade humana e destaca a import\u00e2ncia de olhar para as potencialidades dos estudantes, e n\u00e3o apenas para suas dificuldades. Nessa perspectiva, incluir n\u00e3o significa fazer com que todos aprendam da mesma maneira, mas reconhecer e respeitar diferentes necessidades e habilidades.<\/p>\n<p>A autora destaca a import\u00e2ncia de daptar materiais e atividades, oferecer ambientes adequados de aprendizagem, investir na forma\u00e7\u00e3o de professores e fortalecer a comunica\u00e7\u00e3o entre escola e fam\u00edlia. Al\u00e9m disso, ressalta que a inclus\u00e3o envolve toda a comunidade escolar, j\u00e1 que os colegas tamb\u00e9m podem contribuir para um ambiente mais acolhedor por meio do respeito e da empatia. Sophia defende que incluir \u00e9 criar condi\u00e7\u00f5es para que todos se sintam valorizados, apoiados e capazes de desenvolver seu potencial.<\/p>\n<p><em>Ensaio desenvolvido na disciplina DLE13926 \u2013 Pr\u00e1xis Curricular: Escrita Acad\u00eamica.<\/em><\/p>\t\t\t\t\t\t\t\t<\/div>\n\t\t\t\t<\/div>\n\t\t\t\t\t<\/div>\n\t\t<\/div>\n\t\t\t\t\t<\/div>\n\t\t<\/section>\n\t\t\t\t<section class=\"elementor-section elementor-top-section elementor-element elementor-element-b9d6e72 elementor-section-boxed elementor-section-height-default elementor-section-height-default\" data-id=\"b9d6e72\" data-element_type=\"section\" data-e-type=\"section\">\n\t\t\t\t\t\t<div class=\"elementor-container elementor-column-gap-default\">\n\t\t\t\t\t<div class=\"elementor-column elementor-col-100 elementor-top-column elementor-element elementor-element-9a32a5d\" data-id=\"9a32a5d\" data-element_type=\"column\" data-e-type=\"column\">\n\t\t\t<div class=\"elementor-widget-wrap elementor-element-populated\">\n\t\t\t\t\t\t<div class=\"elementor-element elementor-element-f587ac3 elementor-align-center elementor-widget elementor-widget-button\" data-id=\"f587ac3\" data-element_type=\"widget\" data-e-type=\"widget\" data-widget_type=\"button.default\">\n\t\t\t\t<div class=\"elementor-widget-container\">\n\t\t\t\t\t\t\t\t\t<div class=\"elementor-button-wrapper\">\n\t\t\t\t\t<a class=\"elementor-button elementor-button-link elementor-size-sm\" href=\"https:\/\/drive.google.com\/file\/d\/1JQyxk2_3DPsZF-xmKvXR1T4UxgT1EJAp\/view?usp=sharing\">\n\t\t\t\t\t\t<span class=\"elementor-button-content-wrapper\">\n\t\t\t\t\t\t\t\t\t<span class=\"elementor-button-text\">THE INCLUSION OF NEURODIVERGENT STUDENTS IN REGULAR SCHOOL<\/span>\n\t\t\t\t\t<\/span>\n\t\t\t\t\t<\/a>\n\t\t\t\t<\/div>\n\t\t\t\t\t\t\t\t<\/div>\n\t\t\t\t<\/div>\n\t\t\t\t\t<\/div>\n\t\t<\/div>\n\t\t\t\t\t<\/div>\n\t\t<\/section>\n\t\t\t\t<\/div>\n\t\t","protected":false},"excerpt":{"rendered":"<p>Hi, there! Como seria uma escola verdadeiramente inclusiva? Em \u201cThe Inclusion of Neurodivergent Students in Regular School\u201d, Sophia da Penha Marques reflete sobre os desafios enfrentados por estudantes neurodivergentes no ensino regular e discute o que pode ser feito para &hellip; <a href=\"https:\/\/blog.ufes.br\/languageeducation\/the-inclusion-of-neurodivergent-students-in-regular-school\/\">Continue reading <span class=\"meta-nav\">&rarr;<\/span><\/a><\/p>\n","protected":false},"author":448,"featured_media":0,"comment_status":"open","ping_status":"open","sticky":false,"template":"","format":"gallery","meta":{"_bbp_topic_count":0,"_bbp_reply_count":0,"_bbp_total_topic_count":0,"_bbp_total_reply_count":0,"_bbp_voice_count":0,"_bbp_anonymous_reply_count":0,"_bbp_topic_count_hidden":0,"_bbp_reply_count_hidden":0,"_bbp_forum_subforum_count":0,"_uag_custom_page_level_css":"","ngg_post_thumbnail":0,"footnotes":""},"categories":[1],"tags":[],"class_list":["post-1187","post","type-post","status-publish","format-gallery","hentry","category-sem-categoria","post_format-post-format-gallery"],"uagb_featured_image_src":{"full":false,"thumbnail":false,"medium":false,"medium_large":false,"large":false,"1536x1536":false,"2048x2048":false,"post-thumbnail":false,"large-feature":false,"small-feature":false},"uagb_author_info":{"display_name":"Marianna Cardoso Reis Merlo","author_link":"https:\/\/blog.ufes.br\/languageeducation\/author\/marianna-cardoso-reis-merlo\/"},"uagb_comment_info":0,"uagb_excerpt":"Hi, there! Como seria uma escola verdadeiramente inclusiva? Em \u201cThe Inclusion of Neurodivergent Students in Regular School\u201d, Sophia da Penha Marques reflete sobre os desafios enfrentados por estudantes neurodivergentes no ensino regular e discute o que pode ser feito para &hellip; Continue reading &rarr;","_links":{"self":[{"href":"https:\/\/blog.ufes.br\/languageeducation\/wp-json\/wp\/v2\/posts\/1187","targetHints":{"allow":["GET"]}}],"collection":[{"href":"https:\/\/blog.ufes.br\/languageeducation\/wp-json\/wp\/v2\/posts"}],"about":[{"href":"https:\/\/blog.ufes.br\/languageeducation\/wp-json\/wp\/v2\/types\/post"}],"author":[{"embeddable":true,"href":"https:\/\/blog.ufes.br\/languageeducation\/wp-json\/wp\/v2\/users\/448"}],"replies":[{"embeddable":true,"href":"https:\/\/blog.ufes.br\/languageeducation\/wp-json\/wp\/v2\/comments?post=1187"}],"version-history":[{"count":4,"href":"https:\/\/blog.ufes.br\/languageeducation\/wp-json\/wp\/v2\/posts\/1187\/revisions"}],"predecessor-version":[{"id":1191,"href":"https:\/\/blog.ufes.br\/languageeducation\/wp-json\/wp\/v2\/posts\/1187\/revisions\/1191"}],"wp:attachment":[{"href":"https:\/\/blog.ufes.br\/languageeducation\/wp-json\/wp\/v2\/media?parent=1187"}],"wp:term":[{"taxonomy":"category","embeddable":true,"href":"https:\/\/blog.ufes.br\/languageeducation\/wp-json\/wp\/v2\/categories?post=1187"},{"taxonomy":"post_tag","embeddable":true,"href":"https:\/\/blog.ufes.br\/languageeducation\/wp-json\/wp\/v2\/tags?post=1187"}],"curies":[{"name":"wp","href":"https:\/\/api.w.org\/{rel}","templated":true}]}}