{"id":432,"date":"2024-05-07T14:22:10","date_gmt":"2024-05-07T17:22:10","guid":{"rendered":"https:\/\/blog.ufes.br\/languageeducation\/?p=432"},"modified":"2024-05-07T15:00:50","modified_gmt":"2024-05-07T18:00:50","slug":"432-2","status":"publish","type":"post","link":"https:\/\/blog.ufes.br\/languageeducation\/432-2\/","title":{"rendered":"Hello, teachers!"},"content":{"rendered":"\n<div class=\"wp-block-group alignfull has-background\" style=\"background-color:#f2f0e9\"><div class=\"wp-block-group__inner-container is-layout-flow wp-block-group-is-layout-flow\">\n<div class=\"wp-block-group alignwide\"><div class=\"wp-block-group__inner-container is-layout-constrained wp-block-group-is-layout-constrained\">\n<div class=\"wp-block-columns alignwide is-layout-flex wp-container-core-columns-is-layout-9d6595d7 wp-block-columns-is-layout-flex\">\n<div class=\"wp-block-column is-layout-flow wp-block-column-is-layout-flow\">\n<h1 class=\"wp-block-heading\">Confec\u00e7\u00e3o de unidades did\u00e1ticas<\/h1>\n<\/div>\n\n\n\n<div class=\"wp-block-column is-layout-flow wp-block-column-is-layout-flow\"><\/div>\n<\/div>\n\n\n\n<div class=\"wp-block-media-text has-media-on-the-right is-stacked-on-mobile\"><div class=\"wp-block-media-text__content\">\n<p><mark style=\"background-color:#f1f1f1\" class=\"has-inline-color has-black-color\">Durante o curso da disciplina <em>&#8216;An\u00e1lise, elabora\u00e7\u00e3o e adapta\u00e7\u00e3o de materiais did\u00e1ticos&#8217;<\/em>, desenvolvemos unidades did\u00e1ticas e queremos compartilh\u00e1-las com voc\u00ea!<\/mark><\/p>\n<\/div><figure class=\"wp-block-media-text__media\"><img fetchpriority=\"high\" decoding=\"async\" width=\"1024\" height=\"690\" src=\"https:\/\/blog.ufes.br\/languageeducation\/files\/2024\/05\/pexels-vanessa-loring-7869800-1024x690.jpg\" alt=\"\" class=\"wp-image-435 size-full\" srcset=\"https:\/\/blog.ufes.br\/languageeducation\/files\/2024\/05\/pexels-vanessa-loring-7869800-1024x690.jpg 1024w, https:\/\/blog.ufes.br\/languageeducation\/files\/2024\/05\/pexels-vanessa-loring-7869800-300x202.jpg 300w, https:\/\/blog.ufes.br\/languageeducation\/files\/2024\/05\/pexels-vanessa-loring-7869800-150x101.jpg 150w, https:\/\/blog.ufes.br\/languageeducation\/files\/2024\/05\/pexels-vanessa-loring-7869800-768x517.jpg 768w, https:\/\/blog.ufes.br\/languageeducation\/files\/2024\/05\/pexels-vanessa-loring-7869800-1536x1035.jpg 1536w, https:\/\/blog.ufes.br\/languageeducation\/files\/2024\/05\/pexels-vanessa-loring-7869800-2048x1380.jpg 2048w\" sizes=\"(max-width: 1024px) 100vw, 1024px\" \/><\/figure><\/div>\n<\/div><\/div>\n\n\n\n<div class=\"wp-block-columns alignwide is-layout-flex wp-container-core-columns-is-layout-9d6595d7 wp-block-columns-is-layout-flex\">\n<div class=\"wp-block-column is-layout-flow wp-block-column-is-layout-flow\">\n<figure class=\"wp-block-image size-large\"><img decoding=\"async\" width=\"683\" height=\"1024\" src=\"https:\/\/blog.ufes.br\/languageeducation\/files\/2024\/05\/pexels-shkrabaanthony-5306439-1-683x1024.jpg\" alt=\"\" class=\"wp-image-434\" srcset=\"https:\/\/blog.ufes.br\/languageeducation\/files\/2024\/05\/pexels-shkrabaanthony-5306439-1-683x1024.jpg 683w, https:\/\/blog.ufes.br\/languageeducation\/files\/2024\/05\/pexels-shkrabaanthony-5306439-1-200x300.jpg 200w, https:\/\/blog.ufes.br\/languageeducation\/files\/2024\/05\/pexels-shkrabaanthony-5306439-1-100x150.jpg 100w, https:\/\/blog.ufes.br\/languageeducation\/files\/2024\/05\/pexels-shkrabaanthony-5306439-1-768x1152.jpg 768w, https:\/\/blog.ufes.br\/languageeducation\/files\/2024\/05\/pexels-shkrabaanthony-5306439-1-1024x1536.jpg 1024w, https:\/\/blog.ufes.br\/languageeducation\/files\/2024\/05\/pexels-shkrabaanthony-5306439-1-1365x2048.jpg 1365w, https:\/\/blog.ufes.br\/languageeducation\/files\/2024\/05\/pexels-shkrabaanthony-5306439-1-scaled.jpg 1707w\" sizes=\"(max-width: 683px) 100vw, 683px\" \/><\/figure>\n<\/div>\n\n\n\n<div class=\"wp-block-column is-layout-flow wp-block-column-is-layout-flow\">\n<p class=\"has-text-color has-extra-small-font-size\" style=\"color:#000000\">Todas as unidades foram desenvolvidas para serem usadas especificamente no ensino b\u00e1sico p\u00fablico. Algumas unidades cont\u00eam duas vers\u00f5es, a <strong>&#8216;students&#8217; version&#8217;<\/strong> e a <strong>&#8216;teacher&#8217;s version&#8217;<\/strong>. Outras cont\u00eam outros recursos \u00e0 parte, como flashcards. Todo esse material pode ser baixado gratuitamente para ser usado com seus alunos e alunas.<\/p>\n<\/div>\n\n\n\n<div class=\"wp-block-column is-layout-flow wp-block-column-is-layout-flow\">\n<p class=\"has-text-color has-extra-small-font-size\" style=\"color:#000000\">Esperamos que os materiais sejam \u00fateis! Depois de utiliz\u00e1-los, escreva um coment\u00e1rio e nos diga o que achou! <\/p>\n\n\n\n<p class=\"has-text-color has-extra-small-font-size\" style=\"color:#000000\">Caso voc\u00ea tenha gostado, compartilhe este post com outras professoras para que elas possam baixar os materiais tamb\u00e9m. Ah, e fique de olho neste blog, pois novos materiais ser\u00e3o postados em breve \ud83d\ude09<\/p>\n<\/div>\n<\/div>\n\n\n\n<hr class=\"wp-block-separator has-alpha-channel-opacity\" \/>\n\n\n\n<h2 class=\"wp-block-heading has-text-align-center\"><strong>Ensino Fundamental 1<\/strong><\/h2>\n\n\n\n<h5 class=\"wp-block-heading\">Clique nos bot\u00f5es abaixo para baixar as unidades did\u00e1ticas.<\/h5>\n\n\n\n<div class=\"wp-block-buttons is-content-justification-center is-layout-flex wp-container-core-buttons-is-layout-16018d1d wp-block-buttons-is-layout-flex\">\n<div class=\"wp-block-button has-custom-width wp-block-button__width-100 is-style-outline is-style-outline--1\"><a class=\"wp-block-button__link wp-element-button\" href=\"https:\/\/drive.google.com\/file\/d\/1RSOpih1LuiNeIPW80AGarm-viHCZt1Xt\/view?usp=sharing\" target=\"_blank\" rel=\"noreferrer noopener\"><mark style=\"background-color:#f1f1f1\" class=\"has-inline-color has-black-color\"><strong>School and me &#8211; Flashcards<\/strong><\/mark><\/a><\/div>\n\n\n\n<div class=\"wp-block-button has-custom-width wp-block-button__width-100 is-style-outline is-style-outline--2\"><a class=\"wp-block-button__link wp-element-button\" href=\"https:\/\/drive.google.com\/file\/d\/1UWbpntWYJrJxanMykxhKifD7FBoQTxHJ\/view?usp=share_link\" target=\"_blank\" rel=\"noreferrer noopener\"><mark style=\"background-color:#f1f1f1\" class=\"has-inline-color has-black-color\"><strong>School and me &#8211; Students&#8217; version<\/strong><\/mark><\/a><\/div>\n\n\n\n<div class=\"wp-block-button has-custom-width wp-block-button__width-100 is-style-outline is-style-outline--3\"><a class=\"wp-block-button__link wp-element-button\" href=\"https:\/\/drive.google.com\/file\/d\/18s2cEciETGu7qmoeqh0Ygw9Q4cjprSI_\/view?usp=share_link\" target=\"_blank\" rel=\"noreferrer noopener\"><mark style=\"background-color:#f1f1f1\" class=\"has-inline-color has-black-color\"><strong>School and me &#8211; Teachers&#8217; version<\/strong><\/mark><\/a><\/div>\n<\/div>\n\n\n\n<div style=\"height:25px\" aria-hidden=\"true\" class=\"wp-block-spacer\"><\/div>\n\n\n\n<h2 class=\"wp-block-heading has-text-align-center\"><strong>Ensino fundamental 2<\/strong><\/h2>\n\n\n\n<div class=\"wp-block-buttons is-content-justification-center is-layout-flex wp-container-core-buttons-is-layout-16018d1d wp-block-buttons-is-layout-flex\">\n<div class=\"wp-block-button has-custom-width wp-block-button__width-100 is-style-outline is-style-outline--4\"><a class=\"wp-block-button__link wp-element-button\" href=\"https:\/\/drive.google.com\/file\/d\/1rl2EXjgpPFnuq-MSWsn6b787c2pEKiuM\/view?usp=share_link\" target=\"_blank\" rel=\"noreferrer noopener\"><mark style=\"background-color:#f1f1f1\" class=\"has-inline-color has-black-color\"><strong>Our neighborhood &#8211; students&#8217; version<\/strong><\/mark><\/a><\/div>\n\n\n\n<div class=\"wp-block-button has-custom-width wp-block-button__width-100 is-style-outline is-style-outline--5\"><a class=\"wp-block-button__link wp-element-button\" href=\"https:\/\/drive.google.com\/file\/d\/1bRTyqwAVMYoaAWWlwh2s5D7-XpUnhWwq\/view?usp=sharing\" target=\"_blank\" rel=\"noreferrer noopener\"><mark style=\"background-color:#f1f1f1\" class=\"has-inline-color has-black-color\"><strong>Our neighborhood &#8211; teachers&#8217; version<\/strong><\/mark><\/a><\/div>\n\n\n\n<div class=\"wp-block-button has-custom-width wp-block-button__width-100 is-style-outline is-style-outline--6\"><a class=\"wp-block-button__link wp-element-button\" href=\"https:\/\/drive.google.com\/file\/d\/1Mx5qVaiECnUGwIPj6Ke1_6R8aOyVLuAj\/view?usp=sharing\" target=\"_blank\" rel=\"noreferrer noopener\"><mark style=\"background-color:#f1f1f1\" class=\"has-inline-color has-black-color\"><strong>On vacation &#8211; students&#8217; version<\/strong><\/mark><\/a><\/div>\n\n\n\n<div class=\"wp-block-button has-custom-width wp-block-button__width-100 is-style-outline is-style-outline--7\"><a class=\"wp-block-button__link wp-element-button\" href=\"https:\/\/drive.google.com\/file\/d\/1gRI65u7eZR4Du1PcaQXlr2Y5-eMls2Un\/view?usp=sharing\" target=\"_blank\" rel=\"noreferrer noopener\"><mark style=\"background-color:#f1f1f1\" class=\"has-inline-color has-black-color\"><strong>On vacation &#8211; teachers&#8217; version<\/strong><\/mark><\/a><\/div>\n\n\n\n<div class=\"wp-block-button has-custom-width wp-block-button__width-100 is-style-outline is-style-outline--8\"><a class=\"wp-block-button__link wp-element-button\" href=\"https:\/\/drive.google.com\/file\/d\/15RC23tkuOZ1hw0g2Y1t9eOLuXA8U95Ls\/view?usp=sharing\" target=\"_blank\" rel=\"noreferrer noopener\"><mark style=\"background-color:#f1f1f1\" class=\"has-inline-color has-black-color\"><strong>All of our families &#8211; students&#8217; version<\/strong><\/mark><\/a><\/div>\n\n\n\n<div class=\"wp-block-button has-custom-width wp-block-button__width-100 is-style-outline is-style-outline--9\"><a class=\"wp-block-button__link wp-element-button\" href=\"https:\/\/drive.google.com\/file\/d\/1miKs8_l82BcXBjNldk7kq7B9tENLNtTU\/view?usp=sharing\" target=\"_blank\" rel=\"noreferrer noopener\"><strong><mark style=\"background-color:#f1f1f1\" class=\"has-inline-color has-black-color\">All of our families &#8211; teachers&#8217; version<\/mark><\/strong><\/a><\/div>\n<\/div>\n<\/div><\/div>\n\n\n\n<hr class=\"wp-block-separator has-alpha-channel-opacity\" \/>\n\n\n\n<p><mark style=\"background-color:#fff\" class=\"has-inline-color has-black-color\">Este trabalho foi feito pelos integrantes do projeto &#8216;Educa\u00e7\u00e3o lingu\u00edstica: compartilhando saberes e pr\u00e1ticas&#8217; (PROEX n\u00ba3666).<\/mark><\/p>\n","protected":false},"excerpt":{"rendered":"<p>Confec\u00e7\u00e3o de unidades did\u00e1ticas Durante o curso da disciplina &#8216;An\u00e1lise, elabora\u00e7\u00e3o e adapta\u00e7\u00e3o de materiais did\u00e1ticos&#8217;, desenvolvemos unidades did\u00e1ticas e queremos compartilh\u00e1-las com voc\u00ea! Todas as unidades foram desenvolvidas para serem usadas especificamente no ensino b\u00e1sico p\u00fablico. Algumas unidades cont\u00eam &hellip; <a href=\"https:\/\/blog.ufes.br\/languageeducation\/432-2\/\">Continue lendo <span class=\"meta-nav\">&rarr;<\/span><\/a><\/p>\n","protected":false},"author":448,"featured_media":0,"comment_status":"open","ping_status":"open","sticky":false,"template":"","format":"gallery","meta":{"_bbp_topic_count":0,"_bbp_reply_count":0,"_bbp_total_topic_count":0,"_bbp_total_reply_count":0,"_bbp_voice_count":0,"_bbp_anonymous_reply_count":0,"_bbp_topic_count_hidden":0,"_bbp_reply_count_hidden":0,"_bbp_forum_subforum_count":0,"_uag_custom_page_level_css":"","footnotes":""},"categories":[7,6,4],"tags":[13],"class_list":["post-432","post","type-post","status-publish","format-gallery","hentry","category-for-students","category-for-teachers","category-materiais-didaticos","tag-materiais-didaticos","post_format-post-format-gallery"],"uagb_featured_image_src":{"full":false,"thumbnail":false,"medium":false,"medium_large":false,"large":false,"1536x1536":false,"2048x2048":false,"post-thumbnail":false,"large-feature":false,"small-feature":false},"uagb_author_info":{"display_name":"Marianna Cardoso Reis Merlo","author_link":"https:\/\/blog.ufes.br\/languageeducation\/author\/marianna_cardoso-reis-merlo\/"},"uagb_comment_info":0,"uagb_excerpt":"Confec\u00e7\u00e3o de unidades did\u00e1ticas Durante o curso da disciplina &#8216;An\u00e1lise, elabora\u00e7\u00e3o e adapta\u00e7\u00e3o de materiais did\u00e1ticos&#8217;, desenvolvemos unidades did\u00e1ticas e queremos compartilh\u00e1-las com voc\u00ea! Todas as unidades foram desenvolvidas para serem usadas especificamente no ensino b\u00e1sico p\u00fablico. Algumas unidades cont\u00eam &hellip; Continue lendo &rarr;","_links":{"self":[{"href":"https:\/\/blog.ufes.br\/languageeducation\/wp-json\/wp\/v2\/posts\/432","targetHints":{"allow":["GET"]}}],"collection":[{"href":"https:\/\/blog.ufes.br\/languageeducation\/wp-json\/wp\/v2\/posts"}],"about":[{"href":"https:\/\/blog.ufes.br\/languageeducation\/wp-json\/wp\/v2\/types\/post"}],"author":[{"embeddable":true,"href":"https:\/\/blog.ufes.br\/languageeducation\/wp-json\/wp\/v2\/users\/448"}],"replies":[{"embeddable":true,"href":"https:\/\/blog.ufes.br\/languageeducation\/wp-json\/wp\/v2\/comments?post=432"}],"version-history":[{"count":7,"href":"https:\/\/blog.ufes.br\/languageeducation\/wp-json\/wp\/v2\/posts\/432\/revisions"}],"predecessor-version":[{"id":448,"href":"https:\/\/blog.ufes.br\/languageeducation\/wp-json\/wp\/v2\/posts\/432\/revisions\/448"}],"wp:attachment":[{"href":"https:\/\/blog.ufes.br\/languageeducation\/wp-json\/wp\/v2\/media?parent=432"}],"wp:term":[{"taxonomy":"category","embeddable":true,"href":"https:\/\/blog.ufes.br\/languageeducation\/wp-json\/wp\/v2\/categories?post=432"},{"taxonomy":"post_tag","embeddable":true,"href":"https:\/\/blog.ufes.br\/languageeducation\/wp-json\/wp\/v2\/tags?post=432"}],"curies":[{"name":"wp","href":"https:\/\/api.w.org\/{rel}","templated":true}]}}