{"id":942,"date":"2026-04-09T09:24:13","date_gmt":"2026-04-09T12:24:13","guid":{"rendered":"https:\/\/blog.ufes.br\/languageeducation\/?p=942"},"modified":"2026-04-09T09:30:18","modified_gmt":"2026-04-09T12:30:18","slug":"brazilian-culture-through-fantastic-regionalism","status":"publish","type":"post","link":"https:\/\/blog.ufes.br\/languageeducation\/brazilian-culture-through-fantastic-regionalism\/","title":{"rendered":"Brazilian Culture Through Fantastic Regionalism"},"content":{"rendered":"\t\t<div data-elementor-type=\"wp-post\" data-elementor-id=\"942\" class=\"elementor elementor-942\">\n\t\t\t\t\t\t<section class=\"elementor-section elementor-top-section elementor-element elementor-element-17998628 elementor-section-boxed elementor-section-height-default elementor-section-height-default\" data-id=\"17998628\" data-element_type=\"section\" data-e-type=\"section\">\n\t\t\t\t\t\t<div class=\"elementor-container elementor-column-gap-default\">\n\t\t\t\t\t<div class=\"elementor-column elementor-col-100 elementor-top-column elementor-element elementor-element-2112c638\" data-id=\"2112c638\" data-element_type=\"column\" data-e-type=\"column\">\n\t\t\t<div class=\"elementor-widget-wrap elementor-element-populated\">\n\t\t\t\t\t\t<div class=\"elementor-element elementor-element-7ee29eba elementor-widget elementor-widget-text-editor\" data-id=\"7ee29eba\" data-element_type=\"widget\" data-e-type=\"widget\" data-widget_type=\"text-editor.default\">\n\t\t\t\t<div class=\"elementor-widget-container\">\n\t\t\t\t\t\t\t\t\t<p>by Isis Aires Miguel<\/p>\n\n<figure class=\"wp-block-gallery has-nested-images columns-default is-cropped wp-block-gallery-2 is-layout-flex wp-block-gallery-is-layout-flex\"><\/figure>\n\t\t\t\t\t\t\t\t<\/div>\n\t\t\t\t<\/div>\n\t\t\t\t\t<\/div>\n\t\t<\/div>\n\t\t\t\t\t<\/div>\n\t\t<\/section>\n\t\t\t\t<section class=\"elementor-section elementor-top-section elementor-element elementor-element-d54dcfe elementor-section-boxed elementor-section-height-default elementor-section-height-default\" data-id=\"d54dcfe\" data-element_type=\"section\" data-e-type=\"section\">\n\t\t\t\t\t\t<div class=\"elementor-container elementor-column-gap-default\">\n\t\t\t\t\t<div class=\"elementor-column elementor-col-100 elementor-top-column elementor-element elementor-element-4e92901\" data-id=\"4e92901\" data-element_type=\"column\" data-e-type=\"column\">\n\t\t\t<div class=\"elementor-widget-wrap elementor-element-populated\">\n\t\t\t\t\t\t<div class=\"elementor-element elementor-element-dc27d83 elementor-widget elementor-widget-image\" data-id=\"dc27d83\" data-element_type=\"widget\" data-e-type=\"widget\" data-widget_type=\"image.default\">\n\t\t\t\t<div class=\"elementor-widget-container\">\n\t\t\t\t\t\t\t\t\t\t\t\t\t\t\t<img fetchpriority=\"high\" decoding=\"async\" width=\"200\" height=\"300\" src=\"https:\/\/blog.ufes.br\/languageeducation\/files\/2026\/04\/Festa-de-Sao-Joao-mistica-200x300.png\" class=\"attachment-medium size-medium wp-image-944\" alt=\"\" srcset=\"https:\/\/blog.ufes.br\/languageeducation\/files\/2026\/04\/Festa-de-Sao-Joao-mistica-200x300.png 200w, https:\/\/blog.ufes.br\/languageeducation\/files\/2026\/04\/Festa-de-Sao-Joao-mistica-683x1024.png 683w, https:\/\/blog.ufes.br\/languageeducation\/files\/2026\/04\/Festa-de-Sao-Joao-mistica-100x150.png 100w, https:\/\/blog.ufes.br\/languageeducation\/files\/2026\/04\/Festa-de-Sao-Joao-mistica-768x1152.png 768w, https:\/\/blog.ufes.br\/languageeducation\/files\/2026\/04\/Festa-de-Sao-Joao-mistica.png 1024w\" sizes=\"(max-width: 200px) 100vw, 200px\" \/>\t\t\t\t\t\t\t\t\t\t\t\t\t\t\t<\/div>\n\t\t\t\t<\/div>\n\t\t\t\t<div class=\"elementor-element elementor-element-b85bbd2 elementor-widget elementor-widget-text-editor\" data-id=\"b85bbd2\" data-element_type=\"widget\" data-e-type=\"widget\" data-widget_type=\"text-editor.default\">\n\t\t\t\t<div class=\"elementor-widget-container\">\n\t\t\t\t\t\t\t\t\t<p class=\"isSelectedEnd\">Hi, there!<\/p>\n<p class=\"isSelectedEnd\">Voc\u00ea j\u00e1 imaginou um Brasil onde o cotidiano e o sobrenatural caminham lado a lado? Onde festas populares, lendas e cren\u00e7as ganham vida e transformam a realidade?<\/p>\n<p class=\"isSelectedEnd\">O regionalismo fant\u00e1stico, discorrido por<strong> Isis,<\/strong> revela exatamente isso: um pa\u00eds m\u00faltiplo, cheio de hist\u00f3rias, em que o real e o imagin\u00e1rio se misturam para contar quem somos. A partir de cen\u00e1rios como o sert\u00e3o, vilas e comunidades marcadas pela tradi\u00e7\u00e3o oral, surgem narrativas que exploram o m\u00e1gico, o simb\u00f3lico e o humano.<\/p>\n<p class=\"isSelectedEnd\">Mais do que literatura, essa abordagem \u00e9 um convite para enxergar o Brasil profundo \u2014 aquele das festas de S\u00e3o Jo\u00e3o, dos mitos, das mem\u00f3rias e das identidades diversas. Ao unir o regional e o fant\u00e1stico, essas hist\u00f3rias n\u00e3o nos afastam da realidade, mas nos ajudam a question\u00e1-la, reinvent\u00e1-la e compreend\u00ea-la melhor.<\/p>\n<p><em style=\"font-family: Poppins, sans-serif;font-size: 16px;font-weight: 300;text-align: justify\">O ensaio foi escrito em ingl\u00eas como parte das atividades propostas pela profa. Marianna Merlo na disciplina \u2018Pr\u00e1xis curricular: Escrita Acad\u00eamica\u2019.<\/em><\/p>\t\t\t\t\t\t\t\t<\/div>\n\t\t\t\t<\/div>\n\t\t\t\t<div class=\"elementor-element elementor-element-9203642 elementor-align-center elementor-widget elementor-widget-button\" data-id=\"9203642\" data-element_type=\"widget\" data-e-type=\"widget\" data-widget_type=\"button.default\">\n\t\t\t\t<div class=\"elementor-widget-container\">\n\t\t\t\t\t\t\t\t\t<div class=\"elementor-button-wrapper\">\n\t\t\t\t\t<a class=\"elementor-button elementor-button-link elementor-size-sm\" href=\"https:\/\/drive.google.com\/file\/d\/1AFRxqmKPRbfNNU6VP3bT-YeOvCpIieZ0\/view?usp=sharing\">\n\t\t\t\t\t\t<span class=\"elementor-button-content-wrapper\">\n\t\t\t\t\t\t\t\t\t<span class=\"elementor-button-text\">Brazilian culture through fantastic regionalism<\/span>\n\t\t\t\t\t<\/span>\n\t\t\t\t\t<\/a>\n\t\t\t\t<\/div>\n\t\t\t\t\t\t\t\t<\/div>\n\t\t\t\t<\/div>\n\t\t\t\t\t<\/div>\n\t\t<\/div>\n\t\t\t\t\t<\/div>\n\t\t<\/section>\n\t\t\t\t<\/div>\n\t\t","protected":false},"excerpt":{"rendered":"<p>by Isis Aires Miguel Hi, there! Voc\u00ea j\u00e1 imaginou um Brasil onde o cotidiano e o sobrenatural caminham lado a lado? Onde festas populares, lendas e cren\u00e7as ganham vida e transformam a realidade? O regionalismo fant\u00e1stico, discorrido por Isis, revela &hellip; <a href=\"https:\/\/blog.ufes.br\/languageeducation\/brazilian-culture-through-fantastic-regionalism\/\">Continue lendo <span class=\"meta-nav\">&rarr;<\/span><\/a><\/p>\n","protected":false},"author":448,"featured_media":0,"comment_status":"open","ping_status":"open","sticky":false,"template":"","format":"gallery","meta":{"_bbp_topic_count":0,"_bbp_reply_count":0,"_bbp_total_topic_count":0,"_bbp_total_reply_count":0,"_bbp_voice_count":0,"_bbp_anonymous_reply_count":0,"_bbp_topic_count_hidden":0,"_bbp_reply_count_hidden":0,"_bbp_forum_subforum_count":0,"_uag_custom_page_level_css":"","footnotes":""},"categories":[1],"tags":[],"class_list":["post-942","post","type-post","status-publish","format-gallery","hentry","category-sem-categoria","post_format-post-format-gallery"],"uagb_featured_image_src":{"full":false,"thumbnail":false,"medium":false,"medium_large":false,"large":false,"1536x1536":false,"2048x2048":false,"post-thumbnail":false,"large-feature":false,"small-feature":false},"uagb_author_info":{"display_name":"Marianna Cardoso Reis Merlo","author_link":"https:\/\/blog.ufes.br\/languageeducation\/author\/marianna_cardoso-reis-merlo\/"},"uagb_comment_info":0,"uagb_excerpt":"by Isis Aires Miguel Hi, there! Voc\u00ea j\u00e1 imaginou um Brasil onde o cotidiano e o sobrenatural caminham lado a lado? Onde festas populares, lendas e cren\u00e7as ganham vida e transformam a realidade? O regionalismo fant\u00e1stico, discorrido por Isis, revela &hellip; Continue lendo &rarr;","_links":{"self":[{"href":"https:\/\/blog.ufes.br\/languageeducation\/wp-json\/wp\/v2\/posts\/942","targetHints":{"allow":["GET"]}}],"collection":[{"href":"https:\/\/blog.ufes.br\/languageeducation\/wp-json\/wp\/v2\/posts"}],"about":[{"href":"https:\/\/blog.ufes.br\/languageeducation\/wp-json\/wp\/v2\/types\/post"}],"author":[{"embeddable":true,"href":"https:\/\/blog.ufes.br\/languageeducation\/wp-json\/wp\/v2\/users\/448"}],"replies":[{"embeddable":true,"href":"https:\/\/blog.ufes.br\/languageeducation\/wp-json\/wp\/v2\/comments?post=942"}],"version-history":[{"count":4,"href":"https:\/\/blog.ufes.br\/languageeducation\/wp-json\/wp\/v2\/posts\/942\/revisions"}],"predecessor-version":[{"id":947,"href":"https:\/\/blog.ufes.br\/languageeducation\/wp-json\/wp\/v2\/posts\/942\/revisions\/947"}],"wp:attachment":[{"href":"https:\/\/blog.ufes.br\/languageeducation\/wp-json\/wp\/v2\/media?parent=942"}],"wp:term":[{"taxonomy":"category","embeddable":true,"href":"https:\/\/blog.ufes.br\/languageeducation\/wp-json\/wp\/v2\/categories?post=942"},{"taxonomy":"post_tag","embeddable":true,"href":"https:\/\/blog.ufes.br\/languageeducation\/wp-json\/wp\/v2\/tags?post=942"}],"curies":[{"name":"wp","href":"https:\/\/api.w.org\/{rel}","templated":true}]}}