{"id":956,"date":"2026-04-22T08:09:25","date_gmt":"2026-04-22T11:09:25","guid":{"rendered":"https:\/\/blog.ufes.br\/languageeducation\/?p=956"},"modified":"2026-04-22T08:11:57","modified_gmt":"2026-04-22T11:11:57","slug":"the-invisible-learners-of-elt","status":"publish","type":"post","link":"https:\/\/blog.ufes.br\/languageeducation\/the-invisible-learners-of-elt\/","title":{"rendered":"The Invisible Learners Of ELT"},"content":{"rendered":"\t\t<div data-elementor-type=\"wp-post\" data-elementor-id=\"956\" class=\"elementor elementor-956\">\n\t\t\t\t\t\t<section class=\"elementor-section elementor-top-section elementor-element elementor-element-1e18f782 elementor-section-boxed elementor-section-height-default elementor-section-height-default\" data-id=\"1e18f782\" data-element_type=\"section\" data-e-type=\"section\">\n\t\t\t\t\t\t<div class=\"elementor-container elementor-column-gap-default\">\n\t\t\t\t\t<div class=\"elementor-column elementor-col-100 elementor-top-column elementor-element elementor-element-5c821392\" data-id=\"5c821392\" data-element_type=\"column\" data-e-type=\"column\">\n\t\t\t<div class=\"elementor-widget-wrap elementor-element-populated\">\n\t\t\t\t\t\t<div class=\"elementor-element elementor-element-5dd81253 elementor-widget elementor-widget-text-editor\" data-id=\"5dd81253\" data-element_type=\"widget\" data-e-type=\"widget\" data-widget_type=\"text-editor.default\">\n\t\t\t\t<div class=\"elementor-widget-container\">\n\t\t\t\t\t\t\t\t\t<p>by Lorenna Paiva Tozi<\/p>\n\n<figure class=\"wp-block-gallery has-nested-images columns-default is-cropped wp-block-gallery-2 is-layout-flex wp-block-gallery-is-layout-flex\"><\/figure>\n\t\t\t\t\t\t\t\t<\/div>\n\t\t\t\t<\/div>\n\t\t\t\t\t<\/div>\n\t\t<\/div>\n\t\t\t\t\t<\/div>\n\t\t<\/section>\n\t\t\t\t<section class=\"elementor-section elementor-top-section elementor-element elementor-element-121e3db elementor-section-boxed elementor-section-height-default elementor-section-height-default\" data-id=\"121e3db\" data-element_type=\"section\" data-e-type=\"section\">\n\t\t\t\t\t\t<div class=\"elementor-container elementor-column-gap-default\">\n\t\t\t\t\t<div class=\"elementor-column elementor-col-100 elementor-top-column elementor-element elementor-element-ec475ea\" data-id=\"ec475ea\" data-element_type=\"column\" data-e-type=\"column\">\n\t\t\t<div class=\"elementor-widget-wrap elementor-element-populated\">\n\t\t\t\t\t\t<div class=\"elementor-element elementor-element-366a2f0 elementor-widget elementor-widget-image\" data-id=\"366a2f0\" data-element_type=\"widget\" data-e-type=\"widget\" data-widget_type=\"image.default\">\n\t\t\t\t<div class=\"elementor-widget-container\">\n\t\t\t\t\t\t\t\t\t\t\t\t\t\t\t<img fetchpriority=\"high\" decoding=\"async\" width=\"584\" height=\"319\" src=\"https:\/\/blog.ufes.br\/languageeducation\/files\/2026\/04\/Gemini_Generated_Image_4q1umz4q1umz4q1u-1024x559.png\" class=\"attachment-large size-large wp-image-969\" alt=\"\" srcset=\"https:\/\/blog.ufes.br\/languageeducation\/files\/2026\/04\/Gemini_Generated_Image_4q1umz4q1umz4q1u-1024x559.png 1024w, https:\/\/blog.ufes.br\/languageeducation\/files\/2026\/04\/Gemini_Generated_Image_4q1umz4q1umz4q1u-300x164.png 300w, https:\/\/blog.ufes.br\/languageeducation\/files\/2026\/04\/Gemini_Generated_Image_4q1umz4q1umz4q1u-150x82.png 150w, https:\/\/blog.ufes.br\/languageeducation\/files\/2026\/04\/Gemini_Generated_Image_4q1umz4q1umz4q1u-768x419.png 768w, https:\/\/blog.ufes.br\/languageeducation\/files\/2026\/04\/Gemini_Generated_Image_4q1umz4q1umz4q1u-1536x838.png 1536w, https:\/\/blog.ufes.br\/languageeducation\/files\/2026\/04\/Gemini_Generated_Image_4q1umz4q1umz4q1u-2048x1117.png 2048w, https:\/\/blog.ufes.br\/languageeducation\/files\/2026\/04\/Gemini_Generated_Image_4q1umz4q1umz4q1u-500x273.png 500w\" sizes=\"(max-width: 584px) 100vw, 584px\" \/>\t\t\t\t\t\t\t\t\t\t\t\t\t\t\t<\/div>\n\t\t\t\t<\/div>\n\t\t\t\t<div class=\"elementor-element elementor-element-7600b8b elementor-widget elementor-widget-text-editor\" data-id=\"7600b8b\" data-element_type=\"widget\" data-e-type=\"widget\" data-widget_type=\"text-editor.default\">\n\t\t\t\t<div class=\"elementor-widget-container\">\n\t\t\t\t\t\t\t\t\t<p>Hi, there!<\/p>\n<p class=\"isSelectedEnd\">No Brasil, milh\u00f5es de estudantes com defici\u00eancia seguem invis\u00edveis nos materiais de ensino de ingl\u00eas. Enquanto os livros apresentam um mundo \u201cperfeito\u201d e neutro, acabam apagando a diversidade real, refor\u00e7ando estere\u00f3tipos em vez de promover inclus\u00e3o.<\/p>\n<p class=\"isSelectedEnd\">Est\u00e1 na hora de olhar al\u00e9m das p\u00e1ginas e questionar o que est\u00e1 faltando.<\/p>\n<p>Leia <em>The Invisible Learners of ELT<\/em>, de <b>Lorenna Paiva Tozi<\/b>, e reflita sobre como a representa\u00e7\u00e3o molda a sala de aula&#8230; e a sociedade.<\/p>\n<p><em style=\"font-family: Poppins, sans-serif;font-size: 16px;font-weight: 300;text-align: justify\">O ensaio foi escrito em ingl\u00eas como parte das atividades propostas pela profa. Marianna Merlo na disciplina \u2018Pr\u00e1xis curricular: Escrita Acad\u00eamica\u2019.<\/em><\/p>\n<p>\u00a0<\/p>\t\t\t\t\t\t\t\t<\/div>\n\t\t\t\t<\/div>\n\t\t\t\t\t<\/div>\n\t\t<\/div>\n\t\t\t\t\t<\/div>\n\t\t<\/section>\n\t\t\t\t<section class=\"elementor-section elementor-top-section elementor-element elementor-element-90dea26 elementor-section-boxed elementor-section-height-default elementor-section-height-default\" data-id=\"90dea26\" data-element_type=\"section\" data-e-type=\"section\">\n\t\t\t\t\t\t<div class=\"elementor-container elementor-column-gap-default\">\n\t\t\t\t\t<div class=\"elementor-column elementor-col-100 elementor-top-column elementor-element elementor-element-bbbb6c0\" data-id=\"bbbb6c0\" data-element_type=\"column\" data-e-type=\"column\">\n\t\t\t<div class=\"elementor-widget-wrap elementor-element-populated\">\n\t\t\t\t\t\t<div class=\"elementor-element elementor-element-b0990dd elementor-align-center elementor-widget elementor-widget-button\" data-id=\"b0990dd\" data-element_type=\"widget\" data-e-type=\"widget\" data-widget_type=\"button.default\">\n\t\t\t\t<div class=\"elementor-widget-container\">\n\t\t\t\t\t\t\t\t\t<div class=\"elementor-button-wrapper\">\n\t\t\t\t\t<a class=\"elementor-button elementor-button-link elementor-size-sm\" href=\"https:\/\/drive.google.com\/file\/d\/1Q3irZQeIEaDxVN-oN6QWkX8YC0JvGd6w\/view?usp=sharing\">\n\t\t\t\t\t\t<span class=\"elementor-button-content-wrapper\">\n\t\t\t\t\t\t\t\t\t<span class=\"elementor-button-text\">THE INVISIBLE LEARNERS OF ELT<\/span>\n\t\t\t\t\t<\/span>\n\t\t\t\t\t<\/a>\n\t\t\t\t<\/div>\n\t\t\t\t\t\t\t\t<\/div>\n\t\t\t\t<\/div>\n\t\t\t\t\t<\/div>\n\t\t<\/div>\n\t\t\t\t\t<\/div>\n\t\t<\/section>\n\t\t\t\t<\/div>\n\t\t","protected":false},"excerpt":{"rendered":"<p>by Lorenna Paiva Tozi Hi, there! No Brasil, milh\u00f5es de estudantes com defici\u00eancia seguem invis\u00edveis nos materiais de ensino de ingl\u00eas. Enquanto os livros apresentam um mundo \u201cperfeito\u201d e neutro, acabam apagando a diversidade real, refor\u00e7ando estere\u00f3tipos em vez de &hellip; <a href=\"https:\/\/blog.ufes.br\/languageeducation\/the-invisible-learners-of-elt\/\">Continue lendo <span class=\"meta-nav\">&rarr;<\/span><\/a><\/p>\n","protected":false},"author":448,"featured_media":0,"comment_status":"open","ping_status":"open","sticky":false,"template":"","format":"gallery","meta":{"_bbp_topic_count":0,"_bbp_reply_count":0,"_bbp_total_topic_count":0,"_bbp_total_reply_count":0,"_bbp_voice_count":0,"_bbp_anonymous_reply_count":0,"_bbp_topic_count_hidden":0,"_bbp_reply_count_hidden":0,"_bbp_forum_subforum_count":0,"_uag_custom_page_level_css":"","footnotes":""},"categories":[1],"tags":[],"class_list":["post-956","post","type-post","status-publish","format-gallery","hentry","category-sem-categoria","post_format-post-format-gallery"],"uagb_featured_image_src":{"full":false,"thumbnail":false,"medium":false,"medium_large":false,"large":false,"1536x1536":false,"2048x2048":false,"post-thumbnail":false,"large-feature":false,"small-feature":false},"uagb_author_info":{"display_name":"Marianna Cardoso Reis Merlo","author_link":"https:\/\/blog.ufes.br\/languageeducation\/author\/marianna_cardoso-reis-merlo\/"},"uagb_comment_info":0,"uagb_excerpt":"by Lorenna Paiva Tozi Hi, there! No Brasil, milh\u00f5es de estudantes com defici\u00eancia seguem invis\u00edveis nos materiais de ensino de ingl\u00eas. Enquanto os livros apresentam um mundo \u201cperfeito\u201d e neutro, acabam apagando a diversidade real, refor\u00e7ando estere\u00f3tipos em vez de &hellip; Continue lendo &rarr;","_links":{"self":[{"href":"https:\/\/blog.ufes.br\/languageeducation\/wp-json\/wp\/v2\/posts\/956","targetHints":{"allow":["GET"]}}],"collection":[{"href":"https:\/\/blog.ufes.br\/languageeducation\/wp-json\/wp\/v2\/posts"}],"about":[{"href":"https:\/\/blog.ufes.br\/languageeducation\/wp-json\/wp\/v2\/types\/post"}],"author":[{"embeddable":true,"href":"https:\/\/blog.ufes.br\/languageeducation\/wp-json\/wp\/v2\/users\/448"}],"replies":[{"embeddable":true,"href":"https:\/\/blog.ufes.br\/languageeducation\/wp-json\/wp\/v2\/comments?post=956"}],"version-history":[{"count":7,"href":"https:\/\/blog.ufes.br\/languageeducation\/wp-json\/wp\/v2\/posts\/956\/revisions"}],"predecessor-version":[{"id":972,"href":"https:\/\/blog.ufes.br\/languageeducation\/wp-json\/wp\/v2\/posts\/956\/revisions\/972"}],"wp:attachment":[{"href":"https:\/\/blog.ufes.br\/languageeducation\/wp-json\/wp\/v2\/media?parent=956"}],"wp:term":[{"taxonomy":"category","embeddable":true,"href":"https:\/\/blog.ufes.br\/languageeducation\/wp-json\/wp\/v2\/categories?post=956"},{"taxonomy":"post_tag","embeddable":true,"href":"https:\/\/blog.ufes.br\/languageeducation\/wp-json\/wp\/v2\/tags?post=956"}],"curies":[{"name":"wp","href":"https:\/\/api.w.org\/{rel}","templated":true}]}}