{"id":156,"date":"2011-08-17T13:31:00","date_gmt":"2011-08-17T13:31:00","guid":{"rendered":"http:\/\/lucasgferreira.wordpress.com\/2011\/08\/17\/paper-mecanismos-celulares-e-moleculares-que-controlam-o-desenvolvimento-e-o-crescimento-muscular"},"modified":"2011-08-17T13:31:00","modified_gmt":"2011-08-17T13:31:00","slug":"paper-mecanismos-celulares-e-moleculares-que-controlam-o-desenvolvimento-e-o-crescimento-muscular","status":"publish","type":"post","link":"https:\/\/blog.ufes.br\/lucasgf\/?p=156","title":{"rendered":"Paper: Mecanismos celulares e moleculares que controlam o desenvolvimento e o crescimento muscular"},"content":{"rendered":"<div style=\"font-family:Arial,Helvetica,sans-serif\"><span style=\"font-size:small\">Pra quem est\u00e1 iniciando os estudo sobre m\u00fasculo esquel\u00e9tico, tem esse artigo em portugu\u00eas que pode ser um bom ponto de partida.<\/span><\/div>\n<div style=\"font-family:Arial,Helvetica,sans-serif\"> <span style=\"font-size:small\"><br \/><\/span><\/div>\n<p><span style=\"font-size:small\"><span style=\"font-family:Arial,Helvetica,sans-serif\">Segue o link: <\/span><a href=\"http:\/\/www.scielo.br\/pdf\/rbz\/v36s0\/03.pdf\">http:\/\/www.scielo.br\/pdf\/rbz\/v36s0\/03.pdf<\/a><\/span><\/p>\n<div class=\"blogger-post-footer\"><img width='1' height='1' src='https:\/\/blogger.googleusercontent.com\/tracker\/6438633595724989321-2695040679015966852?l=lucasgf-ufes.blogspot.com' alt='' \/><\/div>\n","protected":false},"excerpt":{"rendered":"<p>Pra quem est\u00e1 iniciando os estudo sobre m\u00fasculo esquel\u00e9tico, tem esse artigo em portugu\u00eas que pode ser um bom ponto de partida. Segue o link: http:\/\/www.scielo.br\/pdf\/rbz\/v36s0\/03.pdf<\/p>\n","protected":false},"author":9,"featured_media":0,"comment_status":"open","ping_status":"open","sticky":false,"template":"","format":"standard","meta":{"_bbp_topic_count":0,"_bbp_reply_count":0,"_bbp_total_topic_count":0,"_bbp_total_reply_count":0,"_bbp_voice_count":0,"_bbp_anonymous_reply_count":0,"_bbp_topic_count_hidden":0,"_bbp_reply_count_hidden":0,"_bbp_forum_subforum_count":0,"_uag_custom_page_level_css":"","footnotes":""},"categories":[6,27,34,36,47],"tags":[],"class_list":["post-156","post","type-post","status-publish","format-standard","hentry","category-bioquimica","category-musculo","category-paper","category-plasticidade-muscular","category-unifesp-fisiologia-neuromuscular"],"uagb_featured_image_src":{"full":false,"thumbnail":false,"medium":false,"medium_large":false,"large":false,"1536x1536":false,"2048x2048":false,"post-thumbnail":false},"uagb_author_info":{"display_name":"Lucas Guimar\u00e3es Ferreira","author_link":"https:\/\/blog.ufes.br\/lucasgf\/?author=9"},"uagb_comment_info":6,"uagb_excerpt":"Pra quem est\u00e1 iniciando os estudo sobre m\u00fasculo esquel\u00e9tico, tem esse artigo em portugu\u00eas que pode ser um bom ponto de partida. Segue o link: http:\/\/www.scielo.br\/pdf\/rbz\/v36s0\/03.pdf","_links":{"self":[{"href":"https:\/\/blog.ufes.br\/lucasgf\/index.php?rest_route=\/wp\/v2\/posts\/156","targetHints":{"allow":["GET"]}}],"collection":[{"href":"https:\/\/blog.ufes.br\/lucasgf\/index.php?rest_route=\/wp\/v2\/posts"}],"about":[{"href":"https:\/\/blog.ufes.br\/lucasgf\/index.php?rest_route=\/wp\/v2\/types\/post"}],"author":[{"embeddable":true,"href":"https:\/\/blog.ufes.br\/lucasgf\/index.php?rest_route=\/wp\/v2\/users\/9"}],"replies":[{"embeddable":true,"href":"https:\/\/blog.ufes.br\/lucasgf\/index.php?rest_route=%2Fwp%2Fv2%2Fcomments&post=156"}],"version-history":[{"count":0,"href":"https:\/\/blog.ufes.br\/lucasgf\/index.php?rest_route=\/wp\/v2\/posts\/156\/revisions"}],"wp:attachment":[{"href":"https:\/\/blog.ufes.br\/lucasgf\/index.php?rest_route=%2Fwp%2Fv2%2Fmedia&parent=156"}],"wp:term":[{"taxonomy":"category","embeddable":true,"href":"https:\/\/blog.ufes.br\/lucasgf\/index.php?rest_route=%2Fwp%2Fv2%2Fcategories&post=156"},{"taxonomy":"post_tag","embeddable":true,"href":"https:\/\/blog.ufes.br\/lucasgf\/index.php?rest_route=%2Fwp%2Fv2%2Ftags&post=156"}],"curies":[{"name":"wp","href":"https:\/\/api.w.org\/{rel}","templated":true}]}}