{"id":174,"date":"2011-10-17T18:30:00","date_gmt":"2011-10-17T18:30:00","guid":{"rendered":"http:\/\/lucasgferreira.wordpress.com\/2011\/10\/17\/nobel-de-quimica-diz-que-ciencias-tem-de-estimular-matematica"},"modified":"2011-10-17T18:30:00","modified_gmt":"2011-10-17T18:30:00","slug":"nobel-de-quimica-diz-que-ciencias-tem-de-estimular-matematica","status":"publish","type":"post","link":"https:\/\/blog.ufes.br\/lucasgf\/?p=174","title":{"rendered":"Nobel de Qu\u00edmica diz que ci\u00eancias t\u00eam de estimular matem\u00e1tica"},"content":{"rendered":"<div style=\"color:#cc3300;font-family:verdana, helvetica, sans-serif;font-size:14px;font:normal normal bold 10px\/normal verdana, helvetica, sans-serif;line-height:18px;text-align:justify;margin:20px 0 0\">Materia da Folha de S\u00e3o Paulo com o ganhador do pr\u00eamio Nobel Harold Kroto sobre a import\u00e2ncia do ensino de Ci\u00eancias.<\/div>\n<div style=\"float:right;font-family:verdana, helvetica, sans-serif;font-size:14px;height:165px;line-height:18px;width:180px;margin:0 0 15px 15px\">\n<div class=\"adLabel\" style=\"background-color:white;font:normal normal normal 10px\/normal arial, helvetica, sans-serif;text-align:justify;width:180px;margin:0;padding:1px 0\">PUBLICIDADE<\/div>\n<\/div>\n<div style=\"font-family:verdana, helvetica, sans-serif;font:normal normal normal 12px\/normal Verdana, Helvetica, sans-serif;line-height:17px;margin:0\">\n<div style=\"margin:0\"><span class=\"Apple-style-span\" style=\"font-size:x-small\"><b><br \/><\/b><\/span><\/div>\n<div style=\"margin:0\"><span class=\"Apple-style-span\" style=\"font-size:x-small\"><b>CL\u00c1UDIA COLLUCCI<\/b><br \/>DE WASHINGTON<\/span><\/div>\n<div style=\"margin:0\"><span class=\"Apple-style-span\" style=\"font-size:x-small\"><br \/><\/span><\/div>\n<div style=\"margin:0\"><span class=\"Apple-style-span\" style=\"font-size:x-small\">Leia a reportagem em: <a href=\"http:\/\/folha.com\/no990213\">http:\/\/folha.com\/no990213<\/a><\/span><\/div>\n<div style=\"margin:0\"><span class=\"Apple-style-span\" style=\"font-size:x-small\"><br \/><\/span><\/div>\n<div style=\"margin:0\"><span class=\"Apple-style-span\" style=\"font-size:x-small\">Saiba mais sobre o projeto de Kroto em: <a href=\"http:\/\/www.geoset.info\/\">http:\/\/www.geoset.info\/<\/a><\/span><\/div>\n<\/div>\n<div class=\"blogger-post-footer\"><img width='1' height='1' src='https:\/\/blogger.googleusercontent.com\/tracker\/6438633595724989321-7100125497736991737?l=lucasgf-ufes.blogspot.com' alt='' \/><\/div>\n","protected":false},"excerpt":{"rendered":"<p>Materia da Folha de S\u00e3o Paulo com o ganhador do pr\u00eamio Nobel Harold Kroto sobre a import\u00e2ncia do ensino de Ci\u00eancias. PUBLICIDADE CL\u00c1UDIA COLLUCCIDE WASHINGTON Leia a reportagem em: http:\/\/folha.com\/no990213 Saiba mais sobre o projeto de Kroto em: http:\/\/www.geoset.info\/<\/p>\n","protected":false},"author":9,"featured_media":0,"comment_status":"open","ping_status":"open","sticky":false,"template":"","format":"standard","meta":{"_bbp_topic_count":0,"_bbp_reply_count":0,"_bbp_total_topic_count":0,"_bbp_total_reply_count":0,"_bbp_voice_count":0,"_bbp_anonymous_reply_count":0,"_bbp_topic_count_hidden":0,"_bbp_reply_count_hidden":0,"_bbp_forum_subforum_count":0,"_uag_custom_page_level_css":"","footnotes":""},"categories":[10,30],"tags":[],"class_list":["post-174","post","type-post","status-publish","format-standard","hentry","category-ciencia","category-noticias"],"uagb_featured_image_src":{"full":false,"thumbnail":false,"medium":false,"medium_large":false,"large":false,"1536x1536":false,"2048x2048":false,"post-thumbnail":false},"uagb_author_info":{"display_name":"Lucas Guimar\u00e3es Ferreira","author_link":"https:\/\/blog.ufes.br\/lucasgf\/?author=9"},"uagb_comment_info":2,"uagb_excerpt":"Materia da Folha de S\u00e3o Paulo com o ganhador do pr\u00eamio Nobel Harold Kroto sobre a import\u00e2ncia do ensino de Ci\u00eancias. PUBLICIDADE CL\u00c1UDIA COLLUCCIDE WASHINGTON Leia a reportagem em: http:\/\/folha.com\/no990213 Saiba mais sobre o projeto de Kroto em: http:\/\/www.geoset.info\/","_links":{"self":[{"href":"https:\/\/blog.ufes.br\/lucasgf\/index.php?rest_route=\/wp\/v2\/posts\/174","targetHints":{"allow":["GET"]}}],"collection":[{"href":"https:\/\/blog.ufes.br\/lucasgf\/index.php?rest_route=\/wp\/v2\/posts"}],"about":[{"href":"https:\/\/blog.ufes.br\/lucasgf\/index.php?rest_route=\/wp\/v2\/types\/post"}],"author":[{"embeddable":true,"href":"https:\/\/blog.ufes.br\/lucasgf\/index.php?rest_route=\/wp\/v2\/users\/9"}],"replies":[{"embeddable":true,"href":"https:\/\/blog.ufes.br\/lucasgf\/index.php?rest_route=%2Fwp%2Fv2%2Fcomments&post=174"}],"version-history":[{"count":0,"href":"https:\/\/blog.ufes.br\/lucasgf\/index.php?rest_route=\/wp\/v2\/posts\/174\/revisions"}],"wp:attachment":[{"href":"https:\/\/blog.ufes.br\/lucasgf\/index.php?rest_route=%2Fwp%2Fv2%2Fmedia&parent=174"}],"wp:term":[{"taxonomy":"category","embeddable":true,"href":"https:\/\/blog.ufes.br\/lucasgf\/index.php?rest_route=%2Fwp%2Fv2%2Fcategories&post=174"},{"taxonomy":"post_tag","embeddable":true,"href":"https:\/\/blog.ufes.br\/lucasgf\/index.php?rest_route=%2Fwp%2Fv2%2Ftags&post=174"}],"curies":[{"name":"wp","href":"https:\/\/api.w.org\/{rel}","templated":true}]}}