{"id":26,"date":"2012-10-16T13:42:38","date_gmt":"2012-10-16T13:42:38","guid":{"rendered":"http:\/\/blog.ufes.br\/luciofassarella\/?p=26"},"modified":"2013-03-22T13:55:03","modified_gmt":"2013-03-22T13:55:03","slug":"cultura-da-bobagem","status":"publish","type":"post","link":"https:\/\/blog.ufes.br\/luciofassarella\/2012\/10\/16\/cultura-da-bobagem\/","title":{"rendered":"(Sub)Cultura da Bobagem"},"content":{"rendered":"<p style=\"text-align: justify\"><span style=\"color: #003366\">No Brasil e no mundo, a boa educa\u00e7\u00e3o (formal e informal) tem atualmente encontrado diversos obst\u00e1culos para adequada realiza\u00e7\u00e3o. H\u00e1 v\u00e1rias raz\u00f5es para essa situa\u00e7\u00e3o lastim\u00e1vel, mas quero aqui destacar apenas a influ\u00eancia perniciosa de algo que alcan\u00e7a o status de um paradigma: a <em>cultura da bobagem<\/em>. Defino esse termo como <em>um conjunto de ideias, conceitos e comportamentos banais\/med\u00edocres disseminados informalmente, mormente pelos meios de comunica\u00e7\u00e3o de massa &#8211; e sobretudo pela televis\u00e3o<\/em> [*]. A cultura da bobagem \u00e9 mormente um meio ao inv\u00e9s de um fim em si mesma, sendo que os interessados na sua promo\u00e7\u00e3o pretendem principalmente difundir id\u00e9ias, induzir o consumo de determinados produtos ou simplesmente prender a aten\u00e7\u00e3o das pessoas. A cultura da bobagem ilustra a amplitude e profundidade do cont\u00ednuo &#8220;ass\u00e9dio marketeiro&#8221; sobre a sociedade. Parece que n\u00e3o h\u00e1 limites para os m\u00e9todos de manipula\u00e7\u00e3o, embora todos sejam varia\u00e7\u00f5es do mesmo tema: a explora\u00e7\u00e3o aviltante de impulsos e emo\u00e7\u00f5es humanas; o \u00e1pice desses m\u00e9todos s\u00e3o <em>engodos sutis que suscitam a impress\u00e3o de <em>liberdade<\/em>, <em><\/em> autonomia<\/em>, <em>afirma\u00e7\u00e3o, realiza\u00e7\u00e3o pessoal<\/em>: nesse caso, as pessoas mais enganadas s\u00e3o aquelas que acolhem a id\u00e9ia, compram o produto ou d\u00e3o seu tempo crendo que fazem isso deliberadamente.<\/span><\/p>\n<p style=\"text-align: justify\" align=\"JUSTIFY\"><span style=\"color: #003366\"><em>Ser\u00e1 poss\u00edvel resistir?<\/em> <em>Quem tem for\u00e7a e vontade para tanto&#8230;?<\/em><\/span><\/p>\n<p style=\"text-align: justify\" align=\"JUSTIFY\"><span style=\"color: #003366\"><em><\/em>\u00c9 fundamental desenvolver uma postura cr\u00edtica, a capacidade para julgar as id\u00e9ias e comportamentos.<\/span><\/p>\n<p style=\"text-align: justify\" align=\"JUSTIFY\"><span style=\"color: #003366\">\u00c9 fundamental ser capaz de perceber os fins pretendidos e meios utilizados pelos marketeiros, bem como ter uma boa consci\u00eancia do que ganha e do que se perde pela assun\u00e7\u00e3o de determinados elementos culturais.<\/span><\/p>\n<p style=\"text-align: justify\" align=\"JUSTIFY\"><span style=\"color: #003366\">No livro \u201c<em>A Era da Manipula\u00e7\u00e3o<\/em>\u201d, Wilson Bryan Key discute diversos m\u00e9todos subliminares de manipula\u00e7\u00e3o usados na m\u00eddia. Quando li o livro (por volta de 1991), achei a leitura impressionante e acredito que o livro ainda pode servir para despertar consci\u00eancias.<\/span><\/p>\n<p style=\"text-align: justify\" align=\"JUSTIFY\"><span style=\"color: #003366\">Cabe citar uma opini\u00e3o pertinente:<\/span><\/p>\n<blockquote>\n<p style=\"text-align: left\" align=\"JUSTIFY\"><span style=\"color: #003300\"><span style=\"font-size: x-small\"> &#8220;Esta gera\u00e7\u00e3o \u00e9 <\/span><span style=\"font-size: x-small\"><em>light.<\/em><\/span><span style=\"font-size: x-small\"> Isso quer dizer que tende a buscar resultados sem esfor\u00e7o (baixos teores), como no caso da lipoaspira\u00e7\u00e3o e da gin\u00e1stica passiva. No primeiro caso, voc\u00ea perde 30 quilos sem precisar fazer dieta (compra seu emagrecimento por meio de uma cirurgia); no segundo, faz exerc\u00edcios sem fazer for\u00e7a (fazer for\u00e7a \u00e9 coisa para guindaste). Aplicada \u00e0 cultura, a gera\u00e7\u00e3o <\/span><span style=\"font-size: x-small\"><em>light<\/em><\/span><span style=\"font-size: x-small\"> est\u00e1 desaprendendo a ler, a cultivar conversas profundas (e demoradas), preferindo fixar-se em clich\u00eas, chav\u00f5es e coment\u00e1rios sobre assuntos apresentados na televis\u00e3o. O m\u00e1ximo de aprofundamento a que chega \u00e9 uma an\u00e1lise psicanalisante (est\u00e1 na moda falar de interioridades) de algum aspecto da vida, &#8230; . Se voc\u00ea analisar uma conversa, seja de jovens, seja de adultos, ver\u00e1 que ela se resume a comentar fatos do cotidiano&#8230; . O indiv\u00edduo espirituoso de antigamente &#8211; aquela personalidade viva, perspicaz, de tiroc\u00ednio agudo, racioc\u00ednio r\u00e1pido, e \u00e0s vezes at\u00e9 mordaz em suas tiradas &#8211; se transformou no <\/span><span style=\"font-size: x-small\"><em>divertido<\/em><\/span><span style=\"font-size: x-small\">. A pessoa <\/span><span style=\"font-size: x-small\"><em>divertida<\/em><\/span><span style=\"font-size: x-small\"> \u00e9 aquela personalidade alegre e extrovertida, capaz de dizer um monte de bobagens e piadinhas de sentido duplo (seja na dire\u00e7\u00e3o da indec\u00eancia, seja na do &#8220;nenhum sentido&#8221;). Mas est\u00e1 em alta, porque o meio social quer divers\u00e3o.<\/span><span style=\"font-size: x-small\">&#8220;<\/span><span style=\"font-family: Times New Roman,serif\"><span style=\"font-size: x-small\"> Rubem Amorense: <\/span><\/span><span style=\"font-family: Times New Roman,serif\"><span style=\"font-size: x-small\"><em>Icabode<\/em><\/span><\/span><span style=\"font-family: Times New Roman,serif\"><span style=\"font-size: x-small\">. Editora Ultimato (1998): pp<\/span><\/span><span style=\"font-family: Times New Roman,serif\"><span style=\"font-size: x-small\">.125-126.<\/span><\/span><\/span><\/p>\n<\/blockquote>\n<p>[*] A capacidade de influ\u00eancia cultural da m\u00eddia \u00e9 bastante significativa, como tamb\u00e9m \u00e9 grande sua capacidade para sustentar o exorbitante consumo de sup\u00e9rfluos no pa\u00eds e no mundo. O Prof. M\u00e1rio S\u00e9rgio Cortella (PUC-SP) discute a educa\u00e7\u00e3o realizada pela m\u00eddia numa palestra apresentada num &#8220;F\u00f3rum Internacional sobre Crian\u00e7a e Consumo (2011)&#8221;: <em><a title=\"video\" href=\"http:\/\/www.youtube.com\/watch?v=rug1I69Udmo&amp;NR=1&amp;feature=endscreen\" target=\"_blank\">A M\u00eddia como Corpo Docente<\/a><\/em> (acessado em 22\/03\/2013). Dessa palestra, destaco a cita\u00e7\u00e3o de Fran\u00e7ois Rabelais feita pelo Prof. Cortella: &#8220;conhe\u00e7o muitos que n\u00e3o puderam quando deviam porque n\u00e3o quiseram quando podiam.&#8221; Cortella acrescenta: &#8220;A gente pode, deve e tem de querer; do contr\u00e1rio, a gente desiste e a\u00ed apodrece o que falta.&#8221;<br \/>\nRegistro tamb\u00e9m duas id\u00e9ias apresentadas na palestra:<br \/>\n&#8211; <em>Se a m\u00eddia nos faz mal \u00e9 porque permitimos<\/em>. A frase do Prof. Cortella que resume essa id\u00e9ia (referindo-se especificamente a influ\u00eancia da m\u00eddia sobre os filhos): &#8220;[a m\u00eddia] abre porta onde a gente deixou a porta destrancada&#8221;.<br \/>\n&#8211; &#8220;Nossa tarefa \u00e9 impedir que as nossas gera\u00e7\u00f5es que conosco partilham a vida, [que] elas sejam destrutivas, que elas sejam consumistas, que elas sejam eg\u00f3latras, que elas sejam capazes de esquecer que a regra b\u00e1sica n\u00e3o \u00e9, n\u00e3o \u00e9 e n\u00e3o pode ser, cada um por si e Deus por todos, mas a regra \u00e9 outra \u00e9 um por todos e todos por um.&#8221;<\/p>\n<pre style=\"text-align: center\"><span style=\"text-decoration: underline\"><span style=\"color: #993300\"><strong><span style=\"color: #333399;text-decoration: underline\">\r\n O Reinado de Estupidez<\/span><\/strong><\/span><\/span><\/pre>\n<pre style=\"text-align: center\"><span style=\"color: #333399\">Duas coisas me confundem,<\/span><\/pre>\n<pre style=\"text-align: center\"><span style=\"color: #333399\">e uma terceira eu n\u00e3o entendo:<\/span><\/pre>\n<pre style=\"text-align: center\"><span style=\"color: #333399\">Que um jovem se dedique a sandices,<\/span><\/pre>\n<pre style=\"text-align: center\"><span style=\"color: #333399\">Que se gabe delas,<\/span><\/pre>\n<pre style=\"text-align: center\"><span style=\"color: #333399\">E que amigos o louvem por isso!<\/span><\/pre>\n<pre style=\"text-align: center\"><span style=\"color: #333399\">Talvez haja uma explica\u00e7\u00e3o:<\/span><\/pre>\n<pre style=\"text-align: center\"><span style=\"color: #333399\">Numa na\u00e7\u00e3o de tolos,<\/span><\/pre>\n<pre style=\"text-align: center\"><span style=\"color: #333399\">A ignor\u00e2ncia \u00e9 virtude,<\/span><\/pre>\n<pre style=\"text-align: center\"><span style=\"color: #333399\">Os idiotas s\u00e3o pr\u00edncipes,<\/span><\/pre>\n<pre style=\"text-align: center\"><span style=\"color: #333399\">e o mais bruto reina todos!<\/span><\/pre>\n<p style=\"text-align: center\" align=\"JUSTIFY\">L\u00facio Fassarella<br \/>\nS\u00e3o Mateus &#8211; ES, 10 de Outubro de 2012<\/p>\n","protected":false},"excerpt":{"rendered":"<p>No Brasil e no mundo, a boa educa\u00e7\u00e3o (formal e informal) tem atualmente encontrado diversos obst\u00e1culos para adequada realiza\u00e7\u00e3o. H\u00e1 v\u00e1rias raz\u00f5es para essa situa\u00e7\u00e3o lastim\u00e1vel, mas quero aqui destacar apenas a influ\u00eancia perniciosa de algo que alcan\u00e7a o status de um paradigma: a cultura da bobagem. Defino esse termo como um conjunto de ideias, &hellip; <a href=\"https:\/\/blog.ufes.br\/luciofassarella\/2012\/10\/16\/cultura-da-bobagem\/\">Continue reading <span class=\"meta-nav\">&rarr;<\/span><\/a><\/p>\n","protected":false},"author":73,"featured_media":0,"comment_status":"closed","ping_status":"closed","sticky":false,"template":"","format":"standard","meta":{"_bbp_topic_count":0,"_bbp_reply_count":0,"_bbp_total_topic_count":0,"_bbp_total_reply_count":0,"_bbp_voice_count":0,"_bbp_anonymous_reply_count":0,"_bbp_topic_count_hidden":0,"_bbp_reply_count_hidden":0,"_bbp_forum_subforum_count":0,"_uag_custom_page_level_css":"","footnotes":""},"categories":[9],"tags":[],"class_list":["post-26","post","type-post","status-publish","format-standard","hentry","category-sociedade"],"uagb_featured_image_src":{"full":false,"thumbnail":false,"medium":false,"medium_large":false,"large":false,"1536x1536":false,"2048x2048":false},"uagb_author_info":{"display_name":"luciofassarella","author_link":"https:\/\/blog.ufes.br\/luciofassarella\/author\/lucio_souza-fassarella\/"},"uagb_comment_info":0,"uagb_excerpt":"No Brasil e no mundo, a boa educa\u00e7\u00e3o (formal e informal) tem atualmente encontrado diversos obst\u00e1culos para adequada realiza\u00e7\u00e3o. H\u00e1 v\u00e1rias raz\u00f5es para essa situa\u00e7\u00e3o lastim\u00e1vel, mas quero aqui destacar apenas a influ\u00eancia perniciosa de algo que alcan\u00e7a o status de um paradigma: a cultura da bobagem. Defino esse termo como um conjunto de ideias,&hellip;","_links":{"self":[{"href":"https:\/\/blog.ufes.br\/luciofassarella\/wp-json\/wp\/v2\/posts\/26","targetHints":{"allow":["GET"]}}],"collection":[{"href":"https:\/\/blog.ufes.br\/luciofassarella\/wp-json\/wp\/v2\/posts"}],"about":[{"href":"https:\/\/blog.ufes.br\/luciofassarella\/wp-json\/wp\/v2\/types\/post"}],"author":[{"embeddable":true,"href":"https:\/\/blog.ufes.br\/luciofassarella\/wp-json\/wp\/v2\/users\/73"}],"replies":[{"embeddable":true,"href":"https:\/\/blog.ufes.br\/luciofassarella\/wp-json\/wp\/v2\/comments?post=26"}],"version-history":[{"count":32,"href":"https:\/\/blog.ufes.br\/luciofassarella\/wp-json\/wp\/v2\/posts\/26\/revisions"}],"predecessor-version":[{"id":189,"href":"https:\/\/blog.ufes.br\/luciofassarella\/wp-json\/wp\/v2\/posts\/26\/revisions\/189"}],"wp:attachment":[{"href":"https:\/\/blog.ufes.br\/luciofassarella\/wp-json\/wp\/v2\/media?parent=26"}],"wp:term":[{"taxonomy":"category","embeddable":true,"href":"https:\/\/blog.ufes.br\/luciofassarella\/wp-json\/wp\/v2\/categories?post=26"},{"taxonomy":"post_tag","embeddable":true,"href":"https:\/\/blog.ufes.br\/luciofassarella\/wp-json\/wp\/v2\/tags?post=26"}],"curies":[{"name":"wp","href":"https:\/\/api.w.org\/{rel}","templated":true}]}}