{"id":267,"date":"2013-04-15T00:18:44","date_gmt":"2013-04-15T00:18:44","guid":{"rendered":"http:\/\/blog.ufes.br\/luciofassarella\/?p=267"},"modified":"2013-05-25T23:59:49","modified_gmt":"2013-05-25T23:59:49","slug":"mundo-a-decadencia-da-europa","status":"publish","type":"post","link":"https:\/\/blog.ufes.br\/luciofassarella\/2013\/04\/15\/mundo-a-decadencia-da-europa\/","title":{"rendered":"Mundo: A Europa Decadente"},"content":{"rendered":"<p><strong>Estou transtornado com a Europa<\/strong>. Considerando todo legado de sua hist\u00f3ria milenar, sua tradi\u00e7\u00e3o cultural, filos\u00f3fica, acad\u00eamica, cient\u00edfica e tecnol\u00f3gica, eu esperava que ela seria atualmente a mais importante lideran\u00e7a mundial, exemplo de humanismo e civilidade para todas as na\u00e7\u00f5es do mundo. Entretanto, hoje ela est\u00e1 imersa numa profunda crise provocada por imposturas escandalosas na pol\u00edtica e na economia.<\/p>\n<p><strong>N\u00e3o acho que a crise europ\u00e9ia atual era inevit\u00e1vel<\/strong> da perspectiva da d\u00e9cada de 1990. Na verdade, imagino que a grande maioria das pessoas n\u00e3o contava com o advento de uma crise at\u00e9 que ela eclodiu subitamente em meados de 2006. Contudo, acredito que as tend\u00eancias decadentes sempre estiveram latentes e floreceram lentamente em institui\u00e7\u00f5es e indiv\u00edduos corrompidos.<\/p>\n<p><strong>Acredito que a crise na Europa \u00e9 fundamentalmente de car\u00e1ter \u00e9tico<\/strong>. A Europa est\u00e1 <em>desgovernada<\/em> por lideran\u00e7as corrompidas, incompetentes e at\u00e9 pat\u00e9ticas. Sua economia est\u00e1 ancorada num capitalismo selvagem, inescrupuloso, desumano. Seus cidad\u00e3os est\u00e3o desnorteados e parecem incapazes de uma articula\u00e7\u00e3o politica positiva, que v\u00e1 al\u00e9m de meras manifesta\u00e7\u00f5es e protestos raivosos. (Como crian\u00e7as que fazem birra quando n\u00e3o t\u00eam o que querem, d\u00e3o a impress\u00e3o de que se lhes derem alguns euros ou doces eles ir\u00e3o para casa plenamente satisfeitos!) Surpreendentemente, j\u00e1 n\u00e3o \u00e9 dif\u00edcil imaginar que muitos europeus venham a depositar suas esperan\u00e7as em personalidades carism\u00e1ticas com promessas de solu\u00e7\u00f5es t\u00e3o f\u00e1ceis e imediatas quanto comprometedoras&#8230;<\/p>\n<p><strong>A crise \u00e9tica da Europa \u00e9 hist\u00f3rica, pois ela sempre relevou a \u00e9tica<\/strong>. Sua pol\u00edtica sempre foi movida pela gan\u00e2ncia e grande parte de sua riqueza foi constituida pela explora\u00e7\u00e3o de outros povos. Apesar de todo seu avan\u00e7o no pensamento humanista, os europeus nunca foram realmente constrangidos por princ\u00edpios \u00e9ticos em seus embates &#8211; prova disso \u00e9 o fato deles terem protagonizado diversas guerras internas e duas guerras mundiais. A novidade contempor\u00e2nea \u00e9 que a Europa est\u00e1 sendo v\u00edtima de sua pr\u00f3pria depreda\u00e7\u00e3o pol\u00edtica e econ\u00f4mica: os europeus est\u00e3o se consumindo porque j\u00e1 n\u00e3o t\u00eam mais col\u00f4nias para sugar.<\/p>\n<p><strong>Lament\u00e1vel, triste e desalentador<\/strong>&#8230; Querendo entender, procuro uma explica\u00e7\u00e3o para o patrim\u00f4nio cultural europeu: <em>como os europeus, sendo como s\u00e3o, conseguiram criar suas magnific\u00eancias culturais<\/em>? A resposta \u00e9 simples: <em>os europeus s\u00e3o humanos e em toda humanidade florecem juntos o bem e o mal, a nobreza e a corrup\u00e7\u00e3o<\/em>. Na ess\u00eancia, eu, voc\u00ea e todas as demais pessoas somos como os europeus e eles s\u00e3o como n\u00f3s: capazes de a\u00e7\u00f5es belas e tamb\u00e9m terr\u00edveis.<\/p>\n<p><strong>Enfim, s\u00f3 h\u00e1 uma esperan\u00e7a: <em>que todos sejamos melhores do que sempre fomos<\/em><\/strong>.<\/p>\n<p style=\"text-align: center\">\u00a0&#8212; II &#8212;<\/p>\n<p><strong>Agora, tudo que foi dito sobre a Europa tamb\u00e9m se aplica a seu descendente esquizofr\u00eanico, os Estados Unidos<\/strong>:<\/p>\n<blockquote><p>&#8220;Nosso modo de criar riquezas injetou tantas toxinas no mundo financeiro e no mundo natural que, em 2008\/2009, estas abalaram as pr\u00f3prias funda\u00e7\u00f5es de nosso mercados e ecossistemas. Embora possa parecer, superficialmente, que uma coisa n\u00e3o tem rela\u00e7\u00e3o com a outra, tanto a desestabiliza\u00e7\u00e3o do Mercado quanto da M\u00e3e Natureza t\u00eam as mesmas ra\u00edzes. Eis por que tantoo banco de investimentos Bear Stearns quanto os ursos-polares enfrentaram a extin\u00e7\u00e3o ao mesmo tempo. Eis por que o Citibank, os bancos da Isl\u00e2ndia e os bancos de gelo da Ant\u00e1rtida dereteram todos ao mesmo tempo. A mesma neglig\u00eancia solapou todos eles. <em>Estou falando sobre uma ampla quebra no n\u00edvel de responsabilidade individual e institucional por parte de atores-chave, tanto no mundo natural quanto no mundo financeiro &#8211; al\u00e9m de um profundo mergulho na desonestidade cont\u00e1bil, que permitiu a indiv\u00edduos, bancos e firmas de investimento ocultarem ou subestimarem os riscos, privatizarem os lucros e socializarem os preju\u00edzos, sem que o p\u00fablico, em geral, soubesse o que estava acontecendo<\/em>. \u00c9 claro que nem todo crescimento verificado nos Estados Unidosou em outros lugares foi fraudulento &#8211; longe disso. (\u2026) Mas, pelo menos nos Estados Unidos, <em>uma parte consider\u00e1vel de nosso crescimento econ\u00f4mico n\u00e3o foi inventada; foi tirada dos cofrinhos das crian\u00e7as e das reservas da M\u00e3e Natureza<\/em>. Portanto, enquanto sociedade, acabamos vivendo al\u00e9m de nossas posses coletivas.&#8221;<br \/>\nThomas L. Friedman: <em>Quente, Plano e Lotado: os desafios e oportunidades de um novo mundo<\/em>. Editora Objetiva: Rio de Janeiro, 2010: pp.15-16. (<em>\u00canfases acrescentadas<\/em>)<\/p><\/blockquote>\n","protected":false},"excerpt":{"rendered":"<p>Estou transtornado com a Europa. Considerando todo legado de sua hist\u00f3ria milenar, sua tradi\u00e7\u00e3o cultural, filos\u00f3fica, acad\u00eamica, cient\u00edfica e tecnol\u00f3gica, eu esperava que ela seria atualmente a mais importante lideran\u00e7a mundial, exemplo de humanismo e civilidade para todas as na\u00e7\u00f5es do mundo. Entretanto, hoje ela est\u00e1 imersa numa profunda crise provocada por imposturas escandalosas na &hellip; <a href=\"https:\/\/blog.ufes.br\/luciofassarella\/2013\/04\/15\/mundo-a-decadencia-da-europa\/\">Continue reading <span class=\"meta-nav\">&rarr;<\/span><\/a><\/p>\n","protected":false},"author":73,"featured_media":0,"comment_status":"open","ping_status":"open","sticky":false,"template":"","format":"standard","meta":{"_bbp_topic_count":0,"_bbp_reply_count":0,"_bbp_total_topic_count":0,"_bbp_total_reply_count":0,"_bbp_voice_count":0,"_bbp_anonymous_reply_count":0,"_bbp_topic_count_hidden":0,"_bbp_reply_count_hidden":0,"_bbp_forum_subforum_count":0,"_uag_custom_page_level_css":"","footnotes":""},"categories":[12],"tags":[],"class_list":["post-267","post","type-post","status-publish","format-standard","hentry","category-mundo-politica-economia"],"uagb_featured_image_src":{"full":false,"thumbnail":false,"medium":false,"medium_large":false,"large":false,"1536x1536":false,"2048x2048":false},"uagb_author_info":{"display_name":"luciofassarella","author_link":"https:\/\/blog.ufes.br\/luciofassarella\/author\/lucio_souza-fassarella\/"},"uagb_comment_info":0,"uagb_excerpt":"Estou transtornado com a Europa. Considerando todo legado de sua hist\u00f3ria milenar, sua tradi\u00e7\u00e3o cultural, filos\u00f3fica, acad\u00eamica, cient\u00edfica e tecnol\u00f3gica, eu esperava que ela seria atualmente a mais importante lideran\u00e7a mundial, exemplo de humanismo e civilidade para todas as na\u00e7\u00f5es do mundo. Entretanto, hoje ela est\u00e1 imersa numa profunda crise provocada por imposturas escandalosas na&hellip;","_links":{"self":[{"href":"https:\/\/blog.ufes.br\/luciofassarella\/wp-json\/wp\/v2\/posts\/267","targetHints":{"allow":["GET"]}}],"collection":[{"href":"https:\/\/blog.ufes.br\/luciofassarella\/wp-json\/wp\/v2\/posts"}],"about":[{"href":"https:\/\/blog.ufes.br\/luciofassarella\/wp-json\/wp\/v2\/types\/post"}],"author":[{"embeddable":true,"href":"https:\/\/blog.ufes.br\/luciofassarella\/wp-json\/wp\/v2\/users\/73"}],"replies":[{"embeddable":true,"href":"https:\/\/blog.ufes.br\/luciofassarella\/wp-json\/wp\/v2\/comments?post=267"}],"version-history":[{"count":10,"href":"https:\/\/blog.ufes.br\/luciofassarella\/wp-json\/wp\/v2\/posts\/267\/revisions"}],"predecessor-version":[{"id":313,"href":"https:\/\/blog.ufes.br\/luciofassarella\/wp-json\/wp\/v2\/posts\/267\/revisions\/313"}],"wp:attachment":[{"href":"https:\/\/blog.ufes.br\/luciofassarella\/wp-json\/wp\/v2\/media?parent=267"}],"wp:term":[{"taxonomy":"category","embeddable":true,"href":"https:\/\/blog.ufes.br\/luciofassarella\/wp-json\/wp\/v2\/categories?post=267"},{"taxonomy":"post_tag","embeddable":true,"href":"https:\/\/blog.ufes.br\/luciofassarella\/wp-json\/wp\/v2\/tags?post=267"}],"curies":[{"name":"wp","href":"https:\/\/api.w.org\/{rel}","templated":true}]}}