{"id":305,"date":"2013-05-27T17:41:44","date_gmt":"2013-05-27T17:41:44","guid":{"rendered":"http:\/\/blog.ufes.br\/luciofassarella\/?p=305"},"modified":"2013-06-05T14:29:04","modified_gmt":"2013-06-05T14:29:04","slug":"brasil-impotencia-descaminhos","status":"publish","type":"post","link":"https:\/\/blog.ufes.br\/luciofassarella\/2013\/05\/27\/brasil-impotencia-descaminhos\/","title":{"rendered":"Brasil (Im)pot\u00eancia: descaminhos"},"content":{"rendered":"<p><strong>Por que o Brasil n\u00e3o deslancha?<\/strong> H\u00e1 muitas raz\u00f5es para nosso atraso, mas destacam-se a politicagem, a corrup\u00e7\u00e3o e a qualidade ruim da educa\u00e7\u00e3o.<\/p>\n<p>&nbsp;<\/p>\n<ul>\n<li><strong>Educa\u00e7\u00e3o desqualificada<\/strong><strong><\/strong><\/li>\n<\/ul>\n<ol>\n<li><strong>A educa\u00e7\u00e3o t\u00e9cnica e superior n\u00e3o est\u00e3o em sintonia com as necessidades do mercado de trabalho<\/strong>:<br \/>\n&gt; Valor Econ\u00f4mico (SP): <em>A falta de sintonia entre escolas, jovens e empresas: Mona Mourshed, da McKinsey, diz que escolas n\u00e3o fazem pontes para alunos<\/em>. Todos Pela Educa\u00e7\u00e3o, 26 de Maio de 2013. <a title=\"webpage\" href=\"http:\/\/www.todospelaeducacao.org.br\/comunicacao-e-midia\/noticias\/27050\/a-falta-de-sintonia-entre-escolas-jovens-e-empresas\/\" target=\"_blank\">Link<\/a>!<\/li>\n<\/ol>\n<ul>\n<li><strong>Planos estrat\u00e9gicos equivocados<\/strong><\/li>\n<\/ul>\n<ol>\n<li><strong>Pol\u00edtica Energ\u00e9tica<\/strong><br \/>\n&gt; R.C. de Cerqueira Leite: <em>O poder do pr\u00e9-sal<\/em>. JC e-mail 4725, de 14 de Maio de 2013. <a title=\"webpage\" href=\"http:\/\/www.jornaldaciencia.org.br\/Detalhe.jsp?id=87060\" target=\"_blank\">Link<\/a>! <span style=\"color: #008000\">N\u00e3o tenho compet\u00eancia para afirmar (como R.C. de Cerqueira Leite) que a pol\u00edtica energ\u00e9tica do Brasil est\u00e1 equivocada em sua \u00eanfase no petr\u00f3leo, mas d\u00e1 para desconfiar pelo fato dessa fonte de energia ser muito poluente e possuir elevado risco ambiental. Al\u00e9m disso, n\u00e3o \u00e9 paradoxal que o governo<\/span><span style=\"color: #008000\"> agora<\/span><span style=\"color: #008000\"> venha fazer propaganda para os brasileiros substituirem a gasolina por etanol como combust\u00edvel para seus autom\u00f3veis?<\/span><br \/>\n&gt; Editorial do Jornal O Estado de S\u00e3o Paulo de 14\/05: <em>Belo Monte, atrasada e cara<\/em>. JC e-mail 4725, de 14 de Maio de 2013. <a title=\"webpage\" href=\"http:\/\/www.jornaldaciencia.org.br\/Detalhe.jsp?id=87054\" target=\"_blank\">Link<\/a>!<br \/>\n&gt; Marcelo Leite: <em>Pesquisa refor\u00e7a desconfian\u00e7a de que novas barragens chegar\u00e3o ao Xingu<\/em>. JC e-mail 4725, de 14 de Maio de 2013. <a title=\"webpage\" href=\"http:\/\/www.jornaldaciencia.org.br\/Detalhe.jsp?id=87056\" target=\"_blank\">Link<\/a>!<\/li>\n<\/ol>\n","protected":false},"excerpt":{"rendered":"<p>Por que o Brasil n\u00e3o deslancha? H\u00e1 muitas raz\u00f5es para nosso atraso, mas destacam-se a politicagem, a corrup\u00e7\u00e3o e a qualidade ruim da educa\u00e7\u00e3o. &nbsp; Educa\u00e7\u00e3o desqualificada A educa\u00e7\u00e3o t\u00e9cnica e superior n\u00e3o est\u00e3o em sintonia com as necessidades do mercado de trabalho: &gt; Valor Econ\u00f4mico (SP): A falta de sintonia entre escolas, jovens e &hellip; <a href=\"https:\/\/blog.ufes.br\/luciofassarella\/2013\/05\/27\/brasil-impotencia-descaminhos\/\">Continue reading <span class=\"meta-nav\">&rarr;<\/span><\/a><\/p>\n","protected":false},"author":73,"featured_media":0,"comment_status":"open","ping_status":"open","sticky":false,"template":"","format":"standard","meta":{"_bbp_topic_count":0,"_bbp_reply_count":0,"_bbp_total_topic_count":0,"_bbp_total_reply_count":0,"_bbp_voice_count":0,"_bbp_anonymous_reply_count":0,"_bbp_topic_count_hidden":0,"_bbp_reply_count_hidden":0,"_bbp_forum_subforum_count":0,"_uag_custom_page_level_css":"","footnotes":""},"categories":[14,9],"tags":[],"class_list":["post-305","post","type-post","status-publish","format-standard","hentry","category-politica-brasil","category-sociedade"],"uagb_featured_image_src":{"full":false,"thumbnail":false,"medium":false,"medium_large":false,"large":false,"1536x1536":false,"2048x2048":false},"uagb_author_info":{"display_name":"luciofassarella","author_link":"https:\/\/blog.ufes.br\/luciofassarella\/author\/lucio_souza-fassarella\/"},"uagb_comment_info":0,"uagb_excerpt":"Por que o Brasil n\u00e3o deslancha? H\u00e1 muitas raz\u00f5es para nosso atraso, mas destacam-se a politicagem, a corrup\u00e7\u00e3o e a qualidade ruim da educa\u00e7\u00e3o. &nbsp; Educa\u00e7\u00e3o desqualificada A educa\u00e7\u00e3o t\u00e9cnica e superior n\u00e3o est\u00e3o em sintonia com as necessidades do mercado de trabalho: &gt; Valor Econ\u00f4mico (SP): A falta de sintonia entre escolas, jovens e&hellip;","_links":{"self":[{"href":"https:\/\/blog.ufes.br\/luciofassarella\/wp-json\/wp\/v2\/posts\/305","targetHints":{"allow":["GET"]}}],"collection":[{"href":"https:\/\/blog.ufes.br\/luciofassarella\/wp-json\/wp\/v2\/posts"}],"about":[{"href":"https:\/\/blog.ufes.br\/luciofassarella\/wp-json\/wp\/v2\/types\/post"}],"author":[{"embeddable":true,"href":"https:\/\/blog.ufes.br\/luciofassarella\/wp-json\/wp\/v2\/users\/73"}],"replies":[{"embeddable":true,"href":"https:\/\/blog.ufes.br\/luciofassarella\/wp-json\/wp\/v2\/comments?post=305"}],"version-history":[{"count":5,"href":"https:\/\/blog.ufes.br\/luciofassarella\/wp-json\/wp\/v2\/posts\/305\/revisions"}],"predecessor-version":[{"id":343,"href":"https:\/\/blog.ufes.br\/luciofassarella\/wp-json\/wp\/v2\/posts\/305\/revisions\/343"}],"wp:attachment":[{"href":"https:\/\/blog.ufes.br\/luciofassarella\/wp-json\/wp\/v2\/media?parent=305"}],"wp:term":[{"taxonomy":"category","embeddable":true,"href":"https:\/\/blog.ufes.br\/luciofassarella\/wp-json\/wp\/v2\/categories?post=305"},{"taxonomy":"post_tag","embeddable":true,"href":"https:\/\/blog.ufes.br\/luciofassarella\/wp-json\/wp\/v2\/tags?post=305"}],"curies":[{"name":"wp","href":"https:\/\/api.w.org\/{rel}","templated":true}]}}