{"id":361,"date":"2013-06-07T21:56:29","date_gmt":"2013-06-07T21:56:29","guid":{"rendered":"http:\/\/blog.ufes.br\/luciofassarella\/?p=361"},"modified":"2018-05-29T19:19:01","modified_gmt":"2018-05-29T19:19:01","slug":"a-importancia-da-matematica","status":"publish","type":"post","link":"https:\/\/blog.ufes.br\/luciofassarella\/2013\/06\/07\/a-importancia-da-matematica\/","title":{"rendered":"Matem\u00e1tica: fascinante e fundamental"},"content":{"rendered":"<p>A Matem\u00e1tica \u00e9 fascinante e esse fasc\u00ednio leva muitas pessoas a se dedicarem a seu estudo e desenvolvimento. Mas n\u00e3o \u00e9 por causa do fasc\u00ednio pela Matem\u00e1tica que a sociedade paga os matem\u00e1ticos e custeia suas despesas com pesquisa: \u00e9 por causa das s<span style=\"font-family: Georgia, 'Times New Roman', 'Bitstream Charter', Times, serif\">uas inumer\u00e1veis aplica\u00e7\u00f5es na ci\u00eancia, tecnologia, engenharia, comunica\u00e7\u00e3o, economia, administra\u00e7\u00e3o,&#8230;<\/span><\/p>\n<p>De fato, nossa sociedade tecnol\u00f3gica tornou-se t\u00e3o dependente da Matem\u00e1tica que atualmente \u00e9 imposs\u00edvel conceber a humanidade persistindo sem ela, a n\u00e3o ser imaginando a ocorr\u00eancia de um cataclismo mundial que deixe relativamente poucos de n\u00f3s vivos!<\/p>\n<blockquote><p>&#8220;Nem sempre esta rela\u00e7\u00e3o da matem\u00e1tica com outras ci\u00eancias \u00e9 clara, nem \u00e9 ela que guia o trabalho dos matem\u00e1ticos, mais atra\u00eddos por quest\u00f5es de est\u00e9tica e beleza, mas essa influ\u00eancia de suas descobertas em outras \u00e1reas costuma aparecer, nem que seja muitos anos depois. A verdade \u00e9 que, se a matem\u00e1tica parar, a f\u00edsica, a biologia, a engenharia tamb\u00e9m v\u00e3o estagnar, e por isso \u00e9 importante para um pa\u00eds manter um corpo de pesquisadores capacitados em matem\u00e1tica.&#8221; Fernando Cod\u00e1 Marques (IMPA) [1]<\/p><\/blockquote>\n<p>[1] Cesar Baima (O Globo): <em>A multiplica\u00e7\u00e3o de talentos do Instituto de Matem\u00e1tica Pura e Aplicada<\/em>. JC e-mail 4742, de 07 de Junho de 2013. <a title=\"webpage\" href=\"http:\/\/www.jornaldaciencia.org.br\/Detalhe.jsp?id=87438\" target=\"_blank\" rel=\"noopener\">Link<\/a>!<\/p>\n","protected":false},"excerpt":{"rendered":"<p>A Matem\u00e1tica \u00e9 fascinante e esse fasc\u00ednio leva muitas pessoas a se dedicarem a seu estudo e desenvolvimento. Mas n\u00e3o \u00e9 por causa do fasc\u00ednio pela Matem\u00e1tica que a sociedade paga os matem\u00e1ticos e custeia suas despesas com pesquisa: \u00e9 por causa das suas inumer\u00e1veis aplica\u00e7\u00f5es na ci\u00eancia, tecnologia, engenharia, comunica\u00e7\u00e3o, economia, administra\u00e7\u00e3o,&#8230; De fato, &hellip; <a href=\"https:\/\/blog.ufes.br\/luciofassarella\/2013\/06\/07\/a-importancia-da-matematica\/\">Continue reading <span class=\"meta-nav\">&rarr;<\/span><\/a><\/p>\n","protected":false},"author":73,"featured_media":0,"comment_status":"closed","ping_status":"open","sticky":false,"template":"","format":"standard","meta":{"_bbp_topic_count":0,"_bbp_reply_count":0,"_bbp_total_topic_count":0,"_bbp_total_reply_count":0,"_bbp_voice_count":0,"_bbp_anonymous_reply_count":0,"_bbp_topic_count_hidden":0,"_bbp_reply_count_hidden":0,"_bbp_forum_subforum_count":0,"_uag_custom_page_level_css":"","footnotes":""},"categories":[10,15],"tags":[],"class_list":["post-361","post","type-post","status-publish","format-standard","hentry","category-ciencia","category-matematica"],"uagb_featured_image_src":{"full":false,"thumbnail":false,"medium":false,"medium_large":false,"large":false,"1536x1536":false,"2048x2048":false},"uagb_author_info":{"display_name":"luciofassarella","author_link":"https:\/\/blog.ufes.br\/luciofassarella\/author\/lucio_souza-fassarella\/"},"uagb_comment_info":0,"uagb_excerpt":"A Matem\u00e1tica \u00e9 fascinante e esse fasc\u00ednio leva muitas pessoas a se dedicarem a seu estudo e desenvolvimento. Mas n\u00e3o \u00e9 por causa do fasc\u00ednio pela Matem\u00e1tica que a sociedade paga os matem\u00e1ticos e custeia suas despesas com pesquisa: \u00e9 por causa das suas inumer\u00e1veis aplica\u00e7\u00f5es na ci\u00eancia, tecnologia, engenharia, comunica\u00e7\u00e3o, economia, administra\u00e7\u00e3o,&#8230; De fato,&hellip;","_links":{"self":[{"href":"https:\/\/blog.ufes.br\/luciofassarella\/wp-json\/wp\/v2\/posts\/361","targetHints":{"allow":["GET"]}}],"collection":[{"href":"https:\/\/blog.ufes.br\/luciofassarella\/wp-json\/wp\/v2\/posts"}],"about":[{"href":"https:\/\/blog.ufes.br\/luciofassarella\/wp-json\/wp\/v2\/types\/post"}],"author":[{"embeddable":true,"href":"https:\/\/blog.ufes.br\/luciofassarella\/wp-json\/wp\/v2\/users\/73"}],"replies":[{"embeddable":true,"href":"https:\/\/blog.ufes.br\/luciofassarella\/wp-json\/wp\/v2\/comments?post=361"}],"version-history":[{"count":14,"href":"https:\/\/blog.ufes.br\/luciofassarella\/wp-json\/wp\/v2\/posts\/361\/revisions"}],"predecessor-version":[{"id":877,"href":"https:\/\/blog.ufes.br\/luciofassarella\/wp-json\/wp\/v2\/posts\/361\/revisions\/877"}],"wp:attachment":[{"href":"https:\/\/blog.ufes.br\/luciofassarella\/wp-json\/wp\/v2\/media?parent=361"}],"wp:term":[{"taxonomy":"category","embeddable":true,"href":"https:\/\/blog.ufes.br\/luciofassarella\/wp-json\/wp\/v2\/categories?post=361"},{"taxonomy":"post_tag","embeddable":true,"href":"https:\/\/blog.ufes.br\/luciofassarella\/wp-json\/wp\/v2\/tags?post=361"}],"curies":[{"name":"wp","href":"https:\/\/api.w.org\/{rel}","templated":true}]}}