{"id":558,"date":"2016-04-10T16:30:26","date_gmt":"2016-04-10T16:30:26","guid":{"rendered":"http:\/\/blog.ufes.br\/luciofassarella\/?p=558"},"modified":"2016-07-26T16:49:27","modified_gmt":"2016-07-26T16:49:27","slug":"juventude-e-heroismo","status":"publish","type":"post","link":"https:\/\/blog.ufes.br\/luciofassarella\/2016\/04\/10\/juventude-e-heroismo\/","title":{"rendered":"Juventude e Hero\u00edsmo"},"content":{"rendered":"<p align=\"JUSTIFY\">Se est\u00e3o perdidos, quero encontrar;<\/p>\n<p align=\"JUSTIFY\">Se est\u00e3o desesperados, quero consolar;<\/p>\n<p align=\"JUSTIFY\">N\u00e3o quero pregar ilus\u00f5es, nem fazer promessas vazias;<\/p>\n<p align=\"JUSTIFY\">Quero ser verdadeiro,<\/p>\n<p align=\"JUSTIFY\">Quero dar um modo de vida:<\/p>\n<p align=\"JUSTIFY\">Sonhar e Lutar &#8211; ou seja,<\/p>\n<p align=\"JUSTIFY\"><em>Esperan\u00e7ar<\/em>!<\/p>\n<p align=\"JUSTIFY\">Mas, h\u00e1 que se ter hero\u00edsmo;<\/p>\n<p align=\"JUSTIFY\">H\u00e1 que se ser destemido;<\/p>\n<p align=\"JUSTIFY\">H\u00e1 que se buscar o para\u00edso<\/p>\n<p align=\"JUSTIFY\">mesmo que todos o neguem,<\/p>\n<p align=\"JUSTIFY\">e se afastar do abismo,<\/p>\n<p align=\"JUSTIFY\">mesmo que todos o preguem.<\/p>\n<ul>\n<li><span style=\"color: #008000\">&#8220;O homem dar\u00e1 a vida pela sua p\u00e1tria, sua sociedade, sua fam\u00edlia. Tomar\u00e1 a decis\u00e3o de atirar-se sobre uma granada para salvar seus camaradas; ele \u00e9 capaz da mais alta generosidade e do mais elevado auto-sacrif\u00edcio. Mas tem que sentir e crer que aquilo que est\u00e1 fazendo \u00e9 verdadeiramente heroico, transcendente ao tempo e extremamente significativo. A crise da sociedade moderna est\u00e1 precisamente no fato de que os jovens j\u00e1 n\u00e3o se sentem seres heroicos no plano de a\u00e7\u00e3o preparado pela sua cultura. Eles n\u00e3o acreditam que este plano seja verdadeiro para os problemas de suas vidas e de sua \u00e9poca. Estamos vivendo uma crise de hero\u00edsmo que atinge todos os aspectos da vida social. H\u00e1 os que abandonam o hero\u00edsmo da universidade, outros, o da atividade econ\u00f4mica e de uma carreira, alguns o da atividade pol\u00edtica. (&#8230;). A grande perplexidade e agita\u00e7\u00e3o de nossa \u00e9poca \u00e9 que os jovens perceberam &#8211; sabe-se l\u00e1 quais as consequ\u00eancias &#8211; uma grande verdade s\u00f3cio-hist\u00f3rica: assim como h\u00e1 auto-sacrif\u00edcios in\u00fateis em guerras injustas, tamb\u00e9m existe uma ign\u00f3bil atividade heroica de sociedades inteiras: pode ser a perversamente destruidora atividade heroica da Alemanha de Hitler ou o simples, degradante e tolo ato heroico da aquisi\u00e7\u00e3o e exibi\u00e7\u00e3o de bens de consumo, no ac\u00famulo de dinheiro e de privil\u00e9gios que agora caracteriza sistemas de vida inteiros, tanto capitalistas como sovi\u00e9ticos.&#8221;<\/span><br \/>\n<span style=\"color: #008000\"> Ernest Becker: <i>A Nega\u00e7\u00e3o da Morte &#8211; 6a. edi\u00e7\u00e3o<\/i>. Tradu\u00e7\u00e3o: Luiz Carlos do Nascimento Silva. Record: Rio de Janeiro, 2013: p.26.<\/span><\/li>\n<\/ul>\n","protected":false},"excerpt":{"rendered":"<p>Se est\u00e3o perdidos, quero encontrar; Se est\u00e3o desesperados, quero consolar; N\u00e3o quero pregar ilus\u00f5es, nem fazer promessas vazias; Quero ser verdadeiro, Quero dar um modo de vida: Sonhar e Lutar &#8211; ou seja, Esperan\u00e7ar! Mas, h\u00e1 que se ter hero\u00edsmo; H\u00e1 que se ser destemido; H\u00e1 que se buscar o para\u00edso mesmo que todos o &hellip; <a href=\"https:\/\/blog.ufes.br\/luciofassarella\/2016\/04\/10\/juventude-e-heroismo\/\">Continue reading <span class=\"meta-nav\">&rarr;<\/span><\/a><\/p>\n","protected":false},"author":73,"featured_media":0,"comment_status":"closed","ping_status":"open","sticky":false,"template":"","format":"standard","meta":{"_bbp_topic_count":0,"_bbp_reply_count":0,"_bbp_total_topic_count":0,"_bbp_total_reply_count":0,"_bbp_voice_count":0,"_bbp_anonymous_reply_count":0,"_bbp_topic_count_hidden":0,"_bbp_reply_count_hidden":0,"_bbp_forum_subforum_count":0,"_uag_custom_page_level_css":"","footnotes":""},"categories":[1],"tags":[],"class_list":["post-558","post","type-post","status-publish","format-standard","hentry","category-sem-categoria"],"uagb_featured_image_src":{"full":false,"thumbnail":false,"medium":false,"medium_large":false,"large":false,"1536x1536":false,"2048x2048":false},"uagb_author_info":{"display_name":"luciofassarella","author_link":"https:\/\/blog.ufes.br\/luciofassarella\/author\/lucio_souza-fassarella\/"},"uagb_comment_info":0,"uagb_excerpt":"Se est\u00e3o perdidos, quero encontrar; Se est\u00e3o desesperados, quero consolar; N\u00e3o quero pregar ilus\u00f5es, nem fazer promessas vazias; Quero ser verdadeiro, Quero dar um modo de vida: Sonhar e Lutar &#8211; ou seja, Esperan\u00e7ar! Mas, h\u00e1 que se ter hero\u00edsmo; H\u00e1 que se ser destemido; H\u00e1 que se buscar o para\u00edso mesmo que todos o&hellip;","_links":{"self":[{"href":"https:\/\/blog.ufes.br\/luciofassarella\/wp-json\/wp\/v2\/posts\/558","targetHints":{"allow":["GET"]}}],"collection":[{"href":"https:\/\/blog.ufes.br\/luciofassarella\/wp-json\/wp\/v2\/posts"}],"about":[{"href":"https:\/\/blog.ufes.br\/luciofassarella\/wp-json\/wp\/v2\/types\/post"}],"author":[{"embeddable":true,"href":"https:\/\/blog.ufes.br\/luciofassarella\/wp-json\/wp\/v2\/users\/73"}],"replies":[{"embeddable":true,"href":"https:\/\/blog.ufes.br\/luciofassarella\/wp-json\/wp\/v2\/comments?post=558"}],"version-history":[{"count":10,"href":"https:\/\/blog.ufes.br\/luciofassarella\/wp-json\/wp\/v2\/posts\/558\/revisions"}],"predecessor-version":[{"id":652,"href":"https:\/\/blog.ufes.br\/luciofassarella\/wp-json\/wp\/v2\/posts\/558\/revisions\/652"}],"wp:attachment":[{"href":"https:\/\/blog.ufes.br\/luciofassarella\/wp-json\/wp\/v2\/media?parent=558"}],"wp:term":[{"taxonomy":"category","embeddable":true,"href":"https:\/\/blog.ufes.br\/luciofassarella\/wp-json\/wp\/v2\/categories?post=558"},{"taxonomy":"post_tag","embeddable":true,"href":"https:\/\/blog.ufes.br\/luciofassarella\/wp-json\/wp\/v2\/tags?post=558"}],"curies":[{"name":"wp","href":"https:\/\/api.w.org\/{rel}","templated":true}]}}