{"id":1025,"date":"2023-08-16T11:03:00","date_gmt":"2023-08-16T14:03:00","guid":{"rendered":"https:\/\/blog.ufes.br\/nau-ufes\/?p=1025"},"modified":"2023-08-16T11:36:18","modified_gmt":"2023-08-16T14:36:18","slug":"trabalhos-publicados-em-anais-de-eventos","status":"publish","type":"post","link":"https:\/\/blog.ufes.br\/nau-ufes\/2023\/08\/16\/trabalhos-publicados-em-anais-de-eventos\/","title":{"rendered":"Trabalhos publicados em Anais de Eventos"},"content":{"rendered":"\n<div class=\"wp-block-columns is-layout-flex wp-container-core-columns-is-layout-9d6595d7 wp-block-columns-is-layout-flex\">\n<div class=\"wp-block-column is-layout-flow wp-block-column-is-layout-flow\">\n<p><strong>T\u00edtulo:<\/strong>\u00a0A cidade, o com\u00e9rcio e um porto: endere\u00e7os n\u00e3o residenciais em Vit\u00f3ria a partir de georreferenciamento hist\u00f3rico (1920 -1940)<\/p>\n\n\n\n<p><strong>Autoras:\u00a0<\/strong>Fl\u00e1via Botechia, R\u00fabia Dalvi Ata\u00edde<\/p>\n\n\n\n<p><strong>Ano:\u00a0<\/strong>2022<\/p>\n\n\n\n<p><a href=\"https:\/\/ufesbr.sharepoint.com\/:b:\/s\/BlogNau\/EcukJyIeopBNiOgIV4MJ5FkBv9cu_5BGsYyGPQD5j-DlqQ?e=22BIo1\" data-type=\"URL\" data-id=\"https:\/\/ufesbr.sharepoint.com\/:b:\/s\/BlogNau\/EcukJyIeopBNiOgIV4MJ5FkBv9cu_5BGsYyGPQD5j-DlqQ?e=22BIo1\"><strong>Acesse aqui!<\/strong><\/a><\/p>\n<\/div>\n\n\n\n<div class=\"wp-block-column is-layout-flow wp-block-column-is-layout-flow\">\n<figure class=\"wp-block-embed is-type-rich is-provider-pinterest wp-block-embed-pinterest\"><div class=\"wp-block-embed__wrapper\">\n<iframe loading=\"lazy\" title=\"Trabalhos publicados em Anais de Eventos\" src=\"https:\/\/assets.pinterest.com\/ext\/embed.html?id=994803005177261067&#038;src=oembed\" height=\"684\" width=\"450\" frameborder=\"0\" scrolling=\"no\" ><\/iframe>\n<\/div><\/figure>\n<\/div>\n<\/div>\n\n\n\n<div class=\"wp-block-columns is-layout-flex wp-container-core-columns-is-layout-9d6595d7 wp-block-columns-is-layout-flex\">\n<div class=\"wp-block-column is-layout-flow wp-block-column-is-layout-flow\">\n<p><strong>T\u00edtulo:<\/strong>\u00a0Do largo do col\u00e9gio ao largo da matriz: metamorfose arquitet\u00f4nica e urbana ao longo do tempo<\/p>\n\n\n\n<p><strong>Autora:\u00a0<\/strong>Fl\u00e1via Botechia<\/p>\n\n\n\n<p><strong>Ano:\u00a0<\/strong>2020<\/p>\n\n\n\n<p><a href=\"https:\/\/ufesbr.sharepoint.com\/:b:\/s\/BlogNau\/ESlVxtlnoaNDs6-STdgmaH4B9GrZm8Q1TlX8uQoarAgpYQ?e=vWBGse\" data-type=\"URL\" data-id=\"https:\/\/ufesbr.sharepoint.com\/:b:\/s\/BlogNau\/ESlVxtlnoaNDs6-STdgmaH4B9GrZm8Q1TlX8uQoarAgpYQ?e=vWBGse\"><strong>Acesse aqui!<\/strong><\/a><\/p>\n<\/div>\n\n\n\n<div class=\"wp-block-column is-layout-flow wp-block-column-is-layout-flow\">\n<figure class=\"wp-block-embed is-type-rich is-provider-pinterest wp-block-embed-pinterest\"><div class=\"wp-block-embed__wrapper\">\n<iframe loading=\"lazy\" title=\"Trabalhos publicados em Anais de Eventos\" src=\"https:\/\/assets.pinterest.com\/ext\/embed.html?id=994803005177261321&#038;src=oembed\" height=\"684\" width=\"450\" frameborder=\"0\" scrolling=\"no\" ><\/iframe>\n<\/div><\/figure>\n<\/div>\n<\/div>\n\n\n\n<div class=\"wp-block-columns is-layout-flex wp-container-core-columns-is-layout-9d6595d7 wp-block-columns-is-layout-flex\">\n<div class=\"wp-block-column is-layout-flow wp-block-column-is-layout-flow\">\n<p><strong>T\u00edtulo:<\/strong>\u00a0A cidade em imagens: Invent\u00e1rio, Indexa\u00e7\u00e3o e digitaliza\u00e7\u00e3o dos planos urban\u00edsticos de Vit\u00f3ria<\/p>\n\n\n\n<p><strong>Autora:\u00a0<\/strong>Fl\u00e1via Botechia<\/p>\n\n\n\n<p><strong>Ano:&nbsp;<\/strong>2020<\/p>\n\n\n\n<p><strong><a href=\"https:\/\/ufesbr.sharepoint.com\/:b:\/s\/BlogNau\/EZeIVtxPABVOp_VbsmH4584B61A-42Cu4V5bt5gMGqbrrg?e=2ZRsmr\" data-type=\"URL\" data-id=\"https:\/\/ufesbr.sharepoint.com\/:b:\/s\/BlogNau\/EZeIVtxPABVOp_VbsmH4584B61A-42Cu4V5bt5gMGqbrrg?e=2ZRsmr\">Acesse aqui!<\/a><\/strong><\/p>\n<\/div>\n\n\n\n<div class=\"wp-block-column is-layout-flow wp-block-column-is-layout-flow\">\n<figure class=\"wp-block-embed is-type-rich is-provider-pinterest wp-block-embed-pinterest\"><div class=\"wp-block-embed__wrapper\">\n<iframe loading=\"lazy\" title=\"Trabalhos publicados em Anais de Eventos\" src=\"https:\/\/assets.pinterest.com\/ext\/embed.html?id=994803005177261559&#038;src=oembed\" height=\"684\" width=\"450\" frameborder=\"0\" scrolling=\"no\" ><\/iframe>\n<\/div><\/figure>\n<\/div>\n<\/div>\n\n\n\n<div class=\"wp-block-columns is-layout-flex wp-container-core-columns-is-layout-9d6595d7 wp-block-columns-is-layout-flex\">\n<div class=\"wp-block-column is-layout-flow wp-block-column-is-layout-flow\">\n<p><strong>T\u00edtulo:<\/strong>\u00a0Ciudad Superpuesta. La persistencia de las formas urbanas en Vitoria<\/p>\n\n\n\n<p><strong>Autoras:\u00a0<\/strong>Fl\u00e1via Botechia, Maria Isabel Villac<\/p>\n\n\n\n<p><strong>Ano:\u00a0<\/strong>2020<\/p>\n\n\n\n<p><strong><a href=\"https:\/\/ufesbr.sharepoint.com\/:b:\/s\/BlogNau\/EdazMgLshQBLsNg7rE7iV_ABxkuhKUmUx6-6ijrTUKON0w?e=E0xNmn\" data-type=\"URL\" data-id=\"https:\/\/ufesbr.sharepoint.com\/:b:\/s\/BlogNau\/EdazMgLshQBLsNg7rE7iV_ABxkuhKUmUx6-6ijrTUKON0w?e=E0xNmn\">Acesse aqui!<\/a><\/strong><\/p>\n<\/div>\n\n\n\n<div class=\"wp-block-column is-layout-flow wp-block-column-is-layout-flow\">\n<figure class=\"wp-block-embed is-type-rich is-provider-pinterest wp-block-embed-pinterest\"><div class=\"wp-block-embed__wrapper\">\n<iframe loading=\"lazy\" title=\"Trabalhos publicados em Anais de Eventos\" src=\"https:\/\/assets.pinterest.com\/ext\/embed.html?id=994803005177262270&#038;src=oembed\" height=\"684\" width=\"450\" frameborder=\"0\" scrolling=\"no\" ><\/iframe>\n<\/div><\/figure>\n<\/div>\n<\/div>\n\n\n\n<div class=\"wp-block-columns is-layout-flex wp-container-core-columns-is-layout-9d6595d7 wp-block-columns-is-layout-flex\">\n<div class=\"wp-block-column is-layout-flow wp-block-column-is-layout-flow\">\n<p><strong>T\u00edtulo:<\/strong>\u00a0Novo Arrabalde aos peda\u00e7os &#8211; O quebra-cabe\u00e7a das plantas com a divis\u00e3o dos lotes de Saturnino de Brito<\/p>\n\n\n\n<p><strong>Autores:\u00a0<\/strong>Fl\u00e1via Botechia, Heraldo Ferreira Borges<\/p>\n\n\n\n<p><strong>Ano:\u00a0<\/strong>2018<\/p>\n\n\n\n<p><strong><a href=\"https:\/\/ufesbr.sharepoint.com\/:b:\/s\/BlogNau\/EQ-uWbfHrxhNvu8v84M4EgcBUhQznW9NrMeQ861p33IV_Q?e=Je3v6n\" data-type=\"URL\" data-id=\"https:\/\/ufesbr.sharepoint.com\/:b:\/s\/BlogNau\/EQ-uWbfHrxhNvu8v84M4EgcBUhQznW9NrMeQ861p33IV_Q?e=Je3v6n\">Acesse aqui!<\/a><\/strong><\/p>\n<\/div>\n\n\n\n<div class=\"wp-block-column is-layout-flow wp-block-column-is-layout-flow\">\n<figure class=\"wp-block-embed is-type-rich is-provider-pinterest wp-block-embed-pinterest\"><div class=\"wp-block-embed__wrapper\">\n<iframe loading=\"lazy\" title=\"Trabalhos publicados em Anais de Eventos\" src=\"https:\/\/assets.pinterest.com\/ext\/embed.html?id=994803005177262058&#038;src=oembed\" height=\"684\" width=\"450\" frameborder=\"0\" scrolling=\"no\" ><\/iframe>\n<\/div><\/figure>\n<\/div>\n<\/div>\n","protected":false},"excerpt":{"rendered":"<p>T\u00edtulo:\u00a0A cidade, o com\u00e9rcio e um porto: endere\u00e7os n\u00e3o residenciais em Vit\u00f3ria a partir de georreferenciamento hist\u00f3rico (1920 -1940) Autoras:\u00a0Fl\u00e1via Botechia, R\u00fabia Dalvi Ata\u00edde Ano:\u00a02022 Acesse aqui! T\u00edtulo:\u00a0Do largo do col\u00e9gio ao largo da matriz: metamorfose arquitet\u00f4nica e urbana ao longo do tempo Autora:\u00a0Fl\u00e1via Botechia Ano:\u00a02020 Acesse aqui! T\u00edtulo:\u00a0A cidade em imagens: Invent\u00e1rio, Indexa\u00e7\u00e3o e [&hellip;]<\/p>\n","protected":false},"author":456,"featured_media":0,"comment_status":"open","ping_status":"open","sticky":false,"template":"","format":"standard","meta":{"_bbp_topic_count":0,"_bbp_reply_count":0,"_bbp_total_topic_count":0,"_bbp_total_reply_count":0,"_bbp_voice_count":0,"_bbp_anonymous_reply_count":0,"_bbp_topic_count_hidden":0,"_bbp_reply_count_hidden":0,"_bbp_forum_subforum_count":0,"_uag_custom_page_level_css":"","footnotes":""},"categories":[88],"tags":[],"class_list":["post-1025","post","type-post","status-publish","format-standard","hentry","category-trabalhos-publicados-em-anais-de-eventos-flavia"],"uagb_featured_image_src":{"full":false,"thumbnail":false,"medium":false,"medium_large":false,"large":false,"1536x1536":false,"2048x2048":false,"post-thumbnail":false},"uagb_author_info":{"display_name":"Pablo Carvalho dos Santos Cruz","author_link":"https:\/\/blog.ufes.br\/nau-ufes\/author\/pablo_carvalho-dos-santos-cruz\/"},"uagb_comment_info":0,"uagb_excerpt":"T\u00edtulo:\u00a0A cidade, o com\u00e9rcio e um porto: endere\u00e7os n\u00e3o residenciais em Vit\u00f3ria a partir de georreferenciamento hist\u00f3rico (1920 -1940) Autoras:\u00a0Fl\u00e1via Botechia, R\u00fabia Dalvi Ata\u00edde Ano:\u00a02022 Acesse aqui! T\u00edtulo:\u00a0Do largo do col\u00e9gio ao largo da matriz: metamorfose arquitet\u00f4nica e urbana ao longo do tempo Autora:\u00a0Fl\u00e1via Botechia Ano:\u00a02020 Acesse aqui! T\u00edtulo:\u00a0A cidade em imagens: Invent\u00e1rio, Indexa\u00e7\u00e3o e&hellip;","_links":{"self":[{"href":"https:\/\/blog.ufes.br\/nau-ufes\/wp-json\/wp\/v2\/posts\/1025","targetHints":{"allow":["GET"]}}],"collection":[{"href":"https:\/\/blog.ufes.br\/nau-ufes\/wp-json\/wp\/v2\/posts"}],"about":[{"href":"https:\/\/blog.ufes.br\/nau-ufes\/wp-json\/wp\/v2\/types\/post"}],"author":[{"embeddable":true,"href":"https:\/\/blog.ufes.br\/nau-ufes\/wp-json\/wp\/v2\/users\/456"}],"replies":[{"embeddable":true,"href":"https:\/\/blog.ufes.br\/nau-ufes\/wp-json\/wp\/v2\/comments?post=1025"}],"version-history":[{"count":3,"href":"https:\/\/blog.ufes.br\/nau-ufes\/wp-json\/wp\/v2\/posts\/1025\/revisions"}],"predecessor-version":[{"id":1033,"href":"https:\/\/blog.ufes.br\/nau-ufes\/wp-json\/wp\/v2\/posts\/1025\/revisions\/1033"}],"wp:attachment":[{"href":"https:\/\/blog.ufes.br\/nau-ufes\/wp-json\/wp\/v2\/media?parent=1025"}],"wp:term":[{"taxonomy":"category","embeddable":true,"href":"https:\/\/blog.ufes.br\/nau-ufes\/wp-json\/wp\/v2\/categories?post=1025"},{"taxonomy":"post_tag","embeddable":true,"href":"https:\/\/blog.ufes.br\/nau-ufes\/wp-json\/wp\/v2\/tags?post=1025"}],"curies":[{"name":"wp","href":"https:\/\/api.w.org\/{rel}","templated":true}]}}