{"id":1050,"date":"2023-08-17T10:02:38","date_gmt":"2023-08-17T13:02:38","guid":{"rendered":"https:\/\/blog.ufes.br\/nau-ufes\/?p=1050"},"modified":"2023-08-17T10:27:41","modified_gmt":"2023-08-17T13:27:41","slug":"extensoes","status":"publish","type":"post","link":"https:\/\/blog.ufes.br\/nau-ufes\/2023\/08\/17\/extensoes\/","title":{"rendered":"Extens\u00f5es"},"content":{"rendered":"<p>Nessa aba, oferecemos informa\u00e7\u00f5es sobre as atividades extensionistas conduzidas pelos pesquisadores do NAU: <b style=\"color: #343541;font-family: S\u00f6hne, ui-sans-serif, system-ui, -apple-system, 'Segoe UI', Roboto, Ubuntu, Cantarell, 'Noto Sans', sans-serif, 'Helvetica Neue', Arial, 'Apple Color Emoji', 'Segoe UI Emoji', 'Segoe UI Symbol', 'Noto Color Emoji';font-size: 16px\">Martha Machado Campos (Coordenadora)<\/b>, <b style=\"color: #343541;font-family: S\u00f6hne, ui-sans-serif, system-ui, -apple-system, 'Segoe UI', Roboto, Ubuntu, Cantarell, 'Noto Sans', sans-serif, 'Helvetica Neue', Arial, 'Apple Color Emoji', 'Segoe UI Emoji', 'Segoe UI Symbol', 'Noto Color Emoji';font-size: 16px\">Clara Luiza Miranda<\/b>, <b style=\"color: #343541;font-family: S\u00f6hne, ui-sans-serif, system-ui, -apple-system, 'Segoe UI', Roboto, Ubuntu, Cantarell, 'Noto Sans', sans-serif, 'Helvetica Neue', Arial, 'Apple Color Emoji', 'Segoe UI Emoji', 'Segoe UI Symbol', 'Noto Color Emoji';font-size: 16px\">Eneida Maria Souza Mendon\u00e7a<\/b>, <b style=\"color: #343541;font-family: S\u00f6hne, ui-sans-serif, system-ui, -apple-system, 'Segoe UI', Roboto, Ubuntu, Cantarell, 'Noto Sans', sans-serif, 'Helvetica Neue', Arial, 'Apple Color Emoji', 'Segoe UI Emoji', 'Segoe UI Symbol', 'Noto Color Emoji';font-size: 16px\">Fl\u00e1via Ribeiro Botechia<\/b> e <b style=\"color: #343541;font-family: S\u00f6hne, ui-sans-serif, system-ui, -apple-system, 'Segoe UI', Roboto, Ubuntu, Cantarell, 'Noto Sans', sans-serif, 'Helvetica Neue', Arial, 'Apple Color Emoji', 'Segoe UI Emoji', 'Segoe UI Symbol', 'Noto Color Emoji';font-size: 16px\">Lutero Pr\u00f6scholdt Almeida.<\/b><\/p>\n<p>Basta clicar na op\u00e7\u00e3o em que deseja pesquisar para ser direcionado para as informa\u00e7\u00f5es. Sinta-se \u00e0 vontade para entrar em contato com nossos pesquisadores caso tenha alguma d\u00favida ou interesse em colaborar conosco. O <b>NAU <\/b>se dedica a promover o conhecimento e a inova\u00e7\u00e3o no campo da arquitetura e urbanismo.<\/p>\n<p>\t\t\t<a href=\"https:\/\/blog.ufes.br\/nau-ufes\/category\/projeto\/\"><br \/>\n\t\t\t\t\t\tProjetos de extens\u00e3o<br \/>\n\t\t\t\t\t<\/a><br \/>\n\t\t\t<a href=\"https:\/\/blog.ufes.br\/nau-ufes\/category\/cursos-e-oficinas\/\"><br \/>\n\t\t\t\t\t\tCursos e oficinas<br \/>\n\t\t\t\t\t<\/a><br \/>\n\t\t\t<a href=\"https:\/\/blog.ufes.br\/nau-ufes\/category\/programa\/\"><br \/>\n\t\t\t\t\t\tPrograma<br \/>\n\t\t\t\t\t<\/a><\/p>\n<p>N\u00e3o esque\u00e7a de deixar seus coment\u00e1rios, sugest\u00f5es e dicas de melhoria para n\u00f3s! Valorizamos sua opini\u00e3o e estamos sempre abertos a aprimorar nosso conte\u00fado. Al\u00e9m disso, convidamos voc\u00ea a visitar nosso Instagram e nos seguir para ficar por dentro de todas as novidades. Basta clicar no \u00edcone abaixo ou pesquisar por <strong>@labnau.ufes.<\/strong> Sua participa\u00e7\u00e3o \u00e9 fundamental para n\u00f3s.<\/p>\n<p>\t\t\t\t\t<a href=\"https:\/\/www.instagram.com\/labnau.ufes\/\" target=\"_blank\" rel=\"noopener\"><br \/>\n\t\t\t\t\t\tInstagram<br \/>\n\t\t\t\t\t\t\t\t\t\t\t<\/a><\/p>\n","protected":false},"excerpt":{"rendered":"<p>Nessa aba, oferecemos informa\u00e7\u00f5es sobre as atividades extensionistas conduzidas pelos pesquisadores do NAU: Martha Machado Campos (Coordenadora), Clara Luiza Miranda, Eneida Maria Souza Mendon\u00e7a, Fl\u00e1via Ribeiro Botechia e Lutero Pr\u00f6scholdt Almeida. Basta clicar na op\u00e7\u00e3o em que deseja pesquisar para ser direcionado para as informa\u00e7\u00f5es. Sinta-se \u00e0 vontade para entrar em contato com nossos pesquisadores [&hellip;]<\/p>\n","protected":false},"author":456,"featured_media":0,"comment_status":"open","ping_status":"open","sticky":false,"template":"","format":"standard","meta":{"_bbp_topic_count":0,"_bbp_reply_count":0,"_bbp_total_topic_count":0,"_bbp_total_reply_count":0,"_bbp_voice_count":0,"_bbp_anonymous_reply_count":0,"_bbp_topic_count_hidden":0,"_bbp_reply_count_hidden":0,"_bbp_forum_subforum_count":0,"_uag_custom_page_level_css":"","footnotes":""},"categories":[96],"tags":[],"class_list":["post-1050","post","type-post","status-publish","format-standard","hentry","category-extensoes"],"uagb_featured_image_src":{"full":false,"thumbnail":false,"medium":false,"medium_large":false,"large":false,"1536x1536":false,"2048x2048":false,"post-thumbnail":false},"uagb_author_info":{"display_name":"Pablo Carvalho dos Santos Cruz","author_link":"https:\/\/blog.ufes.br\/nau-ufes\/author\/pablo_carvalho-dos-santos-cruz\/"},"uagb_comment_info":2,"uagb_excerpt":"Nessa aba, oferecemos informa\u00e7\u00f5es sobre as atividades extensionistas conduzidas pelos pesquisadores do NAU: Martha Machado Campos (Coordenadora), Clara Luiza Miranda, Eneida Maria Souza Mendon\u00e7a, Fl\u00e1via Ribeiro Botechia e Lutero Pr\u00f6scholdt Almeida. Basta clicar na op\u00e7\u00e3o em que deseja pesquisar para ser direcionado para as informa\u00e7\u00f5es. Sinta-se \u00e0 vontade para entrar em contato com nossos pesquisadores&hellip;","_links":{"self":[{"href":"https:\/\/blog.ufes.br\/nau-ufes\/wp-json\/wp\/v2\/posts\/1050","targetHints":{"allow":["GET"]}}],"collection":[{"href":"https:\/\/blog.ufes.br\/nau-ufes\/wp-json\/wp\/v2\/posts"}],"about":[{"href":"https:\/\/blog.ufes.br\/nau-ufes\/wp-json\/wp\/v2\/types\/post"}],"author":[{"embeddable":true,"href":"https:\/\/blog.ufes.br\/nau-ufes\/wp-json\/wp\/v2\/users\/456"}],"replies":[{"embeddable":true,"href":"https:\/\/blog.ufes.br\/nau-ufes\/wp-json\/wp\/v2\/comments?post=1050"}],"version-history":[{"count":11,"href":"https:\/\/blog.ufes.br\/nau-ufes\/wp-json\/wp\/v2\/posts\/1050\/revisions"}],"predecessor-version":[{"id":1068,"href":"https:\/\/blog.ufes.br\/nau-ufes\/wp-json\/wp\/v2\/posts\/1050\/revisions\/1068"}],"wp:attachment":[{"href":"https:\/\/blog.ufes.br\/nau-ufes\/wp-json\/wp\/v2\/media?parent=1050"}],"wp:term":[{"taxonomy":"category","embeddable":true,"href":"https:\/\/blog.ufes.br\/nau-ufes\/wp-json\/wp\/v2\/categories?post=1050"},{"taxonomy":"post_tag","embeddable":true,"href":"https:\/\/blog.ufes.br\/nau-ufes\/wp-json\/wp\/v2\/tags?post=1050"}],"curies":[{"name":"wp","href":"https:\/\/api.w.org\/{rel}","templated":true}]}}