{"id":406,"date":"2023-06-29T18:14:27","date_gmt":"2023-06-29T21:14:27","guid":{"rendered":"https:\/\/blog.ufes.br\/nau-ufes\/?p=406"},"modified":"2023-09-01T15:57:33","modified_gmt":"2023-09-01T18:57:33","slug":"406","status":"publish","type":"post","link":"https:\/\/blog.ufes.br\/nau-ufes\/2023\/06\/29\/406\/","title":{"rendered":""},"content":{"rendered":"\n<h2 class=\"wp-block-heading has-medium-font-size\">Disserta\u00e7\u00f5es de Mestrado &#8211; 2023<\/h2>\n\n\n\n<div class=\"wp-block-columns is-layout-flex wp-container-core-columns-is-layout-9d6595d7 wp-block-columns-is-layout-flex\">\n<div class=\"wp-block-column is-layout-flow wp-block-column-is-layout-flow\">\n<figure class=\"wp-block-embed is-type-rich is-provider-pinterest wp-block-embed-pinterest\"><div class=\"wp-block-embed__wrapper\">\n<iframe loading=\"lazy\" title=\"CLARA - Disserta\u00e7\u00e3o de Mestrado - 2023\" src=\"https:\/\/assets.pinterest.com\/ext\/embed.html?id=994803005177747548&#038;src=oembed\" height=\"684\" width=\"450\" frameborder=\"0\" scrolling=\"no\" ><\/iframe>\n<\/div><\/figure>\n<\/div>\n\n\n\n<div class=\"wp-block-column is-layout-flow wp-block-column-is-layout-flow\">\n<p><strong>T\u00edtulo:<\/strong> Rela\u00e7\u00e3o dos cidad\u00e3os locais com a preserva\u00e7\u00e3o do patrim\u00f4nio arquitet\u00f4nico no Centro Hist\u00f3rico de Vit\u00f3ria<\/p>\n\n\n\n<p><strong>Autora: <\/strong>Carolina Santos Silva<\/p>\n\n\n\n<p><strong>Orientadora: <\/strong>Clara Luiza Miranda<\/p>\n\n\n\n<p><strong>Ano: <\/strong>2023<\/p>\n\n\n\n<p><\/p>\n\n\n\n<p><\/p>\n<\/div>\n<\/div>\n\n\n\n<div class=\"wp-block-columns is-layout-flex wp-container-core-columns-is-layout-9d6595d7 wp-block-columns-is-layout-flex\">\n<div class=\"wp-block-column is-layout-flow wp-block-column-is-layout-flow\">\n<figure class=\"wp-block-embed is-type-rich is-provider-pinterest wp-block-embed-pinterest\"><div class=\"wp-block-embed__wrapper\">\n<iframe loading=\"lazy\" title=\"Orienta\u00e7\u00e3o \u2013 Disserta\u00e7\u00e3o de Mestrado\" src=\"https:\/\/assets.pinterest.com\/ext\/embed.html?id=994803005176905884&#038;src=oembed\" height=\"774\" width=\"450\" frameborder=\"0\" scrolling=\"no\" ><\/iframe>\n<\/div><\/figure>\n<\/div>\n\n\n\n<div class=\"wp-block-column is-layout-flow wp-block-column-is-layout-flow\">\n<p><strong>T\u00edtulo:<\/strong> Casa Expandida: Da concep\u00e7\u00e3o africana de habitar \u00e0 casa da di\u00e1spora brasileira<\/p>\n\n\n\n<p><strong>Autora: <\/strong>Mariah Santos Barcellos<\/p>\n\n\n\n<p><strong>Orientadora: <\/strong>Clara Luiza Miranda<\/p>\n\n\n\n<p><strong>Ano: <\/strong>2023<\/p>\n\n\n\n<p><strong><a href=\"https:\/\/arquitetura.ufes.br\/pt-br\/pos-graduacao\/PPGAU\/detalhes-da-tese?id=17340\" data-type=\"URL\" data-id=\"https:\/\/arquitetura.ufes.br\/pt-br\/pos-graduacao\/PPGAU\/detalhes-da-tese?id=17340\">Acesse aqui<\/a><\/strong><\/p>\n\n\n\n<p><\/p>\n<\/div>\n<\/div>\n\n\n\n<div class=\"wp-block-columns is-layout-flex wp-container-core-columns-is-layout-9d6595d7 wp-block-columns-is-layout-flex\">\n<div class=\"wp-block-column is-layout-flow wp-block-column-is-layout-flow\">\n<figure class=\"wp-block-embed is-type-rich is-provider-pinterest wp-block-embed-pinterest\"><div class=\"wp-block-embed__wrapper\">\n<iframe loading=\"lazy\" title=\"Disserta\u00e7\u00e3o de Mestrado \u2013 Clara | NAU | N\u00facleo de Estudos de Arquitetura e Urbanismo\" src=\"https:\/\/assets.pinterest.com\/ext\/embed.html?id=994803005177011426&#038;src=oembed\" height=\"684\" width=\"450\" frameborder=\"0\" scrolling=\"no\" ><\/iframe>\n<\/div><\/figure>\n<\/div>\n\n\n\n<div class=\"wp-block-column is-layout-flow wp-block-column-is-layout-flow\">\n<p><strong>T\u00edtulo:<\/strong> Multicentralidade e policentralidade intraurbana na Grande Vit\u00f3ria<\/p>\n\n\n\n<p><strong>Autor: <\/strong>Bruno Casotti Louzada<\/p>\n\n\n\n<p><strong>Orientadora: <\/strong>Clara Luiza Miranda<\/p>\n\n\n\n<p><strong>Ano: <\/strong>2023<\/p>\n\n\n\n<p><strong><a href=\"https:\/\/sappg.ufes.br\/tese_drupal\/\/tese_17334_Disserta%E7%E3o_Bruno%20Casotti%20Louzada_Final.pdf\">Acesse aqui<\/a><\/strong><\/p>\n<\/div>\n<\/div>\n\n\n\n<h2 class=\"wp-block-heading has-medium-font-size\">Disserta\u00e7\u00f5es de Mestrado &#8211; 2022<\/h2>\n\n\n\n<div class=\"wp-block-columns is-layout-flex wp-container-core-columns-is-layout-9d6595d7 wp-block-columns-is-layout-flex\">\n<div class=\"wp-block-column is-layout-flow wp-block-column-is-layout-flow\">\n<figure class=\"wp-block-embed is-type-rich is-provider-pinterest wp-block-embed-pinterest\"><div class=\"wp-block-embed__wrapper\">\n<iframe loading=\"lazy\" title=\"Disserta\u00e7\u00e3o de Mestrado \u2013 Clara | NAU | N\u00facleo de Estudos de Arquitetura e Urbanismo\" src=\"https:\/\/assets.pinterest.com\/ext\/embed.html?id=994803005177011472&#038;src=oembed\" height=\"684\" width=\"450\" frameborder=\"0\" scrolling=\"no\" ><\/iframe>\n<\/div><\/figure>\n<\/div>\n\n\n\n<div class=\"wp-block-column is-layout-flow wp-block-column-is-layout-flow\">\n<p><\/p>\n\n\n\n<p><strong>T\u00edtulo:<\/strong> A forma\u00e7\u00e3o de Santos Reis (Vit\u00f3ria &#8211; ES): Uma an\u00e1lise da forma\u00e7\u00e3o socioespacial e da (auto)constru\u00e7\u00e3o do territ\u00f3rio<\/p>\n\n\n\n<p><strong>Autor: <\/strong>Lucas Damm Cuzzuol<\/p>\n\n\n\n<p><strong>Orientadora: <\/strong>Clara Luiza Miranda<\/p>\n\n\n\n<p><strong>Ano: <\/strong>2022<\/p>\n\n\n\n<p><strong><a href=\"https:\/\/arquitetura.ufes.br\/pt-br\/pos-graduacao\/PPGAU\/detalhes-da-tese?id=16034\">Acesse aqui<\/a><\/strong><\/p>\n<\/div>\n<\/div>\n\n\n\n<h2 class=\"wp-block-heading has-medium-font-size\">Disserta\u00e7\u00f5es de Mestrado &#8211; 2020<\/h2>\n\n\n\n<div class=\"wp-block-columns is-layout-flex wp-container-core-columns-is-layout-9d6595d7 wp-block-columns-is-layout-flex\">\n<div class=\"wp-block-column is-layout-flow wp-block-column-is-layout-flow\">\n<figure class=\"wp-block-embed is-type-rich is-provider-pinterest wp-block-embed-pinterest\"><div class=\"wp-block-embed__wrapper\">\n<iframe loading=\"lazy\" title=\"Disserta\u00e7\u00e3o de Mestrado \u2013 Clara | NAU | N\u00facleo de Estudos de Arquitetura e Urbanismo\" src=\"https:\/\/assets.pinterest.com\/ext\/embed.html?id=994803005177011505&#038;src=oembed\" height=\"684\" width=\"450\" frameborder=\"0\" scrolling=\"no\" ><\/iframe>\n<\/div><\/figure>\n<\/div>\n\n\n\n<div class=\"wp-block-column is-layout-flow wp-block-column-is-layout-flow\">\n<p><strong>T\u00edtulo:<\/strong> O arquiteto e a experi\u00eancia de trabalho com comunidades no Equador: uma abordagem sobre metodologias<\/p>\n\n\n\n<p><strong>Autor: <\/strong>Oscar Eduardo Preciado Velasquez<strong>&nbsp;<\/strong><\/p>\n\n\n\n<p><strong>Orientadora: <\/strong>Clara Luiza Miranda<\/p>\n\n\n\n<p><strong>Ano: <\/strong>2020<\/p>\n\n\n\n<p><strong><a href=\"https:\/\/sappg.ufes.br\/tese_drupal\/\/tese_14307_OSCAR%20E.%20P.%20VELASQUEZ%20-%20VERS%C3O%20FINAL.pdf\">Acesse aqui<\/a><\/strong><\/p>\n<\/div>\n<\/div>\n\n\n\n<h2 class=\"wp-block-heading has-medium-font-size\">Disserta\u00e7\u00f5es de Mestrado &#8211; 2019<\/h2>\n\n\n\n<div class=\"wp-block-columns is-layout-flex wp-container-core-columns-is-layout-9d6595d7 wp-block-columns-is-layout-flex\">\n<div class=\"wp-block-column is-layout-flow wp-block-column-is-layout-flow\">\n<figure class=\"wp-block-embed is-type-rich is-provider-pinterest wp-block-embed-pinterest\"><div class=\"wp-block-embed__wrapper\">\n<iframe loading=\"lazy\" title=\"Disserta\u00e7\u00e3o de Mestrado \u2013 Clara | NAU | N\u00facleo de Estudos de Arquitetura e Urbanismo\" src=\"https:\/\/assets.pinterest.com\/ext\/embed.html?id=994803005177011717&#038;src=oembed\" height=\"684\" width=\"450\" frameborder=\"0\" scrolling=\"no\" ><\/iframe>\n<\/div><\/figure>\n<\/div>\n\n\n\n<div class=\"wp-block-column is-layout-flow wp-block-column-is-layout-flow\">\n<p><strong>T\u00edtulo:<\/strong> Os Espa\u00e7os Livres nas Zonas Especiais de Interesse Social: um estudo no bairro Jesus de Nazareth, Vit\u00f3ria, Esp\u00edrito Santo<\/p>\n\n\n\n<p><strong>Autora: <\/strong>Elaine Cristine Santos Santana<\/p>\n\n\n\n<p><strong>Orientadora: <\/strong>Clara Luiza Miranda<\/p>\n\n\n\n<p><strong>Ano: <\/strong>2019<\/p>\n\n\n\n<p><strong><a href=\"https:\/\/sappg.ufes.br\/tese_drupal\/\/tese_13150_OS%20ESPA%C7OS%20LIVRES%20EM%20ZONAS%20ESPECIAIS%20DE%20INTERESSE%20SOCIAL_ELAINE%20SANTANA_VOLUME%20FINAL_PPGAU20220525-91029.pdf\">Acesse aqui<\/a><\/strong><\/p>\n<\/div>\n<\/div>\n\n\n\n<div class=\"wp-block-columns is-layout-flex wp-container-core-columns-is-layout-9d6595d7 wp-block-columns-is-layout-flex\">\n<div class=\"wp-block-column is-layout-flow wp-block-column-is-layout-flow\">\n<figure class=\"wp-block-embed is-type-rich is-provider-pinterest wp-block-embed-pinterest\"><div class=\"wp-block-embed__wrapper\">\n<iframe loading=\"lazy\" title=\"Disserta\u00e7\u00e3o de Mestrado \u2013 Clara | NAU | N\u00facleo de Estudos de Arquitetura e Urbanismo\" src=\"https:\/\/assets.pinterest.com\/ext\/embed.html?id=994803005177011765&#038;src=oembed\" height=\"684\" width=\"450\" frameborder=\"0\" scrolling=\"no\" ><\/iframe>\n<\/div><\/figure>\n<\/div>\n\n\n\n<div class=\"wp-block-column is-layout-flow wp-block-column-is-layout-flow\">\n<p><strong>T\u00edtulo:<\/strong> O neg\u00f3cio por tr\u00e1s do modelo de regulariza\u00e7\u00e3o fundi\u00e1ria de Cariacica<\/p>\n\n\n\n<p><strong>Autora: <\/strong>Marissol Silva Vieira<\/p>\n\n\n\n<p><strong>Orientadora: <\/strong>Clara Luiza Miranda<\/p>\n\n\n\n<p><strong>Ano: <\/strong>2019<\/p>\n\n\n\n<p><strong><a href=\"https:\/\/sappg.ufes.br\/tese_drupal\/\/tese_13146_MARISSOL%20VIEIRA%20-%20VERS%C3O%20FINAL.pdf\">Acesse aqui<\/a><\/strong><\/p>\n<\/div>\n<\/div>\n\n\n\n<div class=\"wp-block-columns is-layout-flex wp-container-core-columns-is-layout-9d6595d7 wp-block-columns-is-layout-flex\">\n<div class=\"wp-block-column is-layout-flow wp-block-column-is-layout-flow\">\n<figure class=\"wp-block-embed is-type-rich is-provider-pinterest wp-block-embed-pinterest\"><div class=\"wp-block-embed__wrapper\">\n<iframe loading=\"lazy\" title=\"Disserta\u00e7\u00e3o de Mestrado \u2013 Clara | NAU | N\u00facleo de Estudos de Arquitetura e Urbanismo\" src=\"https:\/\/assets.pinterest.com\/ext\/embed.html?id=994803005177011778&#038;src=oembed\" height=\"684\" width=\"450\" frameborder=\"0\" scrolling=\"no\" ><\/iframe>\n<\/div><\/figure>\n<\/div>\n\n\n\n<div class=\"wp-block-column is-layout-flow wp-block-column-is-layout-flow\">\n<p><strong>T\u00edtulo:<\/strong> Uma pequena cidade capixaba: desafios frente a urbaniza\u00e7\u00e3o e a industrializa\u00e7\u00e3o em Santa Maria de Jetib\u00e1\/ES<\/p>\n\n\n\n<p><strong>Autor: <\/strong>Raphael Henrique Ferreira Potratz<\/p>\n\n\n\n<p><strong>Orientadora: <\/strong>Clara Luiza Miranda<\/p>\n\n\n\n<p><strong>Ano: <\/strong>2019<\/p>\n\n\n\n<p><strong><a href=\"https:\/\/sappg.ufes.br\/tese_drupal\/\/tese_13148_RAPHAEL%20HENRIQUE%20-%20VERS%C3O%20FINAL.pdf\">Acesse aqui<\/a><\/strong><\/p>\n<\/div>\n<\/div>\n\n\n\n<div class=\"wp-block-columns is-layout-flex wp-container-core-columns-is-layout-9d6595d7 wp-block-columns-is-layout-flex\">\n<div class=\"wp-block-column is-layout-flow wp-block-column-is-layout-flow\">\n<figure class=\"wp-block-embed is-type-rich is-provider-pinterest wp-block-embed-pinterest\"><div class=\"wp-block-embed__wrapper\">\n<iframe loading=\"lazy\" title=\"Disserta\u00e7\u00e3o de Mestrado \u2013 Clara | NAU | N\u00facleo de Estudos de Arquitetura e Urbanismo\" src=\"https:\/\/assets.pinterest.com\/ext\/embed.html?id=994803005177011813&#038;src=oembed\" height=\"684\" width=\"450\" frameborder=\"0\" scrolling=\"no\" ><\/iframe>\n<\/div><\/figure>\n<\/div>\n\n\n\n<div class=\"wp-block-column is-layout-flow wp-block-column-is-layout-flow\">\n<p><strong>T\u00edtulo:<\/strong> Impacto de Vizinhan\u00e7a e \u00c1rea de Influ\u00eancia Direta: Implica\u00e7\u00f5es na Regi\u00e3o Metropolitana da Grande Vit\u00f3ria<\/p>\n\n\n\n<p><strong>Autor(a): <\/strong>Susie Fonseca de Souza<\/p>\n\n\n\n<p><strong>Orientadora: <\/strong>Clara Luiza Miranda<\/p>\n\n\n\n<p><strong>Ano: <\/strong>2019<\/p>\n\n\n\n<p><strong><a href=\"https:\/\/sappg.ufes.br\/tese_drupal\/\/tese_13149_SUSIE%20FONSECA%20-%20VERS%C3O%20FINAL.pdf\">Acesse aqui<\/a><\/strong><\/p>\n<\/div>\n<\/div>\n\n\n\n<h2 class=\"wp-block-heading has-medium-font-size\">Disserta\u00e7\u00f5es de Mestrado &#8211; 2018<\/h2>\n\n\n\n<div class=\"wp-block-columns is-layout-flex wp-container-core-columns-is-layout-9d6595d7 wp-block-columns-is-layout-flex\">\n<div class=\"wp-block-column is-layout-flow wp-block-column-is-layout-flow\">\n<figure class=\"wp-block-embed is-type-rich is-provider-pinterest wp-block-embed-pinterest\"><div class=\"wp-block-embed__wrapper\">\n<iframe loading=\"lazy\" title=\"Disserta\u00e7\u00e3o de Mestrado \u2013 Clara | NAU | N\u00facleo de Estudos de Arquitetura e Urbanismo\" src=\"https:\/\/assets.pinterest.com\/ext\/embed.html?id=994803005177747739&#038;src=oembed\" height=\"684\" width=\"450\" frameborder=\"0\" scrolling=\"no\" ><\/iframe>\n<\/div><\/figure>\n<\/div>\n\n\n\n<div class=\"wp-block-column is-layout-flow wp-block-column-is-layout-flow\">\n<p><strong>T\u00edtulo:<\/strong> Participa\u00e7\u00e3o social na gest\u00e3o e na configura\u00e7\u00e3o territorial de Vit\u00f3ria &#8211; 1985 a 2015<\/p>\n\n\n\n<p><strong>Autor(a): <\/strong>Jo\u00e3o Luiz Paste<\/p>\n\n\n\n<p><strong>Orientadora: <\/strong>Clara Luiza Miranda<\/p>\n\n\n\n<p><strong>Ano: <\/strong>2018<\/p>\n\n\n\n<p><strong><a href=\"https:\/\/sappg.ufes.br\/tese_drupal\/\/tese_12146_Jo%E3o%20Paste%20-%20Final%20Completo.pdf\">Acesse aqui<\/a><\/strong><\/p>\n<\/div>\n<\/div>\n\n\n\n<div class=\"wp-block-columns is-layout-flex wp-container-core-columns-is-layout-9d6595d7 wp-block-columns-is-layout-flex\">\n<div class=\"wp-block-column is-layout-flow wp-block-column-is-layout-flow\">\n<figure class=\"wp-block-embed is-type-rich is-provider-pinterest wp-block-embed-pinterest\"><div class=\"wp-block-embed__wrapper\">\n<iframe loading=\"lazy\" title=\"Disserta\u00e7\u00e3o de Mestrado \u2013 Clara | NAU | N\u00facleo de Estudos de Arquitetura e Urbanismo\" src=\"https:\/\/assets.pinterest.com\/ext\/embed.html?id=994803005177747938&#038;src=oembed\" height=\"684\" width=\"450\" frameborder=\"0\" scrolling=\"no\" ><\/iframe>\n<\/div><\/figure>\n<\/div>\n\n\n\n<div class=\"wp-block-column is-layout-flow wp-block-column-is-layout-flow\">\n<p><strong>T\u00edtulo:<\/strong> O circuito inferior representado pelos ambulantes em Vit\u00f3ria. Um espa\u00e7o opaco na Jer\u00f4nimo Monteiro<\/p>\n\n\n\n<p><strong>Autor(a): <\/strong>Ana Carolina Gon\u00e7alves Nogueira<\/p>\n\n\n\n<p><strong>Orientadora: <\/strong>Clara Luiza Miranda<\/p>\n\n\n\n<p><strong>Ano: <\/strong>2018<\/p>\n\n\n\n<p><strong><a href=\"https:\/\/sappg.ufes.br\/tese_drupal\/\/tese_11904_Ana%20Carolina%20Nogueira.pdf\">Acesse aqui<\/a><\/strong><\/p>\n<\/div>\n<\/div>\n\n\n\n<h2 class=\"wp-block-heading has-medium-font-size\">Disserta\u00e7\u00f5es de Mestrado &#8211; 2017<\/h2>\n\n\n\n<div class=\"wp-block-columns is-layout-flex wp-container-core-columns-is-layout-9d6595d7 wp-block-columns-is-layout-flex\">\n<div class=\"wp-block-column is-layout-flow wp-block-column-is-layout-flow\">\n<figure class=\"wp-block-embed is-type-rich is-provider-pinterest wp-block-embed-pinterest\"><div class=\"wp-block-embed__wrapper\">\n<iframe loading=\"lazy\" title=\"Disserta\u00e7\u00e3o de Mestrado \u2013 Clara | NAU | N\u00facleo de Estudos de Arquitetura e Urbanismo\" src=\"https:\/\/assets.pinterest.com\/ext\/embed.html?id=994803005177748018&#038;src=oembed\" height=\"684\" width=\"450\" frameborder=\"0\" scrolling=\"no\" ><\/iframe>\n<\/div><\/figure>\n<\/div>\n\n\n\n<div class=\"wp-block-column is-layout-flow wp-block-column-is-layout-flow\">\n<p><strong>T\u00edtulo:<\/strong> A cidade dos cicloativistas e a dos ciclistas an\u00f4nimos<\/p>\n\n\n\n<p><strong>Autor(a): <\/strong>Luiz Gustavo Gabler<\/p>\n\n\n\n<p><strong>Orientadora: <\/strong>Clara Luiza Miranda<\/p>\n\n\n\n<p><strong>Ano: <\/strong>2017<\/p>\n\n\n\n<p><strong><a href=\"https:\/\/sappg.ufes.br\/tese_drupal\/\/tese_11455_O%20Espa%E7o-movimento%20do%20Ciclista_Seguindo%20o%20Ciclista%20An%F4nimo_%20vers%E3o%20completa%20final%20202220220708-123819.pdf\">Acesse aqui<\/a><\/strong><\/p>\n<\/div>\n<\/div>\n\n\n\n<h2 class=\"wp-block-heading has-medium-font-size\">Disserta\u00e7\u00f5es de Mestrado &#8211; 2016<\/h2>\n\n\n\n<div class=\"wp-block-columns is-layout-flex wp-container-core-columns-is-layout-9d6595d7 wp-block-columns-is-layout-flex\">\n<div class=\"wp-block-column is-layout-flow wp-block-column-is-layout-flow\">\n<figure class=\"wp-block-embed is-type-rich is-provider-pinterest wp-block-embed-pinterest\"><div class=\"wp-block-embed__wrapper\">\n<iframe loading=\"lazy\" title=\"Disserta\u00e7\u00e3o de Mestrado \u2013 Clara | NAU | N\u00facleo de Estudos de Arquitetura e Urbanismo\" src=\"https:\/\/assets.pinterest.com\/ext\/embed.html?id=994803005177748121&#038;src=oembed\" height=\"684\" width=\"450\" frameborder=\"0\" scrolling=\"no\" ><\/iframe>\n<\/div><\/figure>\n<\/div>\n\n\n\n<div class=\"wp-block-column is-layout-flow wp-block-column-is-layout-flow\">\n<p><strong>T\u00edtulo:<\/strong> Minha Casa, Minha Vida e os efeitos socioespaciais no Munic\u00edpio de Vila Velha\/ES.&nbsp;<\/p>\n\n\n\n<p><strong>Autor(a): <\/strong>Wildes Krohling<\/p>\n\n\n\n<p><strong>Orientadora: <\/strong>Clara Luiza Miranda<\/p>\n\n\n\n<p><strong>Ano: <\/strong>2016<\/p>\n\n\n\n<p><strong><a href=\"https:\/\/sappg.ufes.br\/tese_drupal\/\/tese_10485_Wildes%20Krohling20171006-63451.pdf\">Acesse aqui<\/a><\/strong><\/p>\n<\/div>\n<\/div>\n\n\n\n<div class=\"wp-block-columns is-layout-flex wp-container-core-columns-is-layout-9d6595d7 wp-block-columns-is-layout-flex\">\n<div class=\"wp-block-column is-layout-flow wp-block-column-is-layout-flow\">\n<figure class=\"wp-block-embed is-type-rich is-provider-pinterest wp-block-embed-pinterest\"><div class=\"wp-block-embed__wrapper\">\n<iframe loading=\"lazy\" title=\"Disserta\u00e7\u00e3o de Mestrado \u2013 Clara | NAU | N\u00facleo de Estudos de Arquitetura e Urbanismo\" src=\"https:\/\/assets.pinterest.com\/ext\/embed.html?id=994803005177748270&#038;src=oembed\" height=\"684\" width=\"450\" frameborder=\"0\" scrolling=\"no\" ><\/iframe>\n<\/div><\/figure>\n<\/div>\n\n\n\n<div class=\"wp-block-column is-layout-flow wp-block-column-is-layout-flow\">\n<p><strong>T\u00edtulo:<\/strong> Programa Minha Casa Minha Vida: distribui\u00e7\u00e3o nacional, d\u00e9ficit habitacional e indicadores de an\u00e1lise &#8211; uma abordagem metodol\u00f3gica<\/p>\n\n\n\n<p><strong>Autor(a): <\/strong>Saulo Andrade Yamamoto<\/p>\n\n\n\n<p><strong>Orientadora: <\/strong>Clara Luiza Miranda<\/p>\n\n\n\n<p><strong>Ano: <\/strong>2016<\/p>\n\n\n\n<p><strong><a href=\"https:\/\/sappg.ufes.br\/tese_drupal\/\/tese_10474_Saulo%20Andrade%20Yamamoto.pdf\">Acesse aqui<\/a><\/strong><\/p>\n<\/div>\n<\/div>\n\n\n\n<h2 class=\"wp-block-heading has-medium-font-size\">Disserta\u00e7\u00f5es de Mestrado &#8211; 2015<\/h2>\n\n\n\n<div class=\"wp-block-columns is-layout-flex wp-container-core-columns-is-layout-9d6595d7 wp-block-columns-is-layout-flex\">\n<div class=\"wp-block-column is-layout-flow wp-block-column-is-layout-flow\">\n<figure class=\"wp-block-embed is-type-rich is-provider-pinterest wp-block-embed-pinterest\"><div class=\"wp-block-embed__wrapper\">\n<iframe loading=\"lazy\" title=\"Disserta\u00e7\u00e3o de Mestrado \u2013 Clara | NAU | N\u00facleo de Estudos de Arquitetura e Urbanismo\" src=\"https:\/\/assets.pinterest.com\/ext\/embed.html?id=994803005177749447&#038;src=oembed\" height=\"684\" width=\"450\" frameborder=\"0\" scrolling=\"no\" ><\/iframe>\n<\/div><\/figure>\n<\/div>\n\n\n\n<div class=\"wp-block-column is-layout-flow wp-block-column-is-layout-flow\">\n<p><strong>T\u00edtulo:<\/strong> Pelo direito de qualquer um fazer cidade: Constru\u00e7\u00e3o subjetiva dos espa\u00e7os urbanos<\/p>\n\n\n\n<p><strong>Autor(a): <\/strong>Bruno Bowen Vilas Novas<\/p>\n\n\n\n<p><strong>Orientadora: <\/strong>Clara Luiza Miranda<\/p>\n\n\n\n<p><strong>Ano: <\/strong>2015<\/p>\n\n\n\n<p><strong><a href=\"https:\/\/sappg.ufes.br\/tese_drupal\/\/tese_9218_BRUNO%20B%20VILAS%20NOVAS_final.pdf\">Acesse aqui<\/a><\/strong><\/p>\n<\/div>\n<\/div>\n\n\n\n<h2 class=\"wp-block-heading has-medium-font-size\">Disserta\u00e7\u00f5es de Mestrado &#8211; 2014<\/h2>\n\n\n\n<div class=\"wp-block-columns is-layout-flex wp-container-core-columns-is-layout-9d6595d7 wp-block-columns-is-layout-flex\">\n<div class=\"wp-block-column is-layout-flow wp-block-column-is-layout-flow\">\n<figure class=\"wp-block-embed is-type-rich is-provider-pinterest wp-block-embed-pinterest\"><div class=\"wp-block-embed__wrapper\">\n<iframe loading=\"lazy\" title=\"Disserta\u00e7\u00e3o de Mestrado \u2013 Clara | NAU | N\u00facleo de Estudos de Arquitetura e Urbanismo\" src=\"https:\/\/assets.pinterest.com\/ext\/embed.html?id=994803005177750636&#038;src=oembed\" height=\"684\" width=\"450\" frameborder=\"0\" scrolling=\"no\" ><\/iframe>\n<\/div><\/figure>\n<\/div>\n\n\n\n<div class=\"wp-block-column is-layout-flow wp-block-column-is-layout-flow\">\n<p><strong>T\u00edtulo:<\/strong> O som da paisagem: Pelas pra\u00e7as do centro da cidade de Vit\u00f3ria, ES<\/p>\n\n\n\n<p><strong>Autor(a): <\/strong>Deborah Martins Zaganelli<\/p>\n\n\n\n<p><strong>Orientadora: <\/strong>Clara Luiza Miranda<\/p>\n\n\n\n<p><strong>Ano: <\/strong>2014<\/p>\n\n\n\n<p><strong><a href=\"https:\/\/sappg.ufes.br\/tese_drupal\/\/tese_8130_Deborah%20Martins%20Zaganelli.pdf\">Acesse aqui<\/a><\/strong><\/p>\n<\/div>\n<\/div>\n\n\n\n<div class=\"wp-block-columns is-layout-flex wp-container-core-columns-is-layout-9d6595d7 wp-block-columns-is-layout-flex\">\n<div class=\"wp-block-column is-layout-flow wp-block-column-is-layout-flow\">\n<figure class=\"wp-block-embed is-type-rich is-provider-pinterest wp-block-embed-pinterest\"><div class=\"wp-block-embed__wrapper\">\n<iframe loading=\"lazy\" title=\"Disserta\u00e7\u00e3o de Mestrado \u2013 Clara | NAU | N\u00facleo de Estudos de Arquitetura e Urbanismo\" src=\"https:\/\/assets.pinterest.com\/ext\/embed.html?id=994803005177751554&#038;src=oembed\" height=\"684\" width=\"450\" frameborder=\"0\" scrolling=\"no\" ><\/iframe>\n<\/div><\/figure>\n<\/div>\n\n\n\n<div class=\"wp-block-column is-layout-flow wp-block-column-is-layout-flow\">\n<p><strong>T\u00edtulo: <\/strong>O entranhamente familiar na obra de At\u00edlio Colnago<\/p>\n\n\n\n<p><strong>Autor(a): <\/strong>Christine Ribeiro Miranda<\/p>\n\n\n\n<p><strong>Orientadora: <\/strong>Clara Luiza Miranda<\/p>\n\n\n\n<p><strong>Ano: <\/strong>2014<\/p>\n\n\n\n<p><strong><a href=\"https:\/\/repositorio.ufes.br\/handle\/10\/1106\">Acesse aqui<\/a><\/strong><\/p>\n<\/div>\n<\/div>\n\n\n\n<h2 class=\"wp-block-heading has-medium-font-size\">Disserta\u00e7\u00f5es de Mestrado &#8211; 2013<\/h2>\n\n\n\n<div class=\"wp-block-columns is-layout-flex wp-container-core-columns-is-layout-9d6595d7 wp-block-columns-is-layout-flex\">\n<div class=\"wp-block-column is-layout-flow wp-block-column-is-layout-flow\">\n<figure class=\"wp-block-embed is-type-rich is-provider-pinterest wp-block-embed-pinterest\"><div class=\"wp-block-embed__wrapper\">\n<iframe loading=\"lazy\" title=\"Disserta\u00e7\u00e3o de Mestrado \u2013 Clara | NAU | N\u00facleo de Estudos de Arquitetura e Urbanismo\" src=\"https:\/\/assets.pinterest.com\/ext\/embed.html?id=994803005177751671&#038;src=oembed\" height=\"684\" width=\"450\" frameborder=\"0\" scrolling=\"no\" ><\/iframe>\n<\/div><\/figure>\n<\/div>\n\n\n\n<div class=\"wp-block-column is-layout-flow wp-block-column-is-layout-flow\">\n<p><strong>T\u00edtulo: <\/strong>Coqueiral de Aracruz, ES, de bairro-empresa \u00e0 n\u00facleo-sat\u00e9lite<\/p>\n\n\n\n<p><strong>Autor(a): <\/strong>Jorge Luiz C\u00f3<\/p>\n\n\n\n<p><strong>Orientadora: <\/strong>Clara Luiza Miranda<\/p>\n\n\n\n<p><strong>Ano: <\/strong>2013<\/p>\n\n\n\n<p><strong><a href=\"https:\/\/sappg.ufes.br\/tese_drupal\/\/tese_6771_Jorge%20Luiz%20C%F3.pdf\">Acesse aqui<\/a><\/strong><\/p>\n<\/div>\n<\/div>\n\n\n\n<div class=\"wp-block-columns is-layout-flex wp-container-core-columns-is-layout-9d6595d7 wp-block-columns-is-layout-flex\">\n<div class=\"wp-block-column is-layout-flow wp-block-column-is-layout-flow\">\n<figure class=\"wp-block-embed is-type-rich is-provider-pinterest wp-block-embed-pinterest\"><div class=\"wp-block-embed__wrapper\">\n<iframe loading=\"lazy\" title=\"Disserta\u00e7\u00e3o de Mestrado \u2013 Clara | NAU | N\u00facleo de Estudos de Arquitetura e Urbanismo\" src=\"https:\/\/assets.pinterest.com\/ext\/embed.html?id=994803005177751795&#038;src=oembed\" height=\"684\" width=\"450\" frameborder=\"0\" scrolling=\"no\" ><\/iframe>\n<\/div><\/figure>\n<\/div>\n\n\n\n<div class=\"wp-block-column is-layout-flow wp-block-column-is-layout-flow\">\n<p><strong>T\u00edtulo: <\/strong>As lutas espa\u00e7o territoriais em Boa Vista Cabo Verde em face \u00e0 explora\u00e7\u00e3o tur\u00edstica<\/p>\n\n\n\n<p><strong>Autor(a):<\/strong> Vanina Margarida Tomar Borges Pereira<\/p>\n\n\n\n<p><strong>Orientadora: <\/strong>Clara Luiza Miranda<\/p>\n\n\n\n<p><strong>Ano: <\/strong>2013<\/p>\n\n\n\n<p><strong><a href=\"https:\/\/sappg.ufes.br\/tese_drupal\/\/tese_6832_Vanina%20Margarida%20Tomar%20Borges%20Pereira.pdf\">Acesse aqui<\/a><\/strong><\/p>\n<\/div>\n<\/div>\n\n\n\n<h2 class=\"wp-block-heading has-medium-font-size\">Disserta\u00e7\u00f5es de Mestrado &#8211; 2012<\/h2>\n\n\n\n<div class=\"wp-block-columns is-layout-flex wp-container-core-columns-is-layout-9d6595d7 wp-block-columns-is-layout-flex\">\n<div class=\"wp-block-column is-layout-flow wp-block-column-is-layout-flow\">\n<figure class=\"wp-block-embed is-type-rich is-provider-pinterest wp-block-embed-pinterest\"><div class=\"wp-block-embed__wrapper\">\n<iframe loading=\"lazy\" title=\"Disserta\u00e7\u00e3o de Mestrado \u2013 Clara | NAU | N\u00facleo de Estudos de Arquitetura e Urbanismo\" src=\"https:\/\/assets.pinterest.com\/ext\/embed.html?id=994803005177752038&#038;src=oembed\" height=\"684\" width=\"450\" frameborder=\"0\" scrolling=\"no\" ><\/iframe>\n<\/div><\/figure>\n<\/div>\n\n\n\n<div class=\"wp-block-column is-layout-flow wp-block-column-is-layout-flow\">\n<p><strong>T\u00edtulo: <\/strong>Formas de produ\u00e7\u00e3o das cidades: fatores que agem sobre o crescimento da cidade de Colatina<\/p>\n\n\n\n<p><strong>Autor(a): <\/strong>Vivian Albani<\/p>\n\n\n\n<p><strong>Orientadora: <\/strong>Clara Luiza Miranda<\/p>\n\n\n\n<p><strong>Ano: <\/strong>2012<\/p>\n<\/div>\n<\/div>\n\n\n\n<div class=\"wp-block-columns is-layout-flex wp-container-core-columns-is-layout-9d6595d7 wp-block-columns-is-layout-flex\">\n<div class=\"wp-block-column is-layout-flow wp-block-column-is-layout-flow\">\n<figure class=\"wp-block-embed is-type-rich is-provider-pinterest wp-block-embed-pinterest\"><div class=\"wp-block-embed__wrapper\">\n<iframe loading=\"lazy\" title=\"Disserta\u00e7\u00e3o de Mestrado \u2013 Clara | NAU | N\u00facleo de Estudos de Arquitetura e Urbanismo\" src=\"https:\/\/assets.pinterest.com\/ext\/embed.html?id=994803005177752205&#038;src=oembed\" height=\"684\" width=\"450\" frameborder=\"0\" scrolling=\"no\" ><\/iframe>\n<\/div><\/figure>\n<\/div>\n\n\n\n<div class=\"wp-block-column is-layout-flow wp-block-column-is-layout-flow\">\n<p><strong>T\u00edtulo:<\/strong> O Novo Paradigma do saber e os dispositivos urbanos para uma cidade educadora<\/p>\n\n\n\n<p><strong>Autor(a): <\/strong>Agnes Leite Thompson Dantas Ferreira<\/p>\n\n\n\n<p><strong>Orientadora: <\/strong>Clara Luiza Miranda<\/p>\n\n\n\n<p><strong>Ano: <\/strong>2012<\/p>\n\n\n\n<p><strong><a href=\"https:\/\/sappg.ufes.br\/tese_drupal\/\/tese_5550_DISSERTA%C3-%C3-O_AGNES.pdf\">Acesse aqui<\/a><\/strong><\/p>\n<\/div>\n<\/div>\n\n\n\n<h2 class=\"wp-block-heading has-medium-font-size\">Disserta\u00e7\u00f5es de Mestrado &#8211; 2010<\/h2>\n\n\n\n<div class=\"wp-block-columns is-layout-flex wp-container-core-columns-is-layout-9d6595d7 wp-block-columns-is-layout-flex\">\n<div class=\"wp-block-column is-layout-flow wp-block-column-is-layout-flow\">\n<figure class=\"wp-block-embed is-type-rich is-provider-pinterest wp-block-embed-pinterest\"><div class=\"wp-block-embed__wrapper\">\n<iframe loading=\"lazy\" title=\"Disserta\u00e7\u00e3o de Mestrado \u2013 Clara | NAU | N\u00facleo de Estudos de Arquitetura e Urbanismo\" src=\"https:\/\/assets.pinterest.com\/ext\/embed.html?id=994803005177806482&#038;src=oembed\" height=\"684\" width=\"450\" frameborder=\"0\" scrolling=\"no\" ><\/iframe>\n<\/div><\/figure>\n<\/div>\n\n\n\n<div class=\"wp-block-column is-layout-flow wp-block-column-is-layout-flow\">\n<p><strong>T\u00edtulo:<\/strong> Os fr\u00e1geis galhos dos cafezais e a moderniza\u00e7\u00e3o emergente: a gest\u00e3o governamental de Jones Santos Neves<\/p>\n\n\n\n<p><strong>Autor(a): <\/strong>Luciana Caldas Gon\u00e7alves<\/p>\n\n\n\n<p><strong>Orientadora: <\/strong>Clara Luiza Miranda<\/p>\n\n\n\n<p><strong>Ano: <\/strong>2010<\/p>\n\n\n\n<p><\/p>\n<\/div>\n<\/div>\n\n\n\n<h2 class=\"wp-block-heading has-medium-font-size\">Disserta\u00e7\u00f5es de Mestrado &#8211; 2009<\/h2>\n\n\n\n<div class=\"wp-block-columns is-layout-flex wp-container-core-columns-is-layout-9d6595d7 wp-block-columns-is-layout-flex\">\n<div class=\"wp-block-column is-layout-flow wp-block-column-is-layout-flow\">\n<figure class=\"wp-block-embed is-type-rich is-provider-pinterest wp-block-embed-pinterest\"><div class=\"wp-block-embed__wrapper\">\n<iframe loading=\"lazy\" title=\"Disserta\u00e7\u00e3o de Mestrado \u2013 Clara | NAU | N\u00facleo de Estudos de Arquitetura e Urbanismo\" src=\"https:\/\/assets.pinterest.com\/ext\/embed.html?id=994803005177806938&#038;src=oembed\" height=\"684\" width=\"450\" frameborder=\"0\" scrolling=\"no\" ><\/iframe>\n<\/div><\/figure>\n<\/div>\n\n\n\n<div class=\"wp-block-column is-layout-flow wp-block-column-is-layout-flow\">\n<p><strong>T\u00edtulo:<\/strong> Caminhos da Arte P\u00fablica em Vit\u00f3ria<\/p>\n\n\n\n<p><strong>Autor(a): <\/strong>Gislaine Zanon Ferreira Procopio<\/p>\n\n\n\n<p><strong>Orientadora: <\/strong>Clara Luiza Miranda<\/p>\n\n\n\n<p><strong>Ano: <\/strong>2009<\/p>\n\n\n\n<p><\/p>\n<\/div>\n<\/div>\n\n\n\n<div class=\"wp-block-columns is-layout-flex wp-container-core-columns-is-layout-9d6595d7 wp-block-columns-is-layout-flex\">\n<div class=\"wp-block-column is-layout-flow wp-block-column-is-layout-flow\">\n<figure class=\"wp-block-embed is-type-rich is-provider-pinterest wp-block-embed-pinterest\"><div class=\"wp-block-embed__wrapper\">\n<iframe loading=\"lazy\" title=\"Disserta\u00e7\u00e3o de Mestrado \u2013 Clara | NAU | N\u00facleo de Estudos de Arquitetura e Urbanismo\" src=\"https:\/\/assets.pinterest.com\/ext\/embed.html?id=994803005177806806&#038;src=oembed\" height=\"684\" width=\"450\" frameborder=\"0\" scrolling=\"no\" ><\/iframe>\n<\/div><\/figure>\n<\/div>\n\n\n\n<div class=\"wp-block-column is-layout-flow wp-block-column-is-layout-flow\">\n<p><strong>T\u00edtulo:<\/strong> Fluxos globais e intra-urbanos na Regi\u00e3o Metropolitana da Grande Vit\u00f3ria<\/p>\n\n\n\n<p><strong>Autor(a): <\/strong>Leandro Camatta de Assis<\/p>\n\n\n\n<p><strong>Orientadora: <\/strong>Clara Luiza Miranda<\/p>\n\n\n\n<p><strong>Ano: <\/strong>2009<\/p>\n\n\n\n<p><\/p>\n<\/div>\n<\/div>\n\n\n\n<h2 class=\"wp-block-heading has-medium-font-size\">Disserta\u00e7\u00f5es de Mestrado &#8211; 2008<\/h2>\n\n\n\n<div class=\"wp-block-columns is-layout-flex wp-container-core-columns-is-layout-9d6595d7 wp-block-columns-is-layout-flex\">\n<div class=\"wp-block-column is-layout-flow wp-block-column-is-layout-flow\">\n<figure class=\"wp-block-embed is-type-rich is-provider-pinterest wp-block-embed-pinterest\"><div class=\"wp-block-embed__wrapper\">\n<iframe loading=\"lazy\" title=\"Disserta\u00e7\u00e3o de Mestrado \u2013 Clara | NAU | N\u00facleo de Estudos de Arquitetura e Urbanismo\" src=\"https:\/\/assets.pinterest.com\/ext\/embed.html?id=994803005177807028&#038;src=oembed\" height=\"684\" width=\"450\" frameborder=\"0\" scrolling=\"no\" ><\/iframe>\n<\/div><\/figure>\n<\/div>\n\n\n\n<div class=\"wp-block-column is-layout-flow wp-block-column-is-layout-flow\">\n<p><strong>T\u00edtulo:<\/strong> Monumento Hist\u00f3rico, paisagens e lugar: an\u00e1lise fenomenol\u00f3gica da Igreja e Resid\u00eancia de Reis Magos<\/p>\n\n\n\n<p><strong>Autor(a): <\/strong>Miria Donadia Nascimento<\/p>\n\n\n\n<p><strong>Orientadora: <\/strong>Clara Luiza Miranda<\/p>\n\n\n\n<p><strong>Ano: <\/strong>2008<\/p>\n\n\n\n<p><\/p>\n<\/div>\n<\/div>\n","protected":false},"excerpt":{"rendered":"<p>Disserta\u00e7\u00f5es de Mestrado &#8211; 2023 T\u00edtulo: Rela\u00e7\u00e3o dos cidad\u00e3os locais com a preserva\u00e7\u00e3o do patrim\u00f4nio arquitet\u00f4nico no Centro Hist\u00f3rico de Vit\u00f3ria Autora: Carolina Santos Silva Orientadora: Clara Luiza Miranda Ano: 2023 T\u00edtulo: Casa Expandida: Da concep\u00e7\u00e3o africana de habitar \u00e0 casa da di\u00e1spora brasileira Autora: Mariah Santos Barcellos Orientadora: Clara Luiza Miranda Ano: 2023 Acesse [&hellip;]<\/p>\n","protected":false},"author":454,"featured_media":0,"comment_status":"open","ping_status":"open","sticky":false,"template":"","format":"standard","meta":{"_bbp_topic_count":0,"_bbp_reply_count":0,"_bbp_total_topic_count":0,"_bbp_total_reply_count":0,"_bbp_voice_count":0,"_bbp_anonymous_reply_count":0,"_bbp_topic_count_hidden":0,"_bbp_reply_count_hidden":0,"_bbp_forum_subforum_count":0,"_uag_custom_page_level_css":"","footnotes":""},"categories":[21,28],"tags":[],"class_list":["post-406","post","type-post","status-publish","format-standard","hentry","category-clara-luiza-miranda","category-dissertacao-de-mestrado-clara"],"uagb_featured_image_src":{"full":false,"thumbnail":false,"medium":false,"medium_large":false,"large":false,"1536x1536":false,"2048x2048":false,"post-thumbnail":false},"uagb_author_info":{"display_name":"Nathan dos Santos Silva","author_link":"https:\/\/blog.ufes.br\/nau-ufes\/author\/nathan_dos-santos-silva\/"},"uagb_comment_info":0,"uagb_excerpt":"Disserta\u00e7\u00f5es de Mestrado &#8211; 2023 T\u00edtulo: Rela\u00e7\u00e3o dos cidad\u00e3os locais com a preserva\u00e7\u00e3o do patrim\u00f4nio arquitet\u00f4nico no Centro Hist\u00f3rico de Vit\u00f3ria Autora: Carolina Santos Silva Orientadora: Clara Luiza Miranda Ano: 2023 T\u00edtulo: Casa Expandida: Da concep\u00e7\u00e3o africana de habitar \u00e0 casa da di\u00e1spora brasileira Autora: Mariah Santos Barcellos Orientadora: Clara Luiza Miranda Ano: 2023 Acesse&hellip;","_links":{"self":[{"href":"https:\/\/blog.ufes.br\/nau-ufes\/wp-json\/wp\/v2\/posts\/406","targetHints":{"allow":["GET"]}}],"collection":[{"href":"https:\/\/blog.ufes.br\/nau-ufes\/wp-json\/wp\/v2\/posts"}],"about":[{"href":"https:\/\/blog.ufes.br\/nau-ufes\/wp-json\/wp\/v2\/types\/post"}],"author":[{"embeddable":true,"href":"https:\/\/blog.ufes.br\/nau-ufes\/wp-json\/wp\/v2\/users\/454"}],"replies":[{"embeddable":true,"href":"https:\/\/blog.ufes.br\/nau-ufes\/wp-json\/wp\/v2\/comments?post=406"}],"version-history":[{"count":13,"href":"https:\/\/blog.ufes.br\/nau-ufes\/wp-json\/wp\/v2\/posts\/406\/revisions"}],"predecessor-version":[{"id":1142,"href":"https:\/\/blog.ufes.br\/nau-ufes\/wp-json\/wp\/v2\/posts\/406\/revisions\/1142"}],"wp:attachment":[{"href":"https:\/\/blog.ufes.br\/nau-ufes\/wp-json\/wp\/v2\/media?parent=406"}],"wp:term":[{"taxonomy":"category","embeddable":true,"href":"https:\/\/blog.ufes.br\/nau-ufes\/wp-json\/wp\/v2\/categories?post=406"},{"taxonomy":"post_tag","embeddable":true,"href":"https:\/\/blog.ufes.br\/nau-ufes\/wp-json\/wp\/v2\/tags?post=406"}],"curies":[{"name":"wp","href":"https:\/\/api.w.org\/{rel}","templated":true}]}}