{"id":430,"date":"2023-06-30T14:59:22","date_gmt":"2023-06-30T17:59:22","guid":{"rendered":"https:\/\/blog.ufes.br\/nau-ufes\/?p=430"},"modified":"2024-04-10T15:54:49","modified_gmt":"2024-04-10T18:54:49","slug":"430","status":"publish","type":"post","link":"https:\/\/blog.ufes.br\/nau-ufes\/2023\/06\/30\/430\/","title":{"rendered":""},"content":{"rendered":"\n<p class=\"has-medium-font-size\"><strong>Disserta\u00e7\u00e3o de Mestrado &#8211; 2023<\/strong><\/p>\n\n\n\n<div class=\"wp-block-columns is-layout-flex wp-container-core-columns-is-layout-9d6595d7 wp-block-columns-is-layout-flex\">\n<div class=\"wp-block-column is-layout-flow wp-block-column-is-layout-flow\">\n<p><strong>T\u00edtulo:<\/strong> An\u00e1lise da legisla\u00e7\u00e3o urban\u00edstica face \u00e0 implanta\u00e7\u00e3o de produtos imobili\u00e1rios de habita\u00e7\u00e3o vertical em cidades m\u00e9dias? o caso de Caruaru-PE<\/p>\n\n\n\n<p><strong>Autora: <\/strong>Caroline Barreto Calado<\/p>\n\n\n\n<p><strong>Orientadora: <\/strong>Eneida Maria Souza Mendon\u00e7a<\/p>\n\n\n\n<p><strong>Ano: <\/strong>2023<\/p>\n\n\n\n<p><strong><a href=\"https:\/\/arquitetura.ufes.br\/pt-br\/pos-graduacao\/PPGAU\/detalhes-da-tese?id=17333\" data-type=\"URL\" data-id=\"https:\/\/arquitetura.ufes.br\/pt-br\/pos-graduacao\/PPGAU\/detalhes-da-tese?id=17333\">Acesse aqui<\/a><\/strong><\/p>\n<\/div>\n<\/div>\n\n\n\n<div class=\"wp-block-columns is-layout-flex wp-container-core-columns-is-layout-9d6595d7 wp-block-columns-is-layout-flex\">\n<div class=\"wp-block-column is-layout-flow wp-block-column-is-layout-flow\">\n<p><strong>T\u00edtulo:<\/strong> Forma\u00e7\u00e3o e Expans\u00e3o do Plano Urbano do N\u00facleo Central de Guarapari: uma abordagem morfol\u00f3gica entre os s\u00e9culos XVI e XXI<\/p>\n\n\n\n<p><strong>Autora: <\/strong>Manoela Paulinelli Cunha Maiolli Monjardim<\/p>\n\n\n\n<p><strong>Orientadora: <\/strong>Eneida Maria Souza Mendon\u00e7a<\/p>\n\n\n\n<p><strong>Ano: <\/strong>2023<\/p>\n\n\n\n<p><strong><a href=\"https:\/\/arquitetura.ufes.br\/pt-br\/pos-graduacao\/PPGAU\/detalhes-da-tese?id=17327\">Acesse aqui<\/a><\/strong><\/p>\n<\/div>\n<\/div>\n\n\n\n<div class=\"wp-block-columns is-layout-flex wp-container-core-columns-is-layout-9d6595d7 wp-block-columns-is-layout-flex\">\n<div class=\"wp-block-column is-layout-flow wp-block-column-is-layout-flow\">\n<p><strong>T\u00edtulo:<\/strong> Apropria\u00e7\u00f5es dos espa\u00e7os livres p\u00fablicos do centro de Vit\u00f3ria (ES) diante da pandemia de covid-19: transforma\u00e7\u00f5es, tens\u00f5es e perman\u00eancias<\/p>\n\n\n\n<p><strong>Autor: <\/strong>Vitor de Toledo Nascimento<\/p>\n\n\n\n<p><strong>Orientadora: <\/strong>Eneida Maria Souza Mendon\u00e7a<\/p>\n\n\n\n<p><strong>Ano: <\/strong>2023<\/p>\n\n\n\n<p><strong><a href=\"https:\/\/sappg.ufes.br\/tese_drupal\/\/tese_17332_Vitor%20de%20Toledo%20Nascimento%20-%20Disserta%E7%E3o%20-%20Vers%E3o%20Final.pdf\">Acesse aqui<\/a><\/strong><\/p>\n<\/div>\n<\/div>\n\n\n\n<h2 class=\"wp-block-heading has-medium-font-size\"><strong>Disserta\u00e7\u00e3o de Mestrado &#8211; 202<\/strong>2<\/h2>\n\n\n\n<div class=\"wp-block-columns is-layout-flex wp-container-core-columns-is-layout-9d6595d7 wp-block-columns-is-layout-flex\">\n<div class=\"wp-block-column is-layout-flow wp-block-column-is-layout-flow\">\n<p><strong>T\u00edtulo:<\/strong> Sistema de espa\u00e7os livres no Baixo Rio Doce<\/p>\n\n\n\n<p><strong>Autor: <\/strong>Bruno Giorgio DAlessandri Martins<\/p>\n\n\n\n<p><strong>Orientadora: <\/strong>Eneida Maria Souza Mendon\u00e7a<\/p>\n\n\n\n<p><strong>Ano: <\/strong>2022<\/p>\n<\/div>\n<\/div>\n\n\n\n<div class=\"wp-block-columns is-layout-flex wp-container-core-columns-is-layout-9d6595d7 wp-block-columns-is-layout-flex\">\n<div class=\"wp-block-column is-layout-flow wp-block-column-is-layout-flow\">\n<p><strong>T\u00edtulo:<\/strong> As \u00e1guas na paisagem costeira: inter-rela\u00e7\u00f5es e conflitos na bacia do Riacho-ES<\/p>\n\n\n\n<p><strong>Autora: <\/strong>Karla Garcia Correia<\/p>\n\n\n\n<p><strong>Orientadora: <\/strong>Eneida Maria Souza Mendon\u00e7a<\/p>\n\n\n\n<p><strong>Ano: <\/strong>2022<\/p>\n\n\n\n<p><strong><a href=\"https:\/\/arquitetura.ufes.br\/pt-br\/pos-graduacao\/PPGAU\/detalhes-da-tese?id=16942\">Acesse aqui<\/a><\/strong><\/p>\n\n\n\n<h2 class=\"wp-block-heading has-medium-font-size\"><strong>Disserta\u00e7\u00e3o de Mestrado &#8211; 202<\/strong>1<\/h2>\n\n\n\n<p><strong>T\u00edtulo:<\/strong>Impactos da migra\u00e7\u00e3o e da segrega\u00e7\u00e3o socioespacial na remodela\u00e7\u00e3o do espa\u00e7o da RMGV nos anos 2000<\/p>\n\n\n\n<p><strong>Autora: <\/strong>\u00c9len R\u00fabia de Andrade Silva<\/p>\n\n\n\n<p><strong>Orientadora: <\/strong>Eneida Maria Souza Mendon\u00e7a<\/p>\n\n\n\n<p><strong>Ano: <\/strong>2021<\/p>\n<\/div>\n<\/div>\n\n\n\n<p><\/p>\n\n\n\n<p><\/p>\n\n\n\n<h2 class=\"wp-block-heading has-medium-font-size\"><strong>Disserta\u00e7\u00e3o de Mestrado &#8211; 202<\/strong>0<\/h2>\n\n\n\n<div class=\"wp-block-columns is-layout-flex wp-container-core-columns-is-layout-9d6595d7 wp-block-columns-is-layout-flex\">\n<div class=\"wp-block-column is-layout-flow wp-block-column-is-layout-flow\">\n<p><strong>T\u00edtulo:<\/strong> Rela\u00e7\u00f5es Entre Espa\u00e7o Urbano e Cursos D\u2019\u00e1gua: Conflitos e Intera\u00e7\u00f5es no Vale do Rio Doce<\/p>\n\n\n\n<p><strong>Autor: <\/strong>R\u00f4mulo Croce<\/p>\n\n\n\n<p><strong>Orientadora: <\/strong>Eneida Maria Souza Mendon\u00e7a<\/p>\n\n\n\n<p><strong>Ano: <\/strong>2020<\/p>\n\n\n\n<p><strong><a href=\"https:\/\/sappg.ufes.br\/tese_drupal\/\/tese_14308_R%D4MULO%20CROCE%20-%20VERS%C3O%20FINAL.pdf\">Acesse aqui<\/a><\/strong><\/p>\n<\/div>\n<\/div>\n","protected":false},"excerpt":{"rendered":"<p>Disserta\u00e7\u00e3o de Mestrado &#8211; 2023 T\u00edtulo: An\u00e1lise da legisla\u00e7\u00e3o urban\u00edstica face \u00e0 implanta\u00e7\u00e3o de produtos imobili\u00e1rios de habita\u00e7\u00e3o vertical em cidades m\u00e9dias? o caso de Caruaru-PE Autora: Caroline Barreto Calado Orientadora: Eneida Maria Souza Mendon\u00e7a Ano: 2023 Acesse aqui T\u00edtulo: Forma\u00e7\u00e3o e Expans\u00e3o do Plano Urbano do N\u00facleo Central de Guarapari: uma abordagem morfol\u00f3gica entre [&hellip;]<\/p>\n","protected":false},"author":454,"featured_media":0,"comment_status":"open","ping_status":"open","sticky":false,"template":"","format":"standard","meta":{"_bbp_topic_count":0,"_bbp_reply_count":0,"_bbp_total_topic_count":0,"_bbp_total_reply_count":0,"_bbp_voice_count":0,"_bbp_anonymous_reply_count":0,"_bbp_topic_count_hidden":0,"_bbp_reply_count_hidden":0,"_bbp_forum_subforum_count":0,"_uag_custom_page_level_css":"","footnotes":""},"categories":[26,22],"tags":[],"class_list":["post-430","post","type-post","status-publish","format-standard","hentry","category-dissertacao-de-mestrado-eneida","category-eneida-maria-souza-mendonca"],"uagb_featured_image_src":{"full":false,"thumbnail":false,"medium":false,"medium_large":false,"large":false,"1536x1536":false,"2048x2048":false,"post-thumbnail":false},"uagb_author_info":{"display_name":"Nathan dos Santos Silva","author_link":"https:\/\/blog.ufes.br\/nau-ufes\/author\/nathan_dos-santos-silva\/"},"uagb_comment_info":0,"uagb_excerpt":"Disserta\u00e7\u00e3o de Mestrado &#8211; 2023 T\u00edtulo: An\u00e1lise da legisla\u00e7\u00e3o urban\u00edstica face \u00e0 implanta\u00e7\u00e3o de produtos imobili\u00e1rios de habita\u00e7\u00e3o vertical em cidades m\u00e9dias? o caso de Caruaru-PE Autora: Caroline Barreto Calado Orientadora: Eneida Maria Souza Mendon\u00e7a Ano: 2023 Acesse aqui T\u00edtulo: Forma\u00e7\u00e3o e Expans\u00e3o do Plano Urbano do N\u00facleo Central de Guarapari: uma abordagem morfol\u00f3gica entre&hellip;","_links":{"self":[{"href":"https:\/\/blog.ufes.br\/nau-ufes\/wp-json\/wp\/v2\/posts\/430","targetHints":{"allow":["GET"]}}],"collection":[{"href":"https:\/\/blog.ufes.br\/nau-ufes\/wp-json\/wp\/v2\/posts"}],"about":[{"href":"https:\/\/blog.ufes.br\/nau-ufes\/wp-json\/wp\/v2\/types\/post"}],"author":[{"embeddable":true,"href":"https:\/\/blog.ufes.br\/nau-ufes\/wp-json\/wp\/v2\/users\/454"}],"replies":[{"embeddable":true,"href":"https:\/\/blog.ufes.br\/nau-ufes\/wp-json\/wp\/v2\/comments?post=430"}],"version-history":[{"count":4,"href":"https:\/\/blog.ufes.br\/nau-ufes\/wp-json\/wp\/v2\/posts\/430\/revisions"}],"predecessor-version":[{"id":1246,"href":"https:\/\/blog.ufes.br\/nau-ufes\/wp-json\/wp\/v2\/posts\/430\/revisions\/1246"}],"wp:attachment":[{"href":"https:\/\/blog.ufes.br\/nau-ufes\/wp-json\/wp\/v2\/media?parent=430"}],"wp:term":[{"taxonomy":"category","embeddable":true,"href":"https:\/\/blog.ufes.br\/nau-ufes\/wp-json\/wp\/v2\/categories?post=430"},{"taxonomy":"post_tag","embeddable":true,"href":"https:\/\/blog.ufes.br\/nau-ufes\/wp-json\/wp\/v2\/tags?post=430"}],"curies":[{"name":"wp","href":"https:\/\/api.w.org\/{rel}","templated":true}]}}