{"id":454,"date":"2023-06-30T15:46:37","date_gmt":"2023-06-30T18:46:37","guid":{"rendered":"https:\/\/blog.ufes.br\/nau-ufes\/?p=454"},"modified":"2024-10-04T15:59:31","modified_gmt":"2024-10-04T18:59:31","slug":"454","status":"publish","type":"post","link":"https:\/\/blog.ufes.br\/nau-ufes\/2023\/06\/30\/454\/","title":{"rendered":""},"content":{"rendered":"\n<p class=\"has-medium-font-size\"><strong>Inicia\u00e7\u00e3o Cient\u00edfica &#8211; 2022<\/strong><\/p>\n\n\n\n<div class=\"wp-block-columns is-layout-flex wp-container-core-columns-is-layout-9d6595d7 wp-block-columns-is-layout-flex\">\n<div class=\"wp-block-column is-layout-flow wp-block-column-is-layout-flow\">\n<p><strong>T\u00edtulo:<\/strong> A \u00c1rea Central de Vit\u00f3ria, ES, o impacto da Pandemia de Coronav\u00edrus e estudos para a p\u00f3s Pandemia.&nbsp;<\/p>\n\n\n\n<p><strong>Autor(as): <\/strong>Clara de Souza Gomes<\/p>\n\n\n\n<p><strong>Orientadora: <\/strong>Clara Luiza Miranda<\/p>\n\n\n\n<p><strong>Palavras-chave: <\/strong>\u00c1rea Central de Vit\u00f3ria. Pandemia. Coronav\u00edrus<\/p>\n\n\n\n<p><strong>Ano: <\/strong>2022<\/p>\n<\/div>\n<\/div>\n\n\n\n<h2 class=\"wp-block-heading has-medium-font-size\"><strong>Inicia\u00e7\u00e3o Cient\u00edfica &#8211; 202<\/strong>1<\/h2>\n\n\n\n<div class=\"wp-block-columns is-layout-flex wp-container-core-columns-is-layout-9d6595d7 wp-block-columns-is-layout-flex\">\n<div class=\"wp-block-column is-layout-flow wp-block-column-is-layout-flow\">\n<p><strong>T\u00edtulo:<\/strong> Planejamento Alternativo para \u00c1rea Central de Vit\u00f3ria<\/p>\n\n\n\n<p><strong>Autor(as): <\/strong>Lara Prud\u00eancio do Nascimento<\/p>\n\n\n\n<p><strong>Orientadora: <\/strong>Clara Luiza Miranda<\/p>\n\n\n\n<p><strong>Palavras-chave: <\/strong>Planejamento Alternativo. \u00c1rea Central. Vit\u00f3ria.<\/p>\n\n\n\n<p><strong>Ano: <\/strong>2021<\/p>\n<\/div>\n<\/div>\n\n\n\n<h2 class=\"wp-block-heading has-medium-font-size\"><strong>Inicia\u00e7\u00e3o Cient\u00edfica &#8211; 202<\/strong>0<\/h2>\n\n\n\n<div class=\"wp-block-columns is-layout-flex wp-container-core-columns-is-layout-9d6595d7 wp-block-columns-is-layout-flex\">\n<div class=\"wp-block-column is-layout-flow wp-block-column-is-layout-flow\">\n<p><strong>T\u00edtulo:<\/strong> Planejamento Alternativo para \u00c1rea Central de Vit\u00f3ria<\/p>\n\n\n\n<p><strong>Autor: <\/strong>Jo\u00e3o Victor Rodrigues Fonseca<\/p>\n\n\n\n<p><strong>Orientadora: <\/strong>Clara Luiza Miranda<\/p>\n\n\n\n<p><strong>Palavras-chave: <\/strong>Planejamento Alternativo. \u00c1rea Central. Vit\u00f3ria.<\/p>\n\n\n\n<p><strong>Ano: <\/strong>2020<\/p>\n<\/div>\n<\/div>\n\n\n\n<div class=\"wp-block-columns is-layout-flex wp-container-core-columns-is-layout-9d6595d7 wp-block-columns-is-layout-flex\">\n<div class=\"wp-block-column is-layout-flow wp-block-column-is-layout-flow\">\n<p><strong>T\u00edtulo:<\/strong> Subs\u00eddios para proposi\u00e7\u00e3o de cooperativas e pr\u00e1ticas ajuda m\u00fatua para provis\u00e3o de habita\u00e7\u00e3o na \u00e1rea central de Vit\u00f3ria <\/p>\n\n\n\n<p><strong>Autora: <\/strong>Zanandra Falc\u00e3o<\/p>\n\n\n\n<p><strong>Orientadora: <\/strong>Clara Luiza Miranda<\/p>\n\n\n\n<p><strong>Palavras-chave: <\/strong>Subs\u00eddios. Provis\u00e3o de habita\u00e7\u00e3o. \u00c1rea central de Vit\u00f3ria.<\/p>\n\n\n\n<p><strong>Ano: <\/strong>2020<\/p>\n<\/div>\n<\/div>\n\n\n\n<h2 class=\"wp-block-heading has-medium-font-size\"><strong>Inicia\u00e7\u00e3o Cient\u00edfica &#8211; 20<\/strong>19<\/h2>\n\n\n\n<div class=\"wp-block-columns is-layout-flex wp-container-core-columns-is-layout-9d6595d7 wp-block-columns-is-layout-flex\">\n<div class=\"wp-block-column is-layout-flow wp-block-column-is-layout-flow\">\n<p><strong>T\u00edtulo:<\/strong> Habita\u00e7\u00e3o Social na Col\u00f4mbia, o caso de Bogot\u00e1&nbsp;<\/p>\n\n\n\n<p><strong>Autor(as): <\/strong>Zanandra Falc\u00e3o<\/p>\n\n\n\n<p><strong>Orientadora: <\/strong>Clara Luiza Miranda<\/p>\n\n\n\n<p><strong>Palavras-chave: <\/strong>Habita\u00e7\u00e3o Social. Col\u00f4mbia. Bogot\u00e1.<\/p>\n\n\n\n<p><strong>Ano: <\/strong>2019<\/p>\n<\/div>\n<\/div>\n","protected":false},"excerpt":{"rendered":"<p>Inicia\u00e7\u00e3o Cient\u00edfica &#8211; 2022 T\u00edtulo: A \u00c1rea Central de Vit\u00f3ria, ES, o impacto da Pandemia de Coronav\u00edrus e estudos para a p\u00f3s Pandemia.&nbsp; Autor(as): Clara de Souza Gomes Orientadora: Clara Luiza Miranda Palavras-chave: \u00c1rea Central de Vit\u00f3ria. Pandemia. Coronav\u00edrus Ano: 2022 Inicia\u00e7\u00e3o Cient\u00edfica &#8211; 2021 T\u00edtulo: Planejamento Alternativo para \u00c1rea Central de Vit\u00f3ria Autor(as): Lara [&hellip;]<\/p>\n","protected":false},"author":454,"featured_media":0,"comment_status":"open","ping_status":"open","sticky":false,"template":"","format":"standard","meta":{"_bbp_topic_count":0,"_bbp_reply_count":0,"_bbp_total_topic_count":0,"_bbp_total_reply_count":0,"_bbp_voice_count":0,"_bbp_anonymous_reply_count":0,"_bbp_topic_count_hidden":0,"_bbp_reply_count_hidden":0,"_bbp_forum_subforum_count":0,"_uag_custom_page_level_css":"","footnotes":""},"categories":[32],"tags":[],"class_list":["post-454","post","type-post","status-publish","format-standard","hentry","category-iniciacao-cientifica-clara"],"uagb_featured_image_src":{"full":false,"thumbnail":false,"medium":false,"medium_large":false,"large":false,"1536x1536":false,"2048x2048":false,"post-thumbnail":false},"uagb_author_info":{"display_name":"Nathan dos Santos Silva","author_link":"https:\/\/blog.ufes.br\/nau-ufes\/author\/nathan_dos-santos-silva\/"},"uagb_comment_info":1,"uagb_excerpt":"Inicia\u00e7\u00e3o Cient\u00edfica &#8211; 2022 T\u00edtulo: A \u00c1rea Central de Vit\u00f3ria, ES, o impacto da Pandemia de Coronav\u00edrus e estudos para a p\u00f3s Pandemia.&nbsp; Autor(as): Clara de Souza Gomes Orientadora: Clara Luiza Miranda Palavras-chave: \u00c1rea Central de Vit\u00f3ria. Pandemia. Coronav\u00edrus Ano: 2022 Inicia\u00e7\u00e3o Cient\u00edfica &#8211; 2021 T\u00edtulo: Planejamento Alternativo para \u00c1rea Central de Vit\u00f3ria Autor(as): Lara&hellip;","_links":{"self":[{"href":"https:\/\/blog.ufes.br\/nau-ufes\/wp-json\/wp\/v2\/posts\/454","targetHints":{"allow":["GET"]}}],"collection":[{"href":"https:\/\/blog.ufes.br\/nau-ufes\/wp-json\/wp\/v2\/posts"}],"about":[{"href":"https:\/\/blog.ufes.br\/nau-ufes\/wp-json\/wp\/v2\/types\/post"}],"author":[{"embeddable":true,"href":"https:\/\/blog.ufes.br\/nau-ufes\/wp-json\/wp\/v2\/users\/454"}],"replies":[{"embeddable":true,"href":"https:\/\/blog.ufes.br\/nau-ufes\/wp-json\/wp\/v2\/comments?post=454"}],"version-history":[{"count":4,"href":"https:\/\/blog.ufes.br\/nau-ufes\/wp-json\/wp\/v2\/posts\/454\/revisions"}],"predecessor-version":[{"id":1256,"href":"https:\/\/blog.ufes.br\/nau-ufes\/wp-json\/wp\/v2\/posts\/454\/revisions\/1256"}],"wp:attachment":[{"href":"https:\/\/blog.ufes.br\/nau-ufes\/wp-json\/wp\/v2\/media?parent=454"}],"wp:term":[{"taxonomy":"category","embeddable":true,"href":"https:\/\/blog.ufes.br\/nau-ufes\/wp-json\/wp\/v2\/categories?post=454"},{"taxonomy":"post_tag","embeddable":true,"href":"https:\/\/blog.ufes.br\/nau-ufes\/wp-json\/wp\/v2\/tags?post=454"}],"curies":[{"name":"wp","href":"https:\/\/api.w.org\/{rel}","templated":true}]}}