{"id":469,"date":"2023-07-03T14:32:48","date_gmt":"2023-07-03T17:32:48","guid":{"rendered":"https:\/\/blog.ufes.br\/nau-ufes\/?p=469"},"modified":"2024-10-04T15:49:09","modified_gmt":"2024-10-04T18:49:09","slug":"469","status":"publish","type":"post","link":"https:\/\/blog.ufes.br\/nau-ufes\/2023\/07\/03\/469\/","title":{"rendered":""},"content":{"rendered":"\n<p class=\"has-medium-font-size\"><strong>Inicia\u00e7\u00f5es Cient\u00edficas &#8211; 2021<\/strong><\/p>\n\n\n\n<div class=\"wp-block-columns is-layout-flex wp-container-core-columns-is-layout-9d6595d7 wp-block-columns-is-layout-flex\">\n<div class=\"wp-block-column is-layout-flow wp-block-column-is-layout-flow\">\n<p><strong>T\u00edtulo:<\/strong> Athis e diagn\u00f3stico socioespacial de moradias vulner\u00e1veis em estudos aplicados sobre a mitiga\u00e7\u00e3o e para a p\u00f3s pandemia covid-19 (Vit\u00f3ria &#8211; ES)<\/p>\n\n\n\n<p><strong>Autora: <\/strong>Hilary Whitney Silva da Cruz<\/p>\n\n\n\n<p><strong>Orientadora: <\/strong>Martha Machado Campos<\/p>\n\n\n\n<p><strong>Ano: <\/strong>2021<\/p>\n<\/div>\n\n\n\n<div class=\"wp-block-column is-layout-flow wp-block-column-is-layout-flow\"><\/div>\n<\/div>\n\n\n\n<p class=\"has-medium-font-size\"><strong>Inicia\u00e7\u00f5es Cient\u00edficas &#8211; 2020<\/strong><\/p>\n\n\n\n<div class=\"wp-block-columns is-layout-flex wp-container-core-columns-is-layout-9d6595d7 wp-block-columns-is-layout-flex\">\n<div class=\"wp-block-column is-layout-flow wp-block-column-is-layout-flow\">\n<p><strong>T\u00edtulo:<\/strong>&nbsp; Estudos, projetos e planos portu\u00e1rios e urban\u00edsticos da Vit\u00f3ria Metropolitana (ES): um levantamento documental.<\/p>\n\n\n\n<p><strong>Autora: <\/strong>Hilary Whitney Silva da Cruz<\/p>\n\n\n\n<p><strong>Orientadora: <\/strong>Martha Machado Campos<\/p>\n\n\n\n<p><strong>Ano: <\/strong>2020<\/p>\n<\/div>\n\n\n\n<div class=\"wp-block-column is-layout-flow wp-block-column-is-layout-flow\"><\/div>\n<\/div>\n\n\n\n<p class=\"has-medium-font-size\"><strong>Inicia\u00e7\u00f5es Cient\u00edficas &#8211; 2019<\/strong><\/p>\n\n\n\n<div class=\"wp-block-columns is-layout-flex wp-container-core-columns-is-layout-9d6595d7 wp-block-columns-is-layout-flex\">\n<div class=\"wp-block-column is-layout-flow wp-block-column-is-layout-flow\">\n<p><strong>T\u00edtulo: <\/strong>Porto de Vit\u00f3ria: inventariando infraestruturas portu\u00e1rias (\u00e1rea de expans\u00e3o de Vila Velha)&nbsp;<\/p>\n\n\n\n<p><strong>Autora: <\/strong>Izabel Castilho Henrique<\/p>\n\n\n\n<p><strong>Orientadora: <\/strong>Martha Machado Campos<\/p>\n\n\n\n<p><strong>Ano:<\/strong> 2019<\/p>\n<\/div>\n\n\n\n<div class=\"wp-block-column is-layout-flow wp-block-column-is-layout-flow\"><\/div>\n<\/div>\n\n\n\n<p class=\"has-medium-font-size\"><strong>Inicia\u00e7\u00f5es Cient\u00edficas &#8211; 2017<\/strong><\/p>\n\n\n\n<div class=\"wp-block-columns is-layout-flex wp-container-core-columns-is-layout-9d6595d7 wp-block-columns-is-layout-flex\">\n<div class=\"wp-block-column is-layout-flow wp-block-column-is-layout-flow\">\n<p><strong>T\u00edtulo: <\/strong>Paisagem e pol\u00edtica cultural na \u00e1rea central de Vit\u00f3ria (ES)<\/p>\n\n\n\n<p><strong>Autora: <\/strong>Lara Figueiredo Peres Pessl<\/p>\n\n\n\n<p><strong>Orientadora: <\/strong>Martha Machado Campos<\/p>\n\n\n\n<p><strong>Ano: <\/strong>2017<\/p>\n<\/div>\n\n\n\n<div class=\"wp-block-column is-layout-flow wp-block-column-is-layout-flow\"><\/div>\n<\/div>\n\n\n\n<p><\/p>\n\n\n\n<div class=\"wp-block-columns is-layout-flex wp-container-core-columns-is-layout-9d6595d7 wp-block-columns-is-layout-flex\">\n<div class=\"wp-block-column is-layout-flow wp-block-column-is-layout-flow\">\n<p><strong>T\u00edtulo: <\/strong>Porto de Vit\u00f3ria: inventariando infraestruturas portu\u00e1rias<\/p>\n\n\n\n<p><strong>Autora: <\/strong>Gabriela Pinto de Moura<\/p>\n\n\n\n<p><strong>Orientadora: <\/strong>Martha Machado Campos<\/p>\n\n\n\n<p><strong>Ano: <\/strong>2017<\/p>\n<\/div>\n\n\n\n<div class=\"wp-block-column is-layout-flow wp-block-column-is-layout-flow\"><\/div>\n<\/div>\n\n\n\n<p class=\"has-medium-font-size\"><strong>Inicia\u00e7\u00f5es Cient\u00edficas &#8211; 2016<\/strong><\/p>\n\n\n\n<div class=\"wp-block-columns is-layout-flex wp-container-core-columns-is-layout-9d6595d7 wp-block-columns-is-layout-flex\">\n<div class=\"wp-block-column is-layout-flow wp-block-column-is-layout-flow\">\n<p><strong>T\u00edtulo: <\/strong>Plano de Prote\u00e7\u00e3o da Paisagem da \u00c1rea Central de Vit\u00f3ria (ES): narrativas de uma paisagem<\/p>\n\n\n\n<p><strong>Autora: <\/strong>Lara Figueiredo Peres Pessl<\/p>\n\n\n\n<p><strong>Orientadora: <\/strong>Martha Machado Campos<\/p>\n\n\n\n<p><strong>Ano: <\/strong>2016<\/p>\n<\/div>\n\n\n\n<div class=\"wp-block-column is-layout-flow wp-block-column-is-layout-flow\"><\/div>\n<\/div>\n\n\n\n<p class=\"has-medium-font-size\"><strong>Inicia\u00e7\u00f5es Cient\u00edficas &#8211; 2015<\/strong><\/p>\n\n\n\n<div class=\"wp-block-columns is-layout-flex wp-container-core-columns-is-layout-9d6595d7 wp-block-columns-is-layout-flex\">\n<div class=\"wp-block-column is-layout-flow wp-block-column-is-layout-flow\">\n<p><strong>T\u00edtulo: <\/strong>Cidade e porto hist\u00f3rico: Vit\u00f3ria e Vila Velha (ES)<\/p>\n\n\n\n<p><strong>Autor: <\/strong>Jo\u00e3o Vitor Erlacher Figueiredo<\/p>\n\n\n\n<p><strong>Orientadora: <\/strong>Martha Machado Campos<\/p>\n\n\n\n<p><strong>Ano: <\/strong>2015<\/p>\n<\/div>\n\n\n\n<div class=\"wp-block-column is-layout-flow wp-block-column-is-layout-flow\"><\/div>\n<\/div>\n\n\n\n<p class=\"has-medium-font-size\"><strong>Inicia\u00e7\u00f5es Cient\u00edficas &#8211; 2014<\/strong><\/p>\n\n\n\n<div class=\"wp-block-columns is-layout-flex wp-container-core-columns-is-layout-9d6595d7 wp-block-columns-is-layout-flex\">\n<div class=\"wp-block-column is-layout-flow wp-block-column-is-layout-flow\">\n<p><strong>T\u00edtulo: <\/strong>Cidade e porto ind\u00fastria: Vit\u00f3ria metropolitana (ES)<\/p>\n\n\n\n<p><strong>Autor: <\/strong>Kaio Gabriel Bossatto<\/p>\n\n\n\n<p><strong>Orientadora: <\/strong>Martha Machado Campos<\/p>\n\n\n\n<p><strong>Ano: <\/strong>2014<\/p>\n<\/div>\n\n\n\n<div class=\"wp-block-column is-layout-flow wp-block-column-is-layout-flow\"><\/div>\n<\/div>\n\n\n\n<p class=\"has-medium-font-size\"><strong>Inicia\u00e7\u00f5es Cient\u00edficas &#8211; 2013<\/strong><\/p>\n\n\n\n<div class=\"wp-block-columns is-layout-flex wp-container-core-columns-is-layout-9d6595d7 wp-block-columns-is-layout-flex\">\n<div class=\"wp-block-column is-layout-flow wp-block-column-is-layout-flow\">\n<p><strong>T\u00edtulo:<\/strong> Porto e projeto em \u00e1reas de expans\u00e3o urbana: arco metropolitano da Grande Vit\u00f3ria (ES) &#8211; Vit\u00f3ria e Serra<\/p>\n\n\n\n<p><strong>Autor: <\/strong>Kaio Gabriel Bossatto<\/p>\n\n\n\n<p><strong>Orientadora: <\/strong>Martha Machado Campos<\/p>\n\n\n\n<p><strong>Ano: <\/strong>2013<\/p>\n<\/div>\n\n\n\n<div class=\"wp-block-column is-layout-flow wp-block-column-is-layout-flow\"><\/div>\n<\/div>\n\n\n\n<div class=\"wp-block-columns is-layout-flex wp-container-core-columns-is-layout-9d6595d7 wp-block-columns-is-layout-flex\">\n<div class=\"wp-block-column is-layout-flow wp-block-column-is-layout-flow\">\n<p><strong>T\u00edtulo:<\/strong> Porto e paisagem em \u00e1reas de expans\u00e3o urbana: arco metropolitano da Grande Vit\u00f3ria (ES)- Vit\u00f3ria e Serra<\/p>\n\n\n\n<p><strong>Autora: <\/strong>Mariana Paim Rodrigues<\/p>\n\n\n\n<p><strong>Orientadora: <\/strong>Martha Machado Campos<\/p>\n\n\n\n<p><strong>Ano: <\/strong>2013<\/p>\n<\/div>\n\n\n\n<div class=\"wp-block-column is-layout-flow wp-block-column-is-layout-flow\"><\/div>\n<\/div>\n\n\n\n<div class=\"wp-block-columns is-layout-flex wp-container-core-columns-is-layout-9d6595d7 wp-block-columns-is-layout-flex\">\n<div class=\"wp-block-column is-layout-flow wp-block-column-is-layout-flow\">\n<p><strong>T\u00edtulo:<\/strong> Porto e paisagem em \u00e1reas de expans\u00e3o urbana: arco metropolitano da Grande Vit\u00f3ria (ES) &#8211; Vit\u00f3ria, Vila Velha e Cariacica<\/p>\n\n\n\n<p><strong>Autora: <\/strong>Emanuelle Trevisani<\/p>\n\n\n\n<p><strong>Orientadora: <\/strong>Martha Machado Campos<\/p>\n\n\n\n<p><strong>Ano: <\/strong>2013<\/p>\n<\/div>\n\n\n\n<div class=\"wp-block-column is-layout-flow wp-block-column-is-layout-flow\"><\/div>\n<\/div>\n\n\n\n<div class=\"wp-block-columns is-layout-flex wp-container-core-columns-is-layout-9d6595d7 wp-block-columns-is-layout-flex\">\n<div class=\"wp-block-column is-layout-flow wp-block-column-is-layout-flow\">\n<p><strong>T\u00edtulo: <\/strong>Porto e projeto em \u00e1reas de expans\u00e3o urbana: arco metropolitano da Grande Vit\u00f3ria (ES) &#8211; Vit\u00f3ria, Vila Velha e Cariacica<\/p>\n\n\n\n<p><strong>Autora: <\/strong>Larissa Cosmi<\/p>\n\n\n\n<p><strong>Orientadora: <\/strong>Martha Machado Campos<\/p>\n\n\n\n<p><strong>Ano: <\/strong>2013<\/p>\n<\/div>\n\n\n\n<div class=\"wp-block-column is-layout-flow wp-block-column-is-layout-flow\"><\/div>\n<\/div>\n\n\n\n<p class=\"has-medium-font-size\"><strong>Inicia\u00e7\u00f5es Cient\u00edficas &#8211; 2012<\/strong><\/p>\n\n\n\n<div class=\"wp-block-columns is-layout-flex wp-container-core-columns-is-layout-9d6595d7 wp-block-columns-is-layout-flex\">\n<div class=\"wp-block-column is-layout-flow wp-block-column-is-layout-flow\">\n<p><strong>T\u00edtulo: <\/strong>Porto e paisagem em \u00e1reas centrais: centro hist\u00f3rico de Vit\u00f3ria (ES)<\/p>\n\n\n\n<p><strong>Autora: <\/strong>Paula de Moreira Guimar\u00e3es<\/p>\n\n\n\n<p><strong>Orientadora: <\/strong>Martha Machado Campos<\/p>\n\n\n\n<p><strong>Ano: <\/strong>2012<\/p>\n<\/div>\n\n\n\n<div class=\"wp-block-column is-layout-flow wp-block-column-is-layout-flow\"><\/div>\n<\/div>\n\n\n\n<div class=\"wp-block-columns is-layout-flex wp-container-core-columns-is-layout-9d6595d7 wp-block-columns-is-layout-flex\">\n<div class=\"wp-block-column is-layout-flow wp-block-column-is-layout-flow\">\n<p><strong>T\u00edtulo: <\/strong>Porto e projeto em \u00e1reas centrais: centro hist\u00f3rico de Vit\u00f3ria (ES)<\/p>\n\n\n\n<p><strong>Autora: <\/strong>Rayanne Maffei Loureiro<\/p>\n\n\n\n<p><strong>Orientadora: <\/strong>Martha Machado Campos<\/p>\n\n\n\n<p><strong>Ano: <\/strong>2012<\/p>\n<\/div>\n\n\n\n<div class=\"wp-block-column is-layout-flow wp-block-column-is-layout-flow\"><\/div>\n<\/div>\n\n\n\n<p class=\"has-medium-font-size\"><strong>Inicia\u00e7\u00f5es Cient\u00edficas &#8211; 2010<\/strong><\/p>\n\n\n\n<div class=\"wp-block-columns is-layout-flex wp-container-core-columns-is-layout-9d6595d7 wp-block-columns-is-layout-flex\">\n<div class=\"wp-block-column is-layout-flow wp-block-column-is-layout-flow\">\n<p><strong>T\u00edtulo: <\/strong>Fluxos urbanos (3): arte\/arquitetura e a paisagem de litoral de Vit\u00f3ria (ES)<\/p>\n\n\n\n<p><strong>Autora: <\/strong>Vivian Cypriano Chiabay<\/p>\n\n\n\n<p><strong>Orientadora: <\/strong>Martha Machado Campos<\/p>\n\n\n\n<p><strong>Ano: <\/strong>2010<\/p>\n<\/div>\n\n\n\n<div class=\"wp-block-column is-layout-flow wp-block-column-is-layout-flow\"><\/div>\n<\/div>\n\n\n\n<p class=\"has-medium-font-size\"><strong>Inicia\u00e7\u00f5es Cient\u00edficas &#8211; 2009<\/strong><\/p>\n\n\n\n<div class=\"wp-block-columns is-layout-flex wp-container-core-columns-is-layout-9d6595d7 wp-block-columns-is-layout-flex\">\n<div class=\"wp-block-column is-layout-flow wp-block-column-is-layout-flow\">\n<p><strong>T\u00edtulo: <\/strong>Fluxos urbanos (3): arte e arquitetura em lugares de movimento no Centro de Vit\u00f3ria (ES)<\/p>\n\n\n\n<p><strong>Autora: <\/strong>Rafaela Cardoso Caldeira<\/p>\n\n\n\n<p><strong>Orientadora: <\/strong>Martha Machado Campos<\/p>\n\n\n\n<p><strong>Ano: <\/strong>2009<\/p>\n<\/div>\n\n\n\n<div class=\"wp-block-column is-layout-flow wp-block-column-is-layout-flow\"><\/div>\n<\/div>\n\n\n\n<div class=\"wp-block-columns is-layout-flex wp-container-core-columns-is-layout-9d6595d7 wp-block-columns-is-layout-flex\">\n<div class=\"wp-block-column is-layout-flow wp-block-column-is-layout-flow\">\n<p><strong>T\u00edtulo: <\/strong>Fluxos urbanos (3): arte e arquitetura em lugares de movimento da regi\u00e3o leste de Vit\u00f3ria (ES)<\/p>\n\n\n\n<p><strong>Autora: <\/strong>Larissa Helena Carnielli Howat Rodrigues<\/p>\n\n\n\n<p><strong>Orientadora: <\/strong>Martha Machado Campos<\/p>\n\n\n\n<p><strong>Ano: <\/strong>2009<\/p>\n<\/div>\n\n\n\n<div class=\"wp-block-column is-layout-flow wp-block-column-is-layout-flow\"><\/div>\n<\/div>\n\n\n\n<p class=\"has-medium-font-size\"><strong>Inicia\u00e7\u00f5es Cient\u00edficas &#8211; 2008<\/strong><\/p>\n\n\n\n<div class=\"wp-block-columns is-layout-flex wp-container-core-columns-is-layout-9d6595d7 wp-block-columns-is-layout-flex\">\n<div class=\"wp-block-column is-layout-flow wp-block-column-is-layout-flow\">\n<p><strong>T\u00edtulo: <\/strong>Fluxos urbanos (2): projeto de reestrutura\u00e7\u00e3o urbana<\/p>\n\n\n\n<p><strong>Autora: <\/strong>Samira de Souza Proeza<\/p>\n\n\n\n<p><strong>Orientadora: <\/strong>Martha Machado Campos<\/p>\n\n\n\n<p><strong>Ano: <\/strong>2008<\/p>\n<\/div>\n\n\n\n<div class=\"wp-block-column is-layout-flow wp-block-column-is-layout-flow\"><\/div>\n<\/div>\n\n\n\n<p class=\"has-medium-font-size\"><strong>Inicia\u00e7\u00f5es Cient\u00edficas &#8211; 2007<\/strong><\/p>\n\n\n\n<div class=\"wp-block-columns is-layout-flex wp-container-core-columns-is-layout-9d6595d7 wp-block-columns-is-layout-flex\">\n<div class=\"wp-block-column is-layout-flow wp-block-column-is-layout-flow\">\n<p><strong>T\u00edtulo: <\/strong>Fluxos urbanos: estudo de caso Vit\u00f3ria (ES)<\/p>\n\n\n\n<p><strong>Autora: <\/strong>Renata Lora Morandi<\/p>\n\n\n\n<p><strong>Orientadora: <\/strong>Martha Machado Campos<\/p>\n\n\n\n<p><strong>Ano: <\/strong>2007<\/p>\n<\/div>\n\n\n\n<div class=\"wp-block-column is-layout-flow wp-block-column-is-layout-flow\"><\/div>\n<\/div>\n\n\n\n<div class=\"wp-block-columns is-layout-flex wp-container-core-columns-is-layout-9d6595d7 wp-block-columns-is-layout-flex\">\n<div class=\"wp-block-column is-layout-flow wp-block-column-is-layout-flow\">\n<p><strong>T\u00edtulo:<\/strong> Fluxos urbanos: estudo de caso Serra (ES)<\/p>\n\n\n\n<p><strong>Autora: <\/strong>Samira de Souza Proeza<\/p>\n\n\n\n<p><strong>Orientadora: <\/strong>Martha Machado Campos<\/p>\n\n\n\n<p><strong>Ano: <\/strong>2007<\/p>\n<\/div>\n\n\n\n<div class=\"wp-block-column is-layout-flow wp-block-column-is-layout-flow\"><\/div>\n<\/div>\n\n\n\n<div class=\"wp-block-columns is-layout-flex wp-container-core-columns-is-layout-9d6595d7 wp-block-columns-is-layout-flex\">\n<div class=\"wp-block-column is-layout-flow wp-block-column-is-layout-flow\">\n<p><strong>T\u00edtulo: <\/strong>Fluxos urbanos: estudo de caso Cariacica e Viana (ES)<\/p>\n\n\n\n<p><strong>Autor: <\/strong>Conrado Gon\u00e7alves Carvalho<\/p>\n\n\n\n<p><strong>Orientadora: <\/strong>Martha Machado Campos<\/p>\n\n\n\n<p><strong>Ano: <\/strong>2007<\/p>\n<\/div>\n\n\n\n<div class=\"wp-block-column is-layout-flow wp-block-column-is-layout-flow\"><\/div>\n<\/div>\n\n\n\n<div class=\"wp-block-columns is-layout-flex wp-container-core-columns-is-layout-9d6595d7 wp-block-columns-is-layout-flex\">\n<div class=\"wp-block-column is-layout-flow wp-block-column-is-layout-flow\">\n<p><strong>T\u00edtulo: <\/strong>Fluxos urbanos: estudo de caso Vila Velha (ES)<\/p>\n\n\n\n<p><strong>Autora: <\/strong>Marcos Lamego<\/p>\n\n\n\n<p><strong>Orientadora: <\/strong>Martha Machado Campos<\/p>\n\n\n\n<p><strong>Ano: <\/strong>2007<\/p>\n<\/div>\n<\/div>\n\n\n\n<div class=\"wp-block-columns is-layout-flex wp-container-core-columns-is-layout-9d6595d7 wp-block-columns-is-layout-flex\">\n<div class=\"wp-block-column is-layout-flow wp-block-column-is-layout-flow\">\n<p><strong>T\u00edtulo: <\/strong>Fluxos urbanos: estudo de caso Vit\u00f3ria (ES)<\/p>\n\n\n\n<p><strong>Autora: <\/strong>Tatiane Brunoro<\/p>\n\n\n\n<p><strong>Orientadora: <\/strong>Martha Machado Campos<\/p>\n\n\n\n<p><strong>Ano: <\/strong>2007<\/p>\n<\/div>\n\n\n\n<div class=\"wp-block-column is-layout-flow wp-block-column-is-layout-flow\"><\/div>\n<\/div>\n\n\n\n<p class=\"has-medium-font-size\"><strong>Inicia\u00e7\u00f5es Cient\u00edficas &#8211; 1999<\/strong><\/p>\n\n\n\n<div class=\"wp-block-columns is-layout-flex wp-container-core-columns-is-layout-9d6595d7 wp-block-columns-is-layout-flex\">\n<div class=\"wp-block-column is-layout-flow wp-block-column-is-layout-flow\">\n<p><strong>T\u00edtulo: <\/strong>A regi\u00e3o do Parque Moscoso a partir de plantas, projetos e planos<\/p>\n\n\n\n<p><strong>Autora: <\/strong>Tatiane Brunoro<\/p>\n\n\n\n<p><strong>Orientadora: <\/strong>Martha Machado Campos<\/p>\n\n\n\n<p><strong>Ano: <\/strong>1999<\/p>\n<\/div>\n\n\n\n<div class=\"wp-block-column is-layout-flow wp-block-column-is-layout-flow\"><\/div>\n<\/div>\n\n\n\n<div class=\"wp-block-columns is-layout-flex wp-container-core-columns-is-layout-9d6595d7 wp-block-columns-is-layout-flex\">\n<div class=\"wp-block-column is-layout-flow wp-block-column-is-layout-flow\">\n<p><strong>T\u00edtulo: <\/strong>Os vazios urbanos na paisagem do Centro de Vit\u00f3ria(ES)<\/p>\n\n\n\n<p><strong>Autor: <\/strong>Paulo Roberto Laiber<\/p>\n\n\n\n<p><strong>Orientadora: <\/strong>Martha Machado Campos<\/p>\n\n\n\n<p><strong>Ano: <\/strong>1999<\/p>\n<\/div>\n\n\n\n<div class=\"wp-block-column is-layout-flow wp-block-column-is-layout-flow\"><\/div>\n<\/div>\n\n\n\n<p class=\"has-medium-font-size\"><strong>Inicia\u00e7\u00f5es Cient\u00edficas &#8211; 1998<\/strong><\/p>\n\n\n\n<div class=\"wp-block-columns is-layout-flex wp-container-core-columns-is-layout-9d6595d7 wp-block-columns-is-layout-flex\">\n<div class=\"wp-block-column is-layout-flow wp-block-column-is-layout-flow\">\n<p><strong>T\u00edtulo: <\/strong>Henrique de Novaes em diferentes momentos: Plano Geral da Cidade de 1917 e Plano de Urbaniza\u00e7\u00e3o de Vit\u00f3ria de 1931<\/p>\n\n\n\n<p><strong>Autora: <\/strong>Saira Curbani<\/p>\n\n\n\n<p><strong>Orientadora: <\/strong>Martha Machado Campos<\/p>\n\n\n\n<p><strong>Ano: <\/strong>1998<\/p>\n<\/div>\n\n\n\n<div class=\"wp-block-column is-layout-flow wp-block-column-is-layout-flow\"><\/div>\n<\/div>\n\n\n\n<p class=\"has-medium-font-size\"><strong>Inicia\u00e7\u00f5es Cient\u00edficas &#8211; 1997<\/strong><\/p>\n\n\n\n<div class=\"wp-block-columns is-layout-flex wp-container-core-columns-is-layout-9d6595d7 wp-block-columns-is-layout-flex\">\n<div class=\"wp-block-column is-layout-flow wp-block-column-is-layout-flow\">\n<p><strong>T\u00edtulo: <\/strong>Tecnologia na arquitetura latino-americana atrav\u00e9s de um roteiro de obras do segundo p\u00f3s-guerra ao contempor\u00e2neo<\/p>\n\n\n\n<p><strong>Autora: <\/strong>Luciana Maria Carvalho<\/p>\n\n\n\n<p><strong>Orientadora: <\/strong>Martha Machado Campos<\/p>\n\n\n\n<p><strong>Ano: <\/strong>1997<\/p>\n<\/div>\n\n\n\n<div class=\"wp-block-column is-layout-flow wp-block-column-is-layout-flow\"><\/div>\n<\/div>\n","protected":false},"excerpt":{"rendered":"<p>Inicia\u00e7\u00f5es Cient\u00edficas &#8211; 2021 T\u00edtulo: Athis e diagn\u00f3stico socioespacial de moradias vulner\u00e1veis em estudos aplicados sobre a mitiga\u00e7\u00e3o e para a p\u00f3s pandemia covid-19 (Vit\u00f3ria &#8211; ES) Autora: Hilary Whitney Silva da Cruz Orientadora: Martha Machado Campos Ano: 2021 Inicia\u00e7\u00f5es Cient\u00edficas &#8211; 2020 T\u00edtulo:&nbsp; Estudos, projetos e planos portu\u00e1rios e urban\u00edsticos da Vit\u00f3ria Metropolitana (ES): [&hellip;]<\/p>\n","protected":false},"author":456,"featured_media":0,"comment_status":"open","ping_status":"open","sticky":false,"template":"","format":"standard","meta":{"_bbp_topic_count":0,"_bbp_reply_count":0,"_bbp_total_topic_count":0,"_bbp_total_reply_count":0,"_bbp_voice_count":0,"_bbp_anonymous_reply_count":0,"_bbp_topic_count_hidden":0,"_bbp_reply_count_hidden":0,"_bbp_forum_subforum_count":0,"_uag_custom_page_level_css":"","footnotes":""},"categories":[33],"tags":[],"class_list":["post-469","post","type-post","status-publish","format-standard","hentry","category-iniciacao-cientifica-martha"],"uagb_featured_image_src":{"full":false,"thumbnail":false,"medium":false,"medium_large":false,"large":false,"1536x1536":false,"2048x2048":false,"post-thumbnail":false},"uagb_author_info":{"display_name":"Pablo Carvalho dos Santos Cruz","author_link":"https:\/\/blog.ufes.br\/nau-ufes\/author\/pablo_carvalho-dos-santos-cruz\/"},"uagb_comment_info":0,"uagb_excerpt":"Inicia\u00e7\u00f5es Cient\u00edficas &#8211; 2021 T\u00edtulo: Athis e diagn\u00f3stico socioespacial de moradias vulner\u00e1veis em estudos aplicados sobre a mitiga\u00e7\u00e3o e para a p\u00f3s pandemia covid-19 (Vit\u00f3ria &#8211; ES) Autora: Hilary Whitney Silva da Cruz Orientadora: Martha Machado Campos Ano: 2021 Inicia\u00e7\u00f5es Cient\u00edficas &#8211; 2020 T\u00edtulo:&nbsp; Estudos, projetos e planos portu\u00e1rios e urban\u00edsticos da Vit\u00f3ria Metropolitana (ES):&hellip;","_links":{"self":[{"href":"https:\/\/blog.ufes.br\/nau-ufes\/wp-json\/wp\/v2\/posts\/469","targetHints":{"allow":["GET"]}}],"collection":[{"href":"https:\/\/blog.ufes.br\/nau-ufes\/wp-json\/wp\/v2\/posts"}],"about":[{"href":"https:\/\/blog.ufes.br\/nau-ufes\/wp-json\/wp\/v2\/types\/post"}],"author":[{"embeddable":true,"href":"https:\/\/blog.ufes.br\/nau-ufes\/wp-json\/wp\/v2\/users\/456"}],"replies":[{"embeddable":true,"href":"https:\/\/blog.ufes.br\/nau-ufes\/wp-json\/wp\/v2\/comments?post=469"}],"version-history":[{"count":13,"href":"https:\/\/blog.ufes.br\/nau-ufes\/wp-json\/wp\/v2\/posts\/469\/revisions"}],"predecessor-version":[{"id":1253,"href":"https:\/\/blog.ufes.br\/nau-ufes\/wp-json\/wp\/v2\/posts\/469\/revisions\/1253"}],"wp:attachment":[{"href":"https:\/\/blog.ufes.br\/nau-ufes\/wp-json\/wp\/v2\/media?parent=469"}],"wp:term":[{"taxonomy":"category","embeddable":true,"href":"https:\/\/blog.ufes.br\/nau-ufes\/wp-json\/wp\/v2\/categories?post=469"},{"taxonomy":"post_tag","embeddable":true,"href":"https:\/\/blog.ufes.br\/nau-ufes\/wp-json\/wp\/v2\/tags?post=469"}],"curies":[{"name":"wp","href":"https:\/\/api.w.org\/{rel}","templated":true}]}}