{"id":484,"date":"2023-07-03T14:55:37","date_gmt":"2023-07-03T17:55:37","guid":{"rendered":"https:\/\/blog.ufes.br\/nau-ufes\/?p=484"},"modified":"2024-10-04T15:54:25","modified_gmt":"2024-10-04T18:54:25","slug":"484","status":"publish","type":"post","link":"https:\/\/blog.ufes.br\/nau-ufes\/2023\/07\/03\/484\/","title":{"rendered":""},"content":{"rendered":"\n<p class=\"has-medium-font-size\"><strong>Inicia\u00e7\u00e3o Cient\u00edfica &#8211; 2020<\/strong><\/p>\n\n\n\n<div class=\"wp-block-columns is-layout-flex wp-container-core-columns-is-layout-9d6595d7 wp-block-columns-is-layout-flex\">\n<div class=\"wp-block-column is-layout-flow wp-block-column-is-layout-flow\">\n<p><strong>T\u00edtulo:<\/strong> P\u00f3s-secularidade e arquitetura: Mapeamento e an\u00e1lise dos espa\u00e7os religiosos em Vit\u00f3ria, Serra e Vila Velha<\/p>\n\n\n\n<p><strong>Autor(as): <\/strong>Roberta Koehler Schulze<\/p>\n\n\n\n<p><strong>Orientadora: <\/strong>Lutero Proscholdt Almeida<\/p>\n\n\n\n<p><strong>Ano: <\/strong>2020<\/p>\n<\/div>\n<\/div>\n\n\n\n<p><\/p>\n","protected":false},"excerpt":{"rendered":"<p>Inicia\u00e7\u00e3o Cient\u00edfica &#8211; 2020 T\u00edtulo: P\u00f3s-secularidade e arquitetura: Mapeamento e an\u00e1lise dos espa\u00e7os religiosos em Vit\u00f3ria, Serra e Vila Velha Autor(as): Roberta Koehler Schulze Orientadora: Lutero Proscholdt Almeida Ano: 2020<\/p>\n","protected":false},"author":456,"featured_media":0,"comment_status":"open","ping_status":"open","sticky":false,"template":"","format":"standard","meta":{"_bbp_topic_count":0,"_bbp_reply_count":0,"_bbp_total_topic_count":0,"_bbp_total_reply_count":0,"_bbp_voice_count":0,"_bbp_anonymous_reply_count":0,"_bbp_topic_count_hidden":0,"_bbp_reply_count_hidden":0,"_bbp_forum_subforum_count":0,"_uag_custom_page_level_css":"","footnotes":""},"categories":[34,1],"tags":[],"class_list":["post-484","post","type-post","status-publish","format-standard","hentry","category-iniciacao-cientifica-lutero","category-sem-categoria"],"uagb_featured_image_src":{"full":false,"thumbnail":false,"medium":false,"medium_large":false,"large":false,"1536x1536":false,"2048x2048":false,"post-thumbnail":false},"uagb_author_info":{"display_name":"Pablo Carvalho dos Santos Cruz","author_link":"https:\/\/blog.ufes.br\/nau-ufes\/author\/pablo_carvalho-dos-santos-cruz\/"},"uagb_comment_info":0,"uagb_excerpt":"Inicia\u00e7\u00e3o Cient\u00edfica &#8211; 2020 T\u00edtulo: P\u00f3s-secularidade e arquitetura: Mapeamento e an\u00e1lise dos espa\u00e7os religiosos em Vit\u00f3ria, Serra e Vila Velha Autor(as): Roberta Koehler Schulze Orientadora: Lutero Proscholdt Almeida Ano: 2020","_links":{"self":[{"href":"https:\/\/blog.ufes.br\/nau-ufes\/wp-json\/wp\/v2\/posts\/484","targetHints":{"allow":["GET"]}}],"collection":[{"href":"https:\/\/blog.ufes.br\/nau-ufes\/wp-json\/wp\/v2\/posts"}],"about":[{"href":"https:\/\/blog.ufes.br\/nau-ufes\/wp-json\/wp\/v2\/types\/post"}],"author":[{"embeddable":true,"href":"https:\/\/blog.ufes.br\/nau-ufes\/wp-json\/wp\/v2\/users\/456"}],"replies":[{"embeddable":true,"href":"https:\/\/blog.ufes.br\/nau-ufes\/wp-json\/wp\/v2\/comments?post=484"}],"version-history":[{"count":4,"href":"https:\/\/blog.ufes.br\/nau-ufes\/wp-json\/wp\/v2\/posts\/484\/revisions"}],"predecessor-version":[{"id":1255,"href":"https:\/\/blog.ufes.br\/nau-ufes\/wp-json\/wp\/v2\/posts\/484\/revisions\/1255"}],"wp:attachment":[{"href":"https:\/\/blog.ufes.br\/nau-ufes\/wp-json\/wp\/v2\/media?parent=484"}],"wp:term":[{"taxonomy":"category","embeddable":true,"href":"https:\/\/blog.ufes.br\/nau-ufes\/wp-json\/wp\/v2\/categories?post=484"},{"taxonomy":"post_tag","embeddable":true,"href":"https:\/\/blog.ufes.br\/nau-ufes\/wp-json\/wp\/v2\/tags?post=484"}],"curies":[{"name":"wp","href":"https:\/\/api.w.org\/{rel}","templated":true}]}}