{"id":494,"date":"2023-07-03T15:39:21","date_gmt":"2023-07-03T18:39:21","guid":{"rendered":"https:\/\/blog.ufes.br\/nau-ufes\/?p=494"},"modified":"2024-10-04T16:03:12","modified_gmt":"2024-10-04T19:03:12","slug":"494","status":"publish","type":"post","link":"https:\/\/blog.ufes.br\/nau-ufes\/2023\/07\/03\/494\/","title":{"rendered":""},"content":{"rendered":"\n<p class=\"has-medium-font-size\"><strong>Inicia\u00e7\u00f5es Cient\u00edficas &#8211; 2020<\/strong><\/p>\n\n\n\n<div class=\"wp-block-columns is-layout-flex wp-container-core-columns-is-layout-9d6595d7 wp-block-columns-is-layout-flex\">\n<div class=\"wp-block-column is-layout-flow wp-block-column-is-layout-flow\">\n<p><strong>T\u00edtulo:<\/strong> Usos n\u00e3o-residenciais no centro de Vit\u00f3ria: indexa\u00e7\u00e3o e georreferenciamento da base de dados entre os anos de 1925 a 1930<\/p>\n\n\n\n<p><strong>Autor(as): <\/strong>R\u00fabia Dalvi Ataide<\/p>\n\n\n\n<p><strong>Orientadora: <\/strong>Fl\u00e1via Ribeiro Botechia<\/p>\n\n\n\n<p><strong>Ano: <\/strong>2020<\/p>\n<\/div>\n<\/div>\n\n\n\n<div class=\"wp-block-columns is-layout-flex wp-container-core-columns-is-layout-9d6595d7 wp-block-columns-is-layout-flex\">\n<div class=\"wp-block-column is-layout-flow wp-block-column-is-layout-flow\">\n<p><strong>T\u00edtulo:<\/strong> Usos n\u00e3o-residenciais no centro de Vit\u00f3ria: indexa\u00e7\u00e3o e georreferenciamento da base de dados da d\u00e9cada de 1940.<\/p>\n\n\n\n<p><strong>Autor(as): <\/strong>Amanda Fornaciari Ferreira<\/p>\n\n\n\n<p><strong>Orientadora: <\/strong>Fl\u00e1via Ribeiro Botechia<\/p>\n\n\n\n<p><strong>Ano: <\/strong>2020<\/p>\n<\/div>\n<\/div>\n\n\n\n<div class=\"wp-block-columns is-layout-flex wp-container-core-columns-is-layout-9d6595d7 wp-block-columns-is-layout-flex\">\n<div class=\"wp-block-column is-layout-flow wp-block-column-is-layout-flow\">\n<p> <p><strong>T\u00edtulo:<\/strong> Usos n\u00e3o-residenciais no centro de Vit\u00f3ria: cria\u00e7\u00e3o da base de dados da d\u00e9cada de 1930 a partir da Revista Vida Capichaba<\/p><p><strong>Autor(as): <\/strong>Gabrielly Salatiel Ramos Vieira<\/p><p><strong>Orientadora: <\/strong>Fl\u00e1via Ribeiro Botechia<\/p><p><strong>Ano: <\/strong>2020<\/p> <\/p>\n<\/div>\n<\/div>\n\n\n\n<div class=\"wp-block-columns is-layout-flex wp-container-core-columns-is-layout-9d6595d7 wp-block-columns-is-layout-flex\">\n<div class=\"wp-block-column is-layout-flow wp-block-column-is-layout-flow\">\n<p><strong>T\u00edtulo: <\/strong>Usos n\u00e3o-residenciais no centro de Vit\u00f3ria: cria\u00e7\u00e3o da base de dados da d\u00e9cada de 1940 a partir da Revista Vida Capichaba<\/p>\n\n\n\n<p><strong>Autor(as): <\/strong>Lina Stephany Vieira Leal<\/p>\n\n\n\n<p><strong>Orientadora:<\/strong> Fl\u00e1via Ribeiro Botechia<\/p>\n\n\n\n<p><strong>Ano: <\/strong>2020<\/p>\n<\/div>\n<\/div>\n\n\n\n<div class=\"wp-block-columns is-layout-flex wp-container-core-columns-is-layout-9d6595d7 wp-block-columns-is-layout-flex\">\n<div class=\"wp-block-column is-layout-flow wp-block-column-is-layout-flow\">\n<p><strong>T\u00edtulo: <\/strong>A forma da pra\u00e7a atrav\u00e9s dos tempos<\/p>\n\n\n\n<p><strong>Autor(as): <\/strong>Vit\u00f3ria Margotto Barroca<\/p>\n\n\n\n<p><strong>Orientadora:<\/strong> Fl\u00e1via Ribeiro Botechia<\/p>\n\n\n\n<p><strong>Ano: <\/strong>2020<\/p>\n<\/div>\n<\/div>\n\n\n\n<p class=\"has-medium-font-size\"><strong>Inicia\u00e7\u00e3o Cient\u00edfica &#8211; 2013<\/strong><\/p>\n\n\n\n<div class=\"wp-block-media-text alignwide has-media-on-the-right is-stacked-on-mobile is-vertically-aligned-center\"><div class=\"wp-block-media-text__content\">\n<p><\/p>\n\n\n\n<p><strong>T\u00edtulo: <\/strong>Morfologia urbana das ruas na \u00e1rea central de Vit\u00f3ria (ES)<\/p>\n\n\n\n<p><strong>Autor(as): <\/strong>Joyce Andrade da Silva<\/p>\n\n\n\n<p><strong>Orientadora:<\/strong> Fl\u00e1via Ribeiro Botechia<\/p>\n\n\n\n<p><strong>Ano: <\/strong>2013<\/p>\n<\/div><figure class=\"wp-block-media-text__media\"><img decoding=\"async\" src=\"http:\/\/blog.ufes.br\/nau-ufes\/files\/2023\/07\/CAPAS-10-739x1024.png\" alt=\"\" class=\"wp-image-492 size-full\" \/><\/figure><\/div>\n","protected":false},"excerpt":{"rendered":"<p>Inicia\u00e7\u00f5es Cient\u00edficas &#8211; 2020 T\u00edtulo: Usos n\u00e3o-residenciais no centro de Vit\u00f3ria: indexa\u00e7\u00e3o e georreferenciamento da base de dados entre os anos de 1925 a 1930 Autor(as): R\u00fabia Dalvi Ataide Orientadora: Fl\u00e1via Ribeiro Botechia Ano: 2020 T\u00edtulo: Usos n\u00e3o-residenciais no centro de Vit\u00f3ria: indexa\u00e7\u00e3o e georreferenciamento da base de dados da d\u00e9cada de 1940. Autor(as): Amanda [&hellip;]<\/p>\n","protected":false},"author":456,"featured_media":0,"comment_status":"open","ping_status":"open","sticky":false,"template":"","format":"standard","meta":{"_bbp_topic_count":0,"_bbp_reply_count":0,"_bbp_total_topic_count":0,"_bbp_total_reply_count":0,"_bbp_voice_count":0,"_bbp_anonymous_reply_count":0,"_bbp_topic_count_hidden":0,"_bbp_reply_count_hidden":0,"_bbp_forum_subforum_count":0,"_uag_custom_page_level_css":"","footnotes":""},"categories":[35],"tags":[],"class_list":["post-494","post","type-post","status-publish","format-standard","hentry","category-iniciacao-cientifica-flavia"],"uagb_featured_image_src":{"full":false,"thumbnail":false,"medium":false,"medium_large":false,"large":false,"1536x1536":false,"2048x2048":false,"post-thumbnail":false},"uagb_author_info":{"display_name":"Pablo Carvalho dos Santos Cruz","author_link":"https:\/\/blog.ufes.br\/nau-ufes\/author\/pablo_carvalho-dos-santos-cruz\/"},"uagb_comment_info":2,"uagb_excerpt":"Inicia\u00e7\u00f5es Cient\u00edficas &#8211; 2020 T\u00edtulo: Usos n\u00e3o-residenciais no centro de Vit\u00f3ria: indexa\u00e7\u00e3o e georreferenciamento da base de dados entre os anos de 1925 a 1930 Autor(as): R\u00fabia Dalvi Ataide Orientadora: Fl\u00e1via Ribeiro Botechia Ano: 2020 T\u00edtulo: Usos n\u00e3o-residenciais no centro de Vit\u00f3ria: indexa\u00e7\u00e3o e georreferenciamento da base de dados da d\u00e9cada de 1940. Autor(as): Amanda&hellip;","_links":{"self":[{"href":"https:\/\/blog.ufes.br\/nau-ufes\/wp-json\/wp\/v2\/posts\/494","targetHints":{"allow":["GET"]}}],"collection":[{"href":"https:\/\/blog.ufes.br\/nau-ufes\/wp-json\/wp\/v2\/posts"}],"about":[{"href":"https:\/\/blog.ufes.br\/nau-ufes\/wp-json\/wp\/v2\/types\/post"}],"author":[{"embeddable":true,"href":"https:\/\/blog.ufes.br\/nau-ufes\/wp-json\/wp\/v2\/users\/456"}],"replies":[{"embeddable":true,"href":"https:\/\/blog.ufes.br\/nau-ufes\/wp-json\/wp\/v2\/comments?post=494"}],"version-history":[{"count":5,"href":"https:\/\/blog.ufes.br\/nau-ufes\/wp-json\/wp\/v2\/posts\/494\/revisions"}],"predecessor-version":[{"id":1258,"href":"https:\/\/blog.ufes.br\/nau-ufes\/wp-json\/wp\/v2\/posts\/494\/revisions\/1258"}],"wp:attachment":[{"href":"https:\/\/blog.ufes.br\/nau-ufes\/wp-json\/wp\/v2\/media?parent=494"}],"wp:term":[{"taxonomy":"category","embeddable":true,"href":"https:\/\/blog.ufes.br\/nau-ufes\/wp-json\/wp\/v2\/categories?post=494"},{"taxonomy":"post_tag","embeddable":true,"href":"https:\/\/blog.ufes.br\/nau-ufes\/wp-json\/wp\/v2\/tags?post=494"}],"curies":[{"name":"wp","href":"https:\/\/api.w.org\/{rel}","templated":true}]}}