{"id":540,"date":"2023-07-05T14:15:59","date_gmt":"2023-07-05T17:15:59","guid":{"rendered":"https:\/\/blog.ufes.br\/nau-ufes\/?p=540"},"modified":"2023-08-18T10:25:54","modified_gmt":"2023-08-18T13:25:54","slug":"artigos-completos-publicados-em-periodicos-lutero","status":"publish","type":"post","link":"https:\/\/blog.ufes.br\/nau-ufes\/2023\/07\/05\/artigos-completos-publicados-em-periodicos-lutero\/","title":{"rendered":"Artigos completos publicados em peri\u00f3dicos &#8211; Lutero"},"content":{"rendered":"\n<p style=\"font-size:30px\"><strong>Peri\u00f3dicos &#8211; 2020<\/strong><\/p>\n\n\n\n<div class=\"wp-block-columns is-layout-flex wp-container-core-columns-is-layout-9d6595d7 wp-block-columns-is-layout-flex\">\n<div class=\"wp-block-column is-layout-flow wp-block-column-is-layout-flow\">\n<p><strong>T\u00edtulo: <\/strong>Homo Tegumen: Urbanismo Unit\u00e1rio, fic\u00e7\u00e3o cient\u00edfica e cr\u00edtica \u00e0 produ\u00e7\u00e3o do espa\u00e7o urbano<\/p>\n\n\n\n<p><strong>Autores:<\/strong> M\u00e1rio Victor Marques Margotto e Lutero Proscholdt Almeida<\/p>\n\n\n\n<p><strong>Local de Publica\u00e7\u00e3o:<\/strong> Arquitextos (S\u00e3o Paulo)<\/p>\n<\/div>\n\n\n\n<div class=\"wp-block-column is-layout-flow wp-block-column-is-layout-flow\">\n<p><strong>P\u00e1ginas: <\/strong>01-01<\/p>\n\n\n\n<p><strong>Volume: <\/strong>01<\/p>\n\n\n\n<p><strong>Ano: <\/strong>2020<\/p>\n\n\n\n<p><strong><a href=\"https:\/\/vitruvius.com.br\/index.php\/revistas\/read\/arquitextos\/20.239\/7678\">Acesse aqui<\/a><\/strong><\/p>\n<\/div>\n<\/div>\n\n\n\n<p style=\"font-size:30px\"><strong>Peri\u00f3dicos &#8211; 2019<\/strong><\/p>\n\n\n\n<div class=\"wp-block-columns is-layout-flex wp-container-core-columns-is-layout-9d6595d7 wp-block-columns-is-layout-flex\">\n<div class=\"wp-block-column is-layout-flow wp-block-column-is-layout-flow\">\n<p><strong>T\u00edtulo: <\/strong>S\u00e3o Paulo, graffiti e manifesto m\u00e1quina de guerra<\/p>\n\n\n\n<p><strong>Autor(as):<\/strong> Lutero Proscholdt Almeida e Daniela Coutinho Bissoli<\/p>\n\n\n\n<p><strong>Local de Publica\u00e7\u00e3o:<\/strong> Arquiteturismo (S\u00e3o Paulo)<\/p>\n<\/div>\n\n\n\n<div class=\"wp-block-column is-layout-flow wp-block-column-is-layout-flow\">\n<p><strong>P\u00e1ginas: <\/strong>01-02<\/p>\n\n\n\n<p><strong>Volume: <\/strong>03<\/p>\n\n\n\n<p><strong>Ano: <\/strong>2019<\/p>\n\n\n\n<p><strong><a href=\"https:\/\/vitruvius.com.br\/index.php\/revistas\/read\/arquiteturismo\/12.142\/7225\" data-type=\"URL\" data-id=\"https:\/\/vitruvius.com.br\/index.php\/revistas\/read\/arquiteturismo\/12.142\/7225\">Acesse aqui<\/a><\/strong><\/p>\n<\/div>\n<\/div>\n\n\n\n<p style=\"font-size:30px\"><strong>Peri\u00f3dicos &#8211; 2015<\/strong><\/p>\n\n\n\n<div class=\"wp-block-columns is-layout-flex wp-container-core-columns-is-layout-9d6595d7 wp-block-columns-is-layout-flex\">\n<div class=\"wp-block-column is-layout-flow wp-block-column-is-layout-flow\">\n<p><strong>T\u00edtulo: <\/strong>Rio de Janeiro: a cidade do espelho O desejo como principal vetor de constru\u00e7\u00e3o da cidade<\/p>\n\n\n\n<p><strong>Autor:<\/strong> Lutero Proscholdt Almeida<\/p>\n\n\n\n<p><strong>Local de Publica\u00e7\u00e3o:<\/strong>&nbsp; Arquiteturismo (S\u00e3o Paulo)<\/p>\n<\/div>\n\n\n\n<div class=\"wp-block-column is-layout-flow wp-block-column-is-layout-flow\">\n<p><strong>P\u00e1ginas: <\/strong>02<\/p>\n\n\n\n<p><strong>Volume: <\/strong>096<\/p>\n\n\n\n<p><strong>Ano: <\/strong>2015<\/p>\n\n\n\n<p><strong><a href=\"https:\/\/vitruvius.com.br\/index.php\/revistas\/read\/arquiteturismo\/09.096\/5508\">Acesse aqui<\/a><\/strong><\/p>\n<\/div>\n<\/div>\n\n\n\n<div class=\"wp-block-columns is-layout-flex wp-container-core-columns-is-layout-9d6595d7 wp-block-columns-is-layout-flex\">\n<div class=\"wp-block-column is-layout-flow wp-block-column-is-layout-flow\">\n<p><strong>T\u00edtulo: <\/strong>Em meio \u00e0 arquitetura da Fondation Louis Vuitton<\/p>\n\n\n\n<p><strong>Autor(as):<\/strong> Lutero Proscholdt Almeida e Milene Migliano Gonzaga<\/p>\n\n\n\n<p><strong>Local de Publica\u00e7\u00e3o:<\/strong> Drops (S\u00e3o Paulo)<\/p>\n<\/div>\n\n\n\n<div class=\"wp-block-column is-layout-flow wp-block-column-is-layout-flow\">\n<p><strong>P\u00e1ginas: <\/strong>05<\/p>\n\n\n\n<p><strong>Volume: <\/strong>2015<\/p>\n\n\n\n<p><strong>Ano: <\/strong>2015<\/p>\n\n\n\n<p><strong><a href=\"https:\/\/vitruvius.com.br\/index.php\/revistas\/read\/drops\/16.099\/5862\" data-type=\"URL\" data-id=\"https:\/\/vitruvius.com.br\/index.php\/revistas\/read\/drops\/16.099\/5862\">Acesse aqui<\/a><\/strong><\/p>\n<\/div>\n<\/div>\n\n\n\n<div class=\"wp-block-columns is-layout-flex wp-container-core-columns-is-layout-9d6595d7 wp-block-columns-is-layout-flex\">\n<div class=\"wp-block-column is-layout-flow wp-block-column-is-layout-flow\">\n<p><strong>T\u00edtulo: <\/strong>Vinte anos de S, M, L, XL de Rem Koolhaas<\/p>\n\n\n\n<p><strong>Autor(as):<\/strong> Lutero Proscholdt Almeida<\/p>\n\n\n\n<p><strong>Local de Publica\u00e7\u00e3o:<\/strong> Drops (S\u00e3o Paulo)<\/p>\n<\/div>\n\n\n\n<div class=\"wp-block-column is-layout-flow wp-block-column-is-layout-flow\">\n<p><strong>P\u00e1ginas: <\/strong>01<\/p>\n\n\n\n<p><strong>Volume: <\/strong>098<\/p>\n\n\n\n<p><strong>Ano: <\/strong>2015<\/p>\n\n\n\n<p><strong><a href=\"https:\/\/vitruvius.com.br\/index.php\/revistas\/read\/drops\/16.098\/5826\" data-type=\"URL\" data-id=\"https:\/\/vitruvius.com.br\/index.php\/revistas\/read\/drops\/16.098\/5826\">Acesse aqui<\/a><\/strong><\/p>\n<\/div>\n<\/div>\n\n\n\n<p style=\"font-size:30px\"><strong>Peri\u00f3dicos &#8211; 2014<\/strong><\/p>\n\n\n\n<div class=\"wp-block-columns is-layout-flex wp-container-core-columns-is-layout-9d6595d7 wp-block-columns-is-layout-flex\">\n<div class=\"wp-block-column is-layout-flow wp-block-column-is-layout-flow\">\n<p><strong>T\u00edtulo: <\/strong>Em meio \u00e0 arquitetura do Teatro de Trancoso<\/p>\n\n\n\n<p><strong>Autor:<\/strong> Lutero Proscholdt Almeida<\/p>\n\n\n\n<p><strong>Local de Publica\u00e7\u00e3o:<\/strong> Drops (S\u00e3o Paulo)<\/p>\n<\/div>\n\n\n\n<div class=\"wp-block-column is-layout-flow wp-block-column-is-layout-flow\">\n<p><strong>P\u00e1ginas: <\/strong>03<\/p>\n\n\n\n<p><strong>Volume: <\/strong>2014<\/p>\n\n\n\n<p><strong>Ano: <\/strong>2014<\/p>\n\n\n\n<p><strong><a href=\"https:\/\/vitruvius.com.br\/index.php\/revistas\/read\/drops\/14.080\/5163\" data-type=\"URL\" data-id=\"https:\/\/vitruvius.com.br\/index.php\/revistas\/read\/drops\/14.080\/5163\">Acesse aqui<\/a><\/strong><\/p>\n<\/div>\n<\/div>\n\n\n\n<div class=\"wp-block-columns is-layout-flex wp-container-core-columns-is-layout-9d6595d7 wp-block-columns-is-layout-flex\">\n<div class=\"wp-block-column is-layout-flow wp-block-column-is-layout-flow\">\n<p><strong>T\u00edtulo: <\/strong>A expans\u00e3o urbana em debate no Encontro Regional de Estudantes de Arquitetura<\/p>\n\n\n\n<p><strong>Autores:<\/strong> Lutero Proscholdt Almeida, Raphael Potratz e Renan Grisoni<\/p>\n\n\n\n<p><strong>Local de Publica\u00e7\u00e3o:<\/strong> Minha Cidade<\/p>\n<\/div>\n\n\n\n<div class=\"wp-block-column is-layout-flow wp-block-column-is-layout-flow\">\n<p><strong>P\u00e1ginas: <\/strong>02<\/p>\n\n\n\n<p><strong>Volume: <\/strong>2014<\/p>\n\n\n\n<p><strong>Ano: <\/strong>2014<\/p>\n\n\n\n<p><strong><a href=\"https:\/\/vitruvius.com.br\/index.php\/revistas\/read\/minhacidade\/14.169\/5250#:~:text=A%20expans%C3%A3o%20urbana%20em%20debate%20no%20Encontro%20Regional,Lutero%20Proscholdt%20Almeida%2C%20Raphael%20Potratz%20and%20Renan%20Grisoni\" data-type=\"URL\" data-id=\"https:\/\/vitruvius.com.br\/index.php\/revistas\/read\/minhacidade\/14.169\/5250#:~:text=A%20expans%C3%A3o%20urbana%20em%20debate%20no%20Encontro%20Regional,Lutero%20Proscholdt%20Almeida%2C%20Raphael%20Potratz%20and%20Renan%20Grisoni\">Acesse aqui<\/a><\/strong><\/p>\n<\/div>\n<\/div>\n\n\n\n<div class=\"wp-block-columns is-layout-flex wp-container-core-columns-is-layout-9d6595d7 wp-block-columns-is-layout-flex\">\n<div class=\"wp-block-column is-layout-flow wp-block-column-is-layout-flow\">\n<p><strong>T\u00edtulo: <\/strong>&nbsp;Da Provid\u00eancia \u00e0 Cidade do Espelho: a arquitetura e urbanismo como m\u00e1quina de desejo da cidade<\/p>\n\n\n\n<p><strong>Autor:<\/strong> Lutero Proscholdt Almeida<\/p>\n\n\n\n<p><strong>Local de Publica\u00e7\u00e3o:<\/strong> Revista Brasileira de Estudos Urbanos e Regionais (ANPUR)<\/p>\n<\/div>\n\n\n\n<div class=\"wp-block-column is-layout-flow wp-block-column-is-layout-flow\">\n<p><strong>P\u00e1ginas: <\/strong>51-65<\/p>\n\n\n\n<p><strong>Volume: <\/strong>16<\/p>\n\n\n\n<p><strong>Ano: <\/strong>2014<\/p>\n\n\n\n<p><strong><a href=\"https:\/\/rbeur.anpur.org.br\/rbeur\/article\/view\/4756#:~:text=Este%20artigo%20aborda%20a%20quest%C3%A3o%20do%20desejo%20nas,tornou%20o%20principal%20respons%C3%A1vel%20pela%20distribui%C3%A7%C3%A3o%20de%20recursos\" data-type=\"URL\" data-id=\"https:\/\/rbeur.anpur.org.br\/rbeur\/article\/view\/4756#:~:text=Este%20artigo%20aborda%20a%20quest%C3%A3o%20do%20desejo%20nas,tornou%20o%20principal%20respons%C3%A1vel%20pela%20distribui%C3%A7%C3%A3o%20de%20recursos\">Acesse aqui<\/a><\/strong><\/p>\n<\/div>\n<\/div>\n\n\n\n<div class=\"wp-block-columns is-layout-flex wp-container-core-columns-is-layout-9d6595d7 wp-block-columns-is-layout-flex\">\n<div class=\"wp-block-column is-layout-flow wp-block-column-is-layout-flow\">\n<p><strong>T\u00edtulo: <\/strong>&nbsp;Baker ou o Blackout<\/p>\n\n\n\n<p><strong>Autores:<\/strong> Lutero Proscholdt Almeida, B. Silva<\/p>\n\n\n\n<p><strong>Local de Publica\u00e7\u00e3o:<\/strong> ReDObRa<\/p>\n<\/div>\n\n\n\n<div class=\"wp-block-column is-layout-flow wp-block-column-is-layout-flow\">\n<p><strong>P\u00e1ginas: <\/strong>87-131<\/p>\n\n\n\n<p><strong>Volume: <\/strong>05<\/p>\n\n\n\n<p><strong>Ano: <\/strong>2014<\/p>\n\n\n\n<p><\/p>\n<\/div>\n<\/div>\n\n\n\n<p style=\"font-size:30px\"><strong>Peri\u00f3dicos &#8211; 2013<\/strong><\/p>\n\n\n\n<div class=\"wp-block-columns is-layout-flex wp-container-core-columns-is-layout-9d6595d7 wp-block-columns-is-layout-flex\">\n<div class=\"wp-block-column is-layout-flow wp-block-column-is-layout-flow\">\n<p><strong>T\u00edtulo: <\/strong>Arquitetura no Urbanismo, Urbanismo na Arquitetura<\/p>\n\n\n\n<p><strong>Autor:<\/strong> Lutero Proscholdt Almeida<\/p>\n\n\n\n<p><strong>Local de Publica\u00e7\u00e3o:<\/strong> Drops (S\u00e3o Paulo)<\/p>\n<\/div>\n\n\n\n<div class=\"wp-block-column is-layout-flow wp-block-column-is-layout-flow\">\n<p><strong>P\u00e1ginas: <\/strong>08-1<\/p>\n\n\n\n<p><strong>Volume: <\/strong>2013<\/p>\n\n\n\n<p><strong>Ano: <\/strong>2013<\/p>\n\n\n\n<p><strong><a href=\"https:\/\/vitruvius.com.br\/index.php\/revistas\/read\/drops\/13.067\/4722\" data-type=\"URL\" data-id=\"https:\/\/vitruvius.com.br\/index.php\/revistas\/read\/drops\/13.067\/4722\">Acesse aqui<\/a><\/strong><\/p>\n<\/div>\n<\/div>\n\n\n\n<div class=\"wp-block-columns is-layout-flex wp-container-core-columns-is-layout-9d6595d7 wp-block-columns-is-layout-flex\">\n<div class=\"wp-block-column is-layout-flow wp-block-column-is-layout-flow\">\n<p><strong>T\u00edtulo: <\/strong>A cidade como ponto de partida para o projeto de arquitetura<\/p>\n\n\n\n<p><strong>Autor(as):<\/strong> Lutero Proscholdt Almeida, Eloisa Guedes Caetano, Juliana Pimentel Freitas, Daiani Rodrigues Lavino, J\u00e9ssica Marinho Sart\u00f3rio, Raiza Barcellos Claudio e Carla Roberta Malheiros Soares<\/p>\n\n\n\n<p><strong>Local de Publica\u00e7\u00e3o:<\/strong> Drops (S\u00e3o Paulo)<\/p>\n<\/div>\n\n\n\n<div class=\"wp-block-column is-layout-flow wp-block-column-is-layout-flow\">\n<p><strong>P\u00e1ginas: <\/strong>09<\/p>\n\n\n\n<p><strong>Volume: <\/strong>2013<\/p>\n\n\n\n<p><strong>Ano: <\/strong>2013<\/p>\n\n\n\n<p><strong><a href=\"https:\/\/vitruvius.com.br\/index.php\/revistas\/read\/drops\/14.071\/4856\" data-type=\"URL\" data-id=\"https:\/\/vitruvius.com.br\/index.php\/revistas\/read\/drops\/14.071\/4856\">Acesse aqui<\/a><\/strong><\/p>\n<\/div>\n<\/div>\n\n\n\n<div class=\"wp-block-columns is-layout-flex wp-container-core-columns-is-layout-9d6595d7 wp-block-columns-is-layout-flex\">\n<div class=\"wp-block-column is-layout-flow wp-block-column-is-layout-flow\">\n<p><strong>T\u00edtulo: <\/strong>&nbsp;Espa\u00e7os Heterot\u00f3picos<\/p>\n\n\n\n<p><strong>Autor(as):<\/strong> Lutero Proscholdt Almeida<\/p>\n\n\n\n<p><strong>Local de Publica\u00e7\u00e3o:<\/strong> Piseagrama<\/p>\n<\/div>\n\n\n\n<div class=\"wp-block-column is-layout-flow wp-block-column-is-layout-flow\">\n<p><strong>P\u00e1ginas: <\/strong>01<\/p>\n\n\n\n<p><strong>Volume: <\/strong>05<\/p>\n\n\n\n<p><strong>Ano: <\/strong>2013<\/p>\n\n\n\n<p><\/p>\n<\/div>\n<\/div>\n\n\n\n<p style=\"font-size:30px\"><strong>Peri\u00f3dico &#8211; 2012<\/strong><\/p>\n\n\n\n<div class=\"wp-block-columns is-layout-flex wp-container-core-columns-is-layout-9d6595d7 wp-block-columns-is-layout-flex\">\n<div class=\"wp-block-column is-layout-flow wp-block-column-is-layout-flow\">\n<p><strong>T\u00edtulo: <\/strong>Dobras Deleuzianas, Desdobramentos de Lina Bo Bardi<\/p>\n\n\n\n<p><strong>Autor(as):<\/strong> Lutero Proscholdt Almeida<\/p>\n\n\n\n<p><strong>Local de Publica\u00e7\u00e3o:<\/strong>\u00a0 Arquitextos (S\u00e3o Paulo)<\/p>\n<\/div>\n\n\n\n<div class=\"wp-block-column is-layout-flow wp-block-column-is-layout-flow\">\n<p><strong>P\u00e1ginas: <\/strong>01<\/p>\n\n\n\n<p><strong>Volume: <\/strong>01<\/p>\n\n\n\n<p><strong>Ano: <\/strong>2012<\/p>\n\n\n\n<p><strong><a href=\"https:\/\/vitruvius.com.br\/index.php\/revistas\/read\/arquitextos\/13.146\/4422\" data-type=\"URL\" data-id=\"https:\/\/vitruvius.com.br\/index.php\/revistas\/read\/arquitextos\/13.146\/4422\">Acesse aqui<\/a><\/strong><\/p>\n<\/div>\n<\/div>\n\n\n\n<p style=\"font-size:30px\"><strong>Peri\u00f3dico &#8211; 2006<\/strong><\/p>\n\n\n\n<div class=\"wp-block-columns is-layout-flex wp-container-core-columns-is-layout-9d6595d7 wp-block-columns-is-layout-flex\">\n<div class=\"wp-block-column is-layout-flow wp-block-column-is-layout-flow\">\n<p><strong>T\u00edtulo: <\/strong>4\u00ba Pr\u00eamio Nacional de Pr\u00e9-Fabricados de Concreto para Estudantes de Arquitetura 2005<\/p>\n\n\n\n<p><strong>Autor(as):<\/strong> Lutero Proscholdt Almeida<\/p>\n\n\n\n<p><strong>Local de Publica\u00e7\u00e3o:<\/strong> Drops (S\u00e3o Paulo)<\/p>\n<\/div>\n\n\n\n<div class=\"wp-block-column is-layout-flow wp-block-column-is-layout-flow\">\n<p><strong>P\u00e1ginas: <\/strong>01<\/p>\n\n\n\n<p><strong>Volume: <\/strong>01<\/p>\n\n\n\n<p><strong>Ano: <\/strong>2006<\/p>\n\n\n\n<p><strong><a href=\"https:\/\/vitruvius.com.br\/index.php\/revistas\/read\/projetos\/07.078\/2799\" data-type=\"URL\" data-id=\"https:\/\/vitruvius.com.br\/index.php\/revistas\/read\/projetos\/07.078\/2799\">Acesse aqui<\/a><\/strong><\/p>\n<\/div>\n<\/div>\n","protected":false},"excerpt":{"rendered":"<p>Peri\u00f3dicos &#8211; 2020 T\u00edtulo: Homo Tegumen: Urbanismo Unit\u00e1rio, fic\u00e7\u00e3o cient\u00edfica e cr\u00edtica \u00e0 produ\u00e7\u00e3o do espa\u00e7o urbano Autores: M\u00e1rio Victor Marques Margotto e Lutero Proscholdt Almeida Local de Publica\u00e7\u00e3o: Arquitextos (S\u00e3o Paulo) P\u00e1ginas: 01-01 Volume: 01 Ano: 2020 Acesse aqui Peri\u00f3dicos &#8211; 2019 T\u00edtulo: S\u00e3o Paulo, graffiti e manifesto m\u00e1quina de guerra Autor(as): Lutero Proscholdt [&hellip;]<\/p>\n","protected":false},"author":456,"featured_media":0,"comment_status":"open","ping_status":"open","sticky":false,"template":"","format":"standard","meta":{"_bbp_topic_count":0,"_bbp_reply_count":0,"_bbp_total_topic_count":0,"_bbp_total_reply_count":0,"_bbp_voice_count":0,"_bbp_anonymous_reply_count":0,"_bbp_topic_count_hidden":0,"_bbp_reply_count_hidden":0,"_bbp_forum_subforum_count":0,"_uag_custom_page_level_css":"","footnotes":""},"categories":[45],"tags":[],"class_list":["post-540","post","type-post","status-publish","format-standard","hentry","category-periodicos-lutero"],"uagb_featured_image_src":{"full":false,"thumbnail":false,"medium":false,"medium_large":false,"large":false,"1536x1536":false,"2048x2048":false,"post-thumbnail":false},"uagb_author_info":{"display_name":"Pablo Carvalho dos Santos Cruz","author_link":"https:\/\/blog.ufes.br\/nau-ufes\/author\/pablo_carvalho-dos-santos-cruz\/"},"uagb_comment_info":1,"uagb_excerpt":"Peri\u00f3dicos &#8211; 2020 T\u00edtulo: Homo Tegumen: Urbanismo Unit\u00e1rio, fic\u00e7\u00e3o cient\u00edfica e cr\u00edtica \u00e0 produ\u00e7\u00e3o do espa\u00e7o urbano Autores: M\u00e1rio Victor Marques Margotto e Lutero Proscholdt Almeida Local de Publica\u00e7\u00e3o: Arquitextos (S\u00e3o Paulo) P\u00e1ginas: 01-01 Volume: 01 Ano: 2020 Acesse aqui Peri\u00f3dicos &#8211; 2019 T\u00edtulo: S\u00e3o Paulo, graffiti e manifesto m\u00e1quina de guerra Autor(as): Lutero Proscholdt&hellip;","_links":{"self":[{"href":"https:\/\/blog.ufes.br\/nau-ufes\/wp-json\/wp\/v2\/posts\/540","targetHints":{"allow":["GET"]}}],"collection":[{"href":"https:\/\/blog.ufes.br\/nau-ufes\/wp-json\/wp\/v2\/posts"}],"about":[{"href":"https:\/\/blog.ufes.br\/nau-ufes\/wp-json\/wp\/v2\/types\/post"}],"author":[{"embeddable":true,"href":"https:\/\/blog.ufes.br\/nau-ufes\/wp-json\/wp\/v2\/users\/456"}],"replies":[{"embeddable":true,"href":"https:\/\/blog.ufes.br\/nau-ufes\/wp-json\/wp\/v2\/comments?post=540"}],"version-history":[{"count":3,"href":"https:\/\/blog.ufes.br\/nau-ufes\/wp-json\/wp\/v2\/posts\/540\/revisions"}],"predecessor-version":[{"id":1075,"href":"https:\/\/blog.ufes.br\/nau-ufes\/wp-json\/wp\/v2\/posts\/540\/revisions\/1075"}],"wp:attachment":[{"href":"https:\/\/blog.ufes.br\/nau-ufes\/wp-json\/wp\/v2\/media?parent=540"}],"wp:term":[{"taxonomy":"category","embeddable":true,"href":"https:\/\/blog.ufes.br\/nau-ufes\/wp-json\/wp\/v2\/categories?post=540"},{"taxonomy":"post_tag","embeddable":true,"href":"https:\/\/blog.ufes.br\/nau-ufes\/wp-json\/wp\/v2\/tags?post=540"}],"curies":[{"name":"wp","href":"https:\/\/api.w.org\/{rel}","templated":true}]}}