{"id":551,"date":"2023-07-05T15:29:21","date_gmt":"2023-07-05T18:29:21","guid":{"rendered":"https:\/\/blog.ufes.br\/nau-ufes\/?p=551"},"modified":"2023-07-13T16:17:14","modified_gmt":"2023-07-13T19:17:14","slug":"livros-martha","status":"publish","type":"post","link":"https:\/\/blog.ufes.br\/nau-ufes\/2023\/07\/05\/livros-martha\/","title":{"rendered":"Livros &#8211; Martha"},"content":{"rendered":"\n<p style=\"font-size:30px\"><strong>Livro &#8211; 2022<\/strong><\/p>\n\n\n\n<div class=\"wp-block-columns is-layout-flex wp-container-core-columns-is-layout-9d6595d7 wp-block-columns-is-layout-flex\">\n<div class=\"wp-block-column is-layout-flow wp-block-column-is-layout-flow\">\n<p><strong>T\u00edtulo: <\/strong>Outra arquitetura social: assessoria e assist\u00eancia t\u00e9cnica em arquitetura e urbanismo<\/p>\n\n\n\n<p><strong>Autor(as): <\/strong>Martha Machado Campos; Clara Luiza Miranda; Liziane de Oliveira Jorge; Lutero Proscholdt Almeida<\/p>\n\n\n\n<p><strong>Editora: <\/strong>Vit\u00f3ria: EDUFES &#8211; Universit\u00e1ria da UFES e AsM Editora<\/p>\n<\/div>\n\n\n\n<div class=\"wp-block-column is-layout-flow wp-block-column-is-layout-flow\">\n<p><strong>P\u00e1ginas:<\/strong> 314p&nbsp;<\/p>\n\n\n\n<p><strong>Ano: <\/strong>2022<\/p>\n\n\n\n<p><strong><a href=\"https:\/\/repositorio.ufes.br\/jspui\/bitstream\/10\/12138\/1\/Outra-arquitetura-social-miolo_DIGITAL.pdf\" data-type=\"URL\" data-id=\"https:\/\/repositorio.ufes.br\/jspui\/bitstream\/10\/12138\/1\/Outra-arquitetura-social-miolo_DIGITAL.pdf\">Acesse aqui<\/a><\/strong><\/p>\n<\/div>\n<\/div>\n\n\n\n<p style=\"font-size:30px\"><strong>Livro &#8211; 2009<\/strong><\/p>\n\n\n\n<div class=\"wp-block-columns is-layout-flex wp-container-core-columns-is-layout-9d6595d7 wp-block-columns-is-layout-flex\">\n<div class=\"wp-block-column is-layout-flow wp-block-column-is-layout-flow\">\n<p><strong>T\u00edtulo: <\/strong>Cidade Prospectiva: o projeto de Saturnino de Brito para Vit\u00f3ria<\/p>\n\n\n\n<p><strong>Autor(as): <\/strong>Eneida Maria de Souza Mendon\u00e7a; Jos\u00e9 Francisco Bernardino Freitas; Martha Machado Campos; Michele Monteiro Prado; Renata Hermanny de Almeida<\/p>\n\n\n\n<p>&nbsp;<strong>Editora: <\/strong>Vit\u00f3ria: Editora da Universidade Federal do Esp\u00edrito Santo<\/p>\n<\/div>\n\n\n\n<div class=\"wp-block-column is-layout-flow wp-block-column-is-layout-flow\">\n<p><strong>P\u00e1ginas:<\/strong> 116p&nbsp;<\/p>\n\n\n\n<p><strong>Ano: <\/strong>2009<\/p>\n\n\n\n<p><strong><a href=\"https:\/\/edufes.ufes.br\/items\/show\/38\">Acesse aqui<\/a><\/strong><\/p>\n<\/div>\n<\/div>\n\n\n\n<p style=\"font-size:30px\"><strong>Livro &#8211; 2005<\/strong><\/p>\n\n\n\n<div class=\"wp-block-columns is-layout-flex wp-container-core-columns-is-layout-9d6595d7 wp-block-columns-is-layout-flex\">\n<div class=\"wp-block-column is-layout-flow wp-block-column-is-layout-flow\">\n<p><strong>T\u00edtulo: <\/strong>Urbanismo no Brasil 1895-1965&nbsp;<\/p>\n\n\n\n<p><strong>Autor(as):&nbsp; <\/strong>Maria Cristina da Silva Leme; Martha Machado Campos; Eneida Maria de Souza Mendon\u00e7a; Renata Hermanny de Almeida; Jos\u00e9 Francisco Bernardino Freitas&nbsp;<\/p>\n\n\n\n<p><strong>Editora: <\/strong>&nbsp;Salvador: EDUFBA<\/p>\n<\/div>\n\n\n\n<div class=\"wp-block-column is-layout-flow wp-block-column-is-layout-flow\">\n<p><strong>P\u00e1ginas:<\/strong> 600p<\/p>\n\n\n\n<p><strong>Ano:<\/strong> 2005<\/p>\n\n\n\n<p><strong><a href=\"https:\/\/edufba.ufba.br\/livros-publicados\/urbanismo-no-brasil-1895-1965#:~:text=Resultado%20de%20um%20longo%20trabalho%20de%20pesquisa%20reunindo,este%20livro%20aborda%20a%20forma%C3%A7%C3%A3o%20do%20urbanismo%20nestas\" data-type=\"URL\" data-id=\"https:\/\/edufba.ufba.br\/livros-publicados\/urbanismo-no-brasil-1895-1965#:~:text=Resultado%20de%20um%20longo%20trabalho%20de%20pesquisa%20reunindo,este%20livro%20aborda%20a%20forma%C3%A7%C3%A3o%20do%20urbanismo%20nestas\">Acesse aqui<\/a><\/strong><\/p>\n<\/div>\n<\/div>\n\n\n\n<p style=\"font-size:30px\"><strong>Livro &#8211; 2000<\/strong><\/p>\n\n\n\n<div class=\"wp-block-columns is-layout-flex wp-container-core-columns-is-layout-9d6595d7 wp-block-columns-is-layout-flex\">\n<div class=\"wp-block-column is-layout-flow wp-block-column-is-layout-flow\">\n<p><strong>T\u00edtulo: <\/strong>Projeto centro com Vit\u00f3ria<\/p>\n\n\n\n<p><strong>Autor(as):&nbsp; <\/strong>Martha Machado Campos; Renata Hermanny de Almeida;<strong> <\/strong>Jos\u00e9 Francisco Bernardino Freitas.&nbsp;<\/p>\n\n\n\n<p><strong>Editora: <\/strong>Vit\u00f3ria: EDUFES &#8211; Editora da Universidade Federal do Esp\u00edrito<\/p>\n<\/div>\n\n\n\n<div class=\"wp-block-column is-layout-flow wp-block-column-is-layout-flow\">\n<p><strong>Ano:<\/strong> 2000<\/p>\n<\/div>\n<\/div>\n\n\n\n<p style=\"font-size:30px\"><strong>Livro &#8211; 1999<\/strong><\/p>\n\n\n\n<div class=\"wp-block-columns is-layout-flex wp-container-core-columns-is-layout-9d6595d7 wp-block-columns-is-layout-flex\">\n<div class=\"wp-block-column is-layout-flow wp-block-column-is-layout-flow\">\n<p><strong>T\u00edtulo:<\/strong> Urbanismo no Brasil 1895\/1965<\/p>\n\n\n\n<p><strong>Autor(as): <\/strong>Martha Machado Campos; <strong>&nbsp;<\/strong>Maria Cristina da Silva Leme; Eneida Maria de Souza Mendon\u00e7a; Renata Hermanny de Almeida; Jos\u00e9 Francisco Bernardino Freitas.<\/p>\n\n\n\n<p>&nbsp;<strong>Editora: <\/strong>S\u00e3o Paulo: Studio Nobel e FUPAM<\/p>\n<\/div>\n\n\n\n<div class=\"wp-block-column is-layout-flow wp-block-column-is-layout-flow\">\n<p><strong>Ano:<\/strong> 1999<\/p>\n<\/div>\n<\/div>\n","protected":false},"excerpt":{"rendered":"<p>Livro &#8211; 2022 T\u00edtulo: Outra arquitetura social: assessoria e assist\u00eancia t\u00e9cnica em arquitetura e urbanismo Autor(as): Martha Machado Campos; Clara Luiza Miranda; Liziane de Oliveira Jorge; Lutero Proscholdt Almeida Editora: Vit\u00f3ria: EDUFES &#8211; Universit\u00e1ria da UFES e AsM Editora P\u00e1ginas: 314p&nbsp; Ano: 2022 Acesse aqui Livro &#8211; 2009 T\u00edtulo: Cidade Prospectiva: o projeto de Saturnino [&hellip;]<\/p>\n","protected":false},"author":456,"featured_media":0,"comment_status":"open","ping_status":"open","sticky":false,"template":"","format":"standard","meta":{"_bbp_topic_count":0,"_bbp_reply_count":0,"_bbp_total_topic_count":0,"_bbp_total_reply_count":0,"_bbp_voice_count":0,"_bbp_anonymous_reply_count":0,"_bbp_topic_count_hidden":0,"_bbp_reply_count_hidden":0,"_bbp_forum_subforum_count":0,"_uag_custom_page_level_css":"","footnotes":""},"categories":[47],"tags":[],"class_list":["post-551","post","type-post","status-publish","format-standard","hentry","category-livros-martha"],"uagb_featured_image_src":{"full":false,"thumbnail":false,"medium":false,"medium_large":false,"large":false,"1536x1536":false,"2048x2048":false,"post-thumbnail":false},"uagb_author_info":{"display_name":"Pablo Carvalho dos Santos Cruz","author_link":"https:\/\/blog.ufes.br\/nau-ufes\/author\/pablo_carvalho-dos-santos-cruz\/"},"uagb_comment_info":0,"uagb_excerpt":"Livro &#8211; 2022 T\u00edtulo: Outra arquitetura social: assessoria e assist\u00eancia t\u00e9cnica em arquitetura e urbanismo Autor(as): Martha Machado Campos; Clara Luiza Miranda; Liziane de Oliveira Jorge; Lutero Proscholdt Almeida Editora: Vit\u00f3ria: EDUFES &#8211; Universit\u00e1ria da UFES e AsM Editora P\u00e1ginas: 314p&nbsp; Ano: 2022 Acesse aqui Livro &#8211; 2009 T\u00edtulo: Cidade Prospectiva: o projeto de Saturnino&hellip;","_links":{"self":[{"href":"https:\/\/blog.ufes.br\/nau-ufes\/wp-json\/wp\/v2\/posts\/551","targetHints":{"allow":["GET"]}}],"collection":[{"href":"https:\/\/blog.ufes.br\/nau-ufes\/wp-json\/wp\/v2\/posts"}],"about":[{"href":"https:\/\/blog.ufes.br\/nau-ufes\/wp-json\/wp\/v2\/types\/post"}],"author":[{"embeddable":true,"href":"https:\/\/blog.ufes.br\/nau-ufes\/wp-json\/wp\/v2\/users\/456"}],"replies":[{"embeddable":true,"href":"https:\/\/blog.ufes.br\/nau-ufes\/wp-json\/wp\/v2\/comments?post=551"}],"version-history":[{"count":3,"href":"https:\/\/blog.ufes.br\/nau-ufes\/wp-json\/wp\/v2\/posts\/551\/revisions"}],"predecessor-version":[{"id":762,"href":"https:\/\/blog.ufes.br\/nau-ufes\/wp-json\/wp\/v2\/posts\/551\/revisions\/762"}],"wp:attachment":[{"href":"https:\/\/blog.ufes.br\/nau-ufes\/wp-json\/wp\/v2\/media?parent=551"}],"wp:term":[{"taxonomy":"category","embeddable":true,"href":"https:\/\/blog.ufes.br\/nau-ufes\/wp-json\/wp\/v2\/categories?post=551"},{"taxonomy":"post_tag","embeddable":true,"href":"https:\/\/blog.ufes.br\/nau-ufes\/wp-json\/wp\/v2\/tags?post=551"}],"curies":[{"name":"wp","href":"https:\/\/api.w.org\/{rel}","templated":true}]}}