{"id":556,"date":"2023-07-06T11:47:39","date_gmt":"2023-07-06T14:47:39","guid":{"rendered":"https:\/\/blog.ufes.br\/nau-ufes\/?p=556"},"modified":"2023-07-06T11:55:20","modified_gmt":"2023-07-06T14:55:20","slug":"capitulos-de-livros-publicados-flavia-botechia","status":"publish","type":"post","link":"https:\/\/blog.ufes.br\/nau-ufes\/2023\/07\/06\/capitulos-de-livros-publicados-flavia-botechia\/","title":{"rendered":"Cap\u00edtulos de livros publicados &#8211; Fl\u00e1via Botechia"},"content":{"rendered":"\n<p style=\"font-size:30px\"><strong>Cap\u00edtulos de livros &#8211; 2019<\/strong><\/p>\n\n\n\n<div class=\"wp-block-columns is-layout-flex wp-container-core-columns-is-layout-9d6595d7 wp-block-columns-is-layout-flex\">\n<div class=\"wp-block-column is-layout-flow wp-block-column-is-layout-flow\">\n<p><strong>T\u00edtulo: <\/strong>Dez anos de di\u00e1logos sobre dispers\u00e3o urbana<\/p>\n\n\n\n<p><strong>Autor(as): <\/strong>Alice Barachini Torres, Andrea de Souza Almeida, Ricardo Hernan Medrano, Heraldo Ferreira Borges, Marcos Aur\u00e9lio Castanha Junior, Lucas Fehr, Fl\u00e1via Ribeiro Botechia, Elida Pereira da Silva, Pedro Paulo Fortes Torggler<\/p>\n\n\n\n<p><strong>T\u00edtulo do Cap\u00edtulo: <\/strong>Novas abordagens no estudo da urbaniza\u00e7\u00e3o contempor\u00e2nea: as cartografias<\/p>\n\n\n\n<p><\/p>\n<\/div>\n\n\n\n<div class=\"wp-block-column is-layout-flow wp-block-column-is-layout-flow\">\n<p><strong>Organiza\u00e7\u00e3o:<\/strong> Nestor Goulart Reis; J\u00falio Claudio da Gama Bentes<\/p>\n\n\n\n<p><strong>Editora:<\/strong> S\u00e3o Paulo: FAU-USP<\/p>\n\n\n\n<p><strong>P\u00e1ginas: <\/strong>457-475<\/p>\n\n\n\n<p><strong>Ano: <\/strong>2019<\/p>\n\n\n\n<p><strong><a href=\"https:\/\/anparq.org.br\/dvd-enanparq-4\/SESSAO%2045\/S45-03-MEDRANO,%20R;%20et%20al.pdf\" data-type=\"URL\" data-id=\"https:\/\/anparq.org.br\/dvd-enanparq-4\/SESSAO%2045\/S45-03-MEDRANO,%20R;%20et%20al.pdf\">Acesse aqui<\/a><\/strong><\/p>\n<\/div>\n<\/div>\n\n\n\n<p style=\"font-size:30px\"><strong>Cap\u00edtulos de livros &#8211; 2015<\/strong><\/p>\n\n\n\n<div class=\"wp-block-columns is-layout-flex wp-container-core-columns-is-layout-9d6595d7 wp-block-columns-is-layout-flex\">\n<div class=\"wp-block-column is-layout-flow wp-block-column-is-layout-flow\">\n<p><strong>T\u00edtulo: <\/strong>Diferentes abordagens no estudo da forma urbana<\/p>\n\n\n\n<p><strong>Autor(as): <\/strong>Fernanda Tomiello, Fl\u00e1via Ribeiro Botechia, Mauricio Polidori, Susana Temudo<\/p>\n\n\n\n<p><strong>T\u00edtulo do Cap\u00edtulo: <\/strong>Rua Costa Cabral: Leitura morfol\u00f3gica segundo a abordagem hist\u00f3rico-geogr\u00e1fica Conzeniana<\/p>\n<\/div>\n\n\n\n<div class=\"wp-block-column is-layout-flow wp-block-column-is-layout-flow\">\n<p><strong>Organiza\u00e7\u00e3o:<\/strong> V\u00edtor Oliveira, Cl\u00e1udia Monteiro<\/p>\n\n\n\n<p><strong>Editora:<\/strong> FEUP Edi\u00e7\u00f5es<\/p>\n\n\n\n<p><strong>P\u00e1ginas: <\/strong>41-52<\/p>\n\n\n\n<p><strong>Ano: <\/strong>2015<\/p>\n\n\n\n<p><strong><a href=\"https:\/\/repositorio.iscte.pt\/bitstream\/10071\/28518\/1\/bookPart_28860.pdf\" data-type=\"URL\" data-id=\"https:\/\/repositorio.iscte.pt\/bitstream\/10071\/28518\/1\/bookPart_28860.pdf\">Acesse aqui<\/a><\/strong><\/p>\n<\/div>\n<\/div>\n","protected":false},"excerpt":{"rendered":"<p>Cap\u00edtulos de livros &#8211; 2019 T\u00edtulo: Dez anos de di\u00e1logos sobre dispers\u00e3o urbana Autor(as): Alice Barachini Torres, Andrea de Souza Almeida, Ricardo Hernan Medrano, Heraldo Ferreira Borges, Marcos Aur\u00e9lio Castanha Junior, Lucas Fehr, Fl\u00e1via Ribeiro Botechia, Elida Pereira da Silva, Pedro Paulo Fortes Torggler T\u00edtulo do Cap\u00edtulo: Novas abordagens no estudo da urbaniza\u00e7\u00e3o contempor\u00e2nea: as [&hellip;]<\/p>\n","protected":false},"author":456,"featured_media":0,"comment_status":"open","ping_status":"open","sticky":false,"template":"","format":"standard","meta":{"_bbp_topic_count":0,"_bbp_reply_count":0,"_bbp_total_topic_count":0,"_bbp_total_reply_count":0,"_bbp_voice_count":0,"_bbp_anonymous_reply_count":0,"_bbp_topic_count_hidden":0,"_bbp_reply_count_hidden":0,"_bbp_forum_subforum_count":0,"_uag_custom_page_level_css":"","footnotes":""},"categories":[56],"tags":[],"class_list":["post-556","post","type-post","status-publish","format-standard","hentry","category-capitulo-de-livros-flavia"],"uagb_featured_image_src":{"full":false,"thumbnail":false,"medium":false,"medium_large":false,"large":false,"1536x1536":false,"2048x2048":false,"post-thumbnail":false},"uagb_author_info":{"display_name":"Pablo Carvalho dos Santos Cruz","author_link":"https:\/\/blog.ufes.br\/nau-ufes\/author\/pablo_carvalho-dos-santos-cruz\/"},"uagb_comment_info":0,"uagb_excerpt":"Cap\u00edtulos de livros &#8211; 2019 T\u00edtulo: Dez anos de di\u00e1logos sobre dispers\u00e3o urbana Autor(as): Alice Barachini Torres, Andrea de Souza Almeida, Ricardo Hernan Medrano, Heraldo Ferreira Borges, Marcos Aur\u00e9lio Castanha Junior, Lucas Fehr, Fl\u00e1via Ribeiro Botechia, Elida Pereira da Silva, Pedro Paulo Fortes Torggler T\u00edtulo do Cap\u00edtulo: Novas abordagens no estudo da urbaniza\u00e7\u00e3o contempor\u00e2nea: as&hellip;","_links":{"self":[{"href":"https:\/\/blog.ufes.br\/nau-ufes\/wp-json\/wp\/v2\/posts\/556","targetHints":{"allow":["GET"]}}],"collection":[{"href":"https:\/\/blog.ufes.br\/nau-ufes\/wp-json\/wp\/v2\/posts"}],"about":[{"href":"https:\/\/blog.ufes.br\/nau-ufes\/wp-json\/wp\/v2\/types\/post"}],"author":[{"embeddable":true,"href":"https:\/\/blog.ufes.br\/nau-ufes\/wp-json\/wp\/v2\/users\/456"}],"replies":[{"embeddable":true,"href":"https:\/\/blog.ufes.br\/nau-ufes\/wp-json\/wp\/v2\/comments?post=556"}],"version-history":[{"count":1,"href":"https:\/\/blog.ufes.br\/nau-ufes\/wp-json\/wp\/v2\/posts\/556\/revisions"}],"predecessor-version":[{"id":557,"href":"https:\/\/blog.ufes.br\/nau-ufes\/wp-json\/wp\/v2\/posts\/556\/revisions\/557"}],"wp:attachment":[{"href":"https:\/\/blog.ufes.br\/nau-ufes\/wp-json\/wp\/v2\/media?parent=556"}],"wp:term":[{"taxonomy":"category","embeddable":true,"href":"https:\/\/blog.ufes.br\/nau-ufes\/wp-json\/wp\/v2\/categories?post=556"},{"taxonomy":"post_tag","embeddable":true,"href":"https:\/\/blog.ufes.br\/nau-ufes\/wp-json\/wp\/v2\/tags?post=556"}],"curies":[{"name":"wp","href":"https:\/\/api.w.org\/{rel}","templated":true}]}}