{"id":575,"date":"2023-07-06T16:30:12","date_gmt":"2023-07-06T19:30:12","guid":{"rendered":"https:\/\/blog.ufes.br\/nau-ufes\/?p=575"},"modified":"2023-07-06T16:30:14","modified_gmt":"2023-07-06T19:30:14","slug":"livros-eneida","status":"publish","type":"post","link":"https:\/\/blog.ufes.br\/nau-ufes\/2023\/07\/06\/livros-eneida\/","title":{"rendered":"Livros &#8211; Eneida"},"content":{"rendered":"\n<h2 class=\"wp-block-heading\" style=\"font-size:30px\">LIVRO &#8211; 2012<\/h2>\n\n\n\n<div class=\"wp-block-columns is-layout-flex wp-container-core-columns-is-layout-9d6595d7 wp-block-columns-is-layout-flex\">\n<div class=\"wp-block-column is-layout-flow wp-block-column-is-layout-flow\">\n<p><strong>T\u00edtulo: <\/strong>A constru\u00e7\u00e3o da cidade e do urbanismo: ideias t\u00eam lugar?<\/p>\n\n\n\n<p><strong>Organizadores: <\/strong>Eneida Maria Souza Mendon\u00e7a; Jos\u00e9 Francisco Bernardino Freitas<\/p>\n\n\n\n<p><strong>Editora: <\/strong>Vit\u00f3ria: Editora da Universidade Federal do Esp\u00edrito Santo<\/p>\n<\/div>\n\n\n\n<div class=\"wp-block-column is-layout-flow wp-block-column-is-layout-flow\">\n<p><strong>Registro: <\/strong>ISBN 9788577721092<\/p>\n\n\n\n<p><strong>P\u00e1ginas:<\/strong> 222p&nbsp;<\/p>\n\n\n\n<p><strong>Ano: <\/strong>2012<\/p>\n\n\n\n<p><strong><a href=\"https:\/\/www.traca.com.br\/livro\/1322866\/construcao-cidade-urbanismo-ideias-tem-lugar\/\">Acesse aqui<\/a><\/strong><\/p>\n<\/div>\n<\/div>\n\n\n\n<h2 class=\"wp-block-heading\" style=\"font-size:30px\">LIVRO &#8211; 2009<\/h2>\n\n\n\n<div class=\"wp-block-columns is-layout-flex wp-container-core-columns-is-layout-9d6595d7 wp-block-columns-is-layout-flex\">\n<div class=\"wp-block-column is-layout-flow wp-block-column-is-layout-flow\">\n<p><strong>T\u00edtulo: <\/strong>Cidade Prospectiva: o projeto de Saturnino de Brito para Vit\u00f3ria<\/p>\n\n\n\n<p><strong>Autor(a): <\/strong>Eneida Maria Souza Mendon\u00e7a; Jos\u00e9 Francisco Bernardino Freitas; Martha Machado Campos; Michele Monteiro Prado; Renata Hermanny de Almeida<\/p>\n\n\n\n<p><strong>Editora: <\/strong>Vit\u00f3ria: Editora da Universidade Federal do Esp\u00edrito Santo<\/p>\n<\/div>\n\n\n\n<div class=\"wp-block-column is-layout-flow wp-block-column-is-layout-flow\">\n<p><strong>Registro: <\/strong>ISBN 9788577720439<\/p>\n\n\n\n<p><strong>P\u00e1ginas: <\/strong>116p<\/p>\n\n\n\n<p><strong>Ano: <\/strong>2009<\/p>\n\n\n\n<p><strong><a href=\"https:\/\/edufes.ufes.br\/items\/show\/38\">Acesse aqui<\/a><\/strong><\/p>\n<\/div>\n<\/div>\n","protected":false},"excerpt":{"rendered":"<p>LIVRO &#8211; 2012 T\u00edtulo: A constru\u00e7\u00e3o da cidade e do urbanismo: ideias t\u00eam lugar? Organizadores: Eneida Maria Souza Mendon\u00e7a; Jos\u00e9 Francisco Bernardino Freitas Editora: Vit\u00f3ria: Editora da Universidade Federal do Esp\u00edrito Santo Registro: ISBN 9788577721092 P\u00e1ginas: 222p&nbsp; Ano: 2012 Acesse aqui LIVRO &#8211; 2009 T\u00edtulo: Cidade Prospectiva: o projeto de Saturnino de Brito para Vit\u00f3ria [&hellip;]<\/p>\n","protected":false},"author":454,"featured_media":0,"comment_status":"open","ping_status":"open","sticky":false,"template":"","format":"standard","meta":{"_bbp_topic_count":0,"_bbp_reply_count":0,"_bbp_total_topic_count":0,"_bbp_total_reply_count":0,"_bbp_voice_count":0,"_bbp_anonymous_reply_count":0,"_bbp_topic_count_hidden":0,"_bbp_reply_count_hidden":0,"_bbp_forum_subforum_count":0,"_uag_custom_page_level_css":"","footnotes":""},"categories":[49],"tags":[],"class_list":["post-575","post","type-post","status-publish","format-standard","hentry","category-livros-eneida"],"uagb_featured_image_src":{"full":false,"thumbnail":false,"medium":false,"medium_large":false,"large":false,"1536x1536":false,"2048x2048":false,"post-thumbnail":false},"uagb_author_info":{"display_name":"Nathan dos Santos Silva","author_link":"https:\/\/blog.ufes.br\/nau-ufes\/author\/nathan_dos-santos-silva\/"},"uagb_comment_info":0,"uagb_excerpt":"LIVRO &#8211; 2012 T\u00edtulo: A constru\u00e7\u00e3o da cidade e do urbanismo: ideias t\u00eam lugar? Organizadores: Eneida Maria Souza Mendon\u00e7a; Jos\u00e9 Francisco Bernardino Freitas Editora: Vit\u00f3ria: Editora da Universidade Federal do Esp\u00edrito Santo Registro: ISBN 9788577721092 P\u00e1ginas: 222p&nbsp; Ano: 2012 Acesse aqui LIVRO &#8211; 2009 T\u00edtulo: Cidade Prospectiva: o projeto de Saturnino de Brito para Vit\u00f3ria&hellip;","_links":{"self":[{"href":"https:\/\/blog.ufes.br\/nau-ufes\/wp-json\/wp\/v2\/posts\/575","targetHints":{"allow":["GET"]}}],"collection":[{"href":"https:\/\/blog.ufes.br\/nau-ufes\/wp-json\/wp\/v2\/posts"}],"about":[{"href":"https:\/\/blog.ufes.br\/nau-ufes\/wp-json\/wp\/v2\/types\/post"}],"author":[{"embeddable":true,"href":"https:\/\/blog.ufes.br\/nau-ufes\/wp-json\/wp\/v2\/users\/454"}],"replies":[{"embeddable":true,"href":"https:\/\/blog.ufes.br\/nau-ufes\/wp-json\/wp\/v2\/comments?post=575"}],"version-history":[{"count":1,"href":"https:\/\/blog.ufes.br\/nau-ufes\/wp-json\/wp\/v2\/posts\/575\/revisions"}],"predecessor-version":[{"id":576,"href":"https:\/\/blog.ufes.br\/nau-ufes\/wp-json\/wp\/v2\/posts\/575\/revisions\/576"}],"wp:attachment":[{"href":"https:\/\/blog.ufes.br\/nau-ufes\/wp-json\/wp\/v2\/media?parent=575"}],"wp:term":[{"taxonomy":"category","embeddable":true,"href":"https:\/\/blog.ufes.br\/nau-ufes\/wp-json\/wp\/v2\/categories?post=575"},{"taxonomy":"post_tag","embeddable":true,"href":"https:\/\/blog.ufes.br\/nau-ufes\/wp-json\/wp\/v2\/tags?post=575"}],"curies":[{"name":"wp","href":"https:\/\/api.w.org\/{rel}","templated":true}]}}