{"id":598,"date":"2023-07-06T17:34:27","date_gmt":"2023-07-06T20:34:27","guid":{"rendered":"https:\/\/blog.ufes.br\/nau-ufes\/?p=598"},"modified":"2023-07-06T17:34:28","modified_gmt":"2023-07-06T20:34:28","slug":"projetos-extensao-lutero","status":"publish","type":"post","link":"https:\/\/blog.ufes.br\/nau-ufes\/2023\/07\/06\/projetos-extensao-lutero\/","title":{"rendered":"Projetos Extens\u00e3o &#8211;  Lutero"},"content":{"rendered":"\n<p style=\"font-size:30px\"><strong>Projetos de Extens\u00e3o &#8211; 2020<\/strong><\/p>\n\n\n\n<p><strong>T\u00edtulo:<\/strong> ArqExtens\u00e3o: Exposi\u00e7\u00e3o dos projetos de extens\u00e3o da Arquitetura e Urbanismo<\/p>\n\n\n\n<p><strong>Ano:<\/strong> 2020<\/p>\n\n\n\n<p><strong>Resumo:<\/strong> ArqExtens\u00e3o \u00e9 um evento online que consiste em uma apresenta\u00e7\u00e3o interativa dos dois projetos de extens\u00e3o do curso de Arquitetura e Urbanismo, Archipolis J\u00fanior e C\u00e9lula EMAU, como tamb\u00e9m uma exposi\u00e7\u00e3o de ideias com arquitetos e urbanistas que atuam nas \u00e1reas que englobam a forma de atua\u00e7\u00e3o de ambos projetos, cuja discuss\u00e3o ser\u00e1 feita em torno da rela\u00e7\u00e3o com o usu\u00e1rio e o projeto realizado. O evento tem como intuito informar o corpo discente tanto da arquitetura e urbanismo da UFES, como de outros cursos ou faculdades, sobre a import\u00e2ncia de projetos de extens\u00e3o e como viabilizam uma experi\u00eancia concreta antes da vida profissional ser iniciada.<\/p>\n\n\n\n<p><strong>Situa\u00e7\u00e3o: <\/strong>Conclu\u00eddo<\/p>\n\n\n\n<p><strong>Natureza: <\/strong>Extens\u00e3o<\/p>\n\n\n\n<p><strong>Integrantes: <\/strong>Lutero Pr\u00f6scholdt Almeida (Coordenador)<\/p>\n\n\n\n<p><\/p>\n\n\n\n<hr class=\"wp-block-separator has-alpha-channel-opacity\" \/>\n\n\n\n<p><strong>T\u00edtulo:<\/strong> Col\u00f3quio ATHIS &#8211; Assessoria T\u00e9cnica em Habita\u00e7\u00e3o de Interesse Social &#8211; na extens\u00e3o universit\u00e1ria do Brasil urbano<\/p>\n\n\n\n<p><strong>Ano:<\/strong> 2020<\/p>\n\n\n\n<p><strong>Resumo:<\/strong> O &#8220;Col\u00f3quio ATHIS na extens\u00e3o universit\u00e1ria do Brasil urbano&#8221; organizado pela Universidade Federal do Esp\u00edrito Santo (UFES) e pelo Instituto de Arquitetos do Brasil- Departamento do Esp\u00edrito Santo (IAB-ES), visa ampliar o debate acerca do incremento da forma\u00e7\u00e3o extensionista em ATHIS, regulamentada na forma de Lei de Assist\u00eancia T\u00e9cnica (Lei Federal n\u00ba 11.888\/2008), com objetivo de entender especificidades, metodologias e desafios do espa\u00e7o de atua\u00e7\u00e3o em ATHIS na extens\u00e3o universit\u00e1ria. Tendo em vista a pr\u00e1tica profissional dos arquitetos urbanistas quando organizados em ATHIS, em atua\u00e7\u00e3o integrada aos profissionais da \u00e1rea de engenharia, direito, servi\u00e7o social, geografia, ci\u00eancias sociais, ecologia e demais \u00e1reas afins, visa-se com este col\u00f3quio solidificar o debate acerca da fun\u00e7\u00e3o social desses profissionais, mediante mobiliza\u00e7\u00e3o e formula\u00e7\u00e3o de a\u00e7\u00f5es coletivas alinhadas aos movimentos sociais organizados na constru\u00e7\u00e3o de processos participativos e pol\u00edticas urbanas.<\/p>\n\n\n\n<p><strong>Situa\u00e7\u00e3o: <\/strong>Conclu\u00eddo<\/p>\n\n\n\n<p><strong>Natureza: <\/strong>Extens\u00e3o<\/p>\n\n\n\n<p><strong>Integrantes: <\/strong>Martha Machado Campos (Coordenador), Lutero Pr\u00f6scholdt Almeida, Clara Luiza Miranda, Liziane de Oliveira Jorge<\/p>\n\n\n\n<p><\/p>\n\n\n\n<hr class=\"wp-block-separator has-alpha-channel-opacity\" \/>\n\n\n\n<p><strong>T\u00edtulo:<\/strong> Curso de Aquarela para Representa\u00e7\u00e3o da Arquitetura e Urbanismo<\/p>\n\n\n\n<p><strong>Ano:<\/strong> 2020 &#8211; Atual<\/p>\n\n\n\n<p><strong>Resumo:<\/strong> Neste curso aprenderemos a usar a aquarela para representar os projetos e paisagens arquitet\u00f4nicas, se atentando a detalhes trabalhados por grandes ilustradores brasileiros. Englobando tr\u00eas cap\u00edtulos trabalhando primeiramente a Luz e depois a Cor, e mais: sombras, texturas, realces, tipo de vegeta\u00e7\u00e3o, background e outros.<\/p>\n\n\n\n<p><strong>Situa\u00e7\u00e3o: <\/strong>Em andamento<\/p>\n\n\n\n<p><strong>Natureza: <\/strong>Extens\u00e3o<strong>Integrantes: <\/strong>Lutero Pr\u00f6scholdt Almeida (Coordenador)<\/p>\n\n\n\n<p><\/p>\n\n\n\n<hr class=\"wp-block-separator has-alpha-channel-opacity\" \/>\n\n\n\n<p><strong>T\u00edtulo:<\/strong> Monitoramento de remo\u00e7\u00f5es no Esp\u00edrito Santo<\/p>\n\n\n\n<p><strong>Ano:<\/strong> 2020 &#8211; Atual<\/p>\n\n\n\n<p><strong>Resumo:<\/strong> O objetivo deste projeto \u00e9 o estabelecimento de m\u00fatua coopera\u00e7\u00e3o entre os part\u00edcipes para realizar o levantamento, sistematiza\u00e7\u00e3o e divulga\u00e7\u00e3o de dados referentes a casos de amea\u00e7a de remo\u00e7\u00e3o no Estado do Esp\u00edrito Santo, bem como o mapeamento e monitoramento desses casos.<\/p>\n\n\n\n<p><strong>Situa\u00e7\u00e3o: <\/strong>Em andamento<\/p>\n\n\n\n<p><strong>Natureza: <\/strong>Extens\u00e3o<\/p>\n\n\n\n<p><strong>Integrantes: <\/strong>Lutero Pr\u00f6scholdt Almeida (Coordenador), Clara Luiza Miranda, Vinicius Lamego<\/p>\n\n\n\n<p><\/p>\n\n\n\n<hr class=\"wp-block-separator has-alpha-channel-opacity\" \/>\n\n\n\n<p style=\"font-size:30px\"><strong>Projeto de Extens\u00e3o &#8211; 2019<\/strong><\/p>\n\n\n\n<p><strong>T\u00edtulo:<\/strong> ATHIS na extens\u00e3o universit\u00e1ria<\/p>\n\n\n\n<p><strong>Ano:<\/strong> 2019 &#8211; Atual<\/p>\n\n\n\n<p><strong>Resumo:<\/strong> Regulamentada na forma de Lei de Assist\u00eancia T\u00e9cnica (Lei federal 11.888\/2008), a ATHIS &#8211; Assessoria T\u00e9cnica em Habita\u00e7\u00e3o de Interesse Social &#8211; visa ao atendimento da demanda por moradia digna para popula\u00e7\u00e3o de baixa renda, integra preceitos do direito social \u00e0 moradia preconizado pela Constitui\u00e7\u00e3o Federal de 1988. Este projeto est\u00e1 vinculado ao Programa de Extens\u00e3o C\u00e9lula EMAU ? Escrit\u00f3rio Modelo de Arquitetura e Urbanismo, em parceria com o NAU &#8211; N\u00facleo de Estudos em Arquitetura e Urbanismo, ambos do DAU\/CAR\/UFES. Pautado na pr\u00e1tica profissionalizante de estudantes, que seja voltada \u00e0s comunidades organizadas que n\u00e3o tenham acesso \u00e0 produ\u00e7\u00e3o formal e \u00e0 gest\u00e3o do espa\u00e7o arquitet\u00f4nico e urbano, o projeto em tela busca ainda articula\u00e7\u00e3o com o Projeto Brasil Cidades, por meio do n\u00facleo BrCidades-ES, ambos plataformas de discuss\u00e3o para mobiliza\u00e7\u00e3o e formula\u00e7\u00e3o de a\u00e7\u00f5es coletivas alinhadas na constru\u00e7\u00e3o de processos participativos e pol\u00edticas urbanas, entre elas, a de valoriza\u00e7\u00e3o da ATHIS.&nbsp;<\/p>\n\n\n\n<p><strong>Situa\u00e7\u00e3o: <\/strong>Em andamento<\/p>\n\n\n\n<p><strong>Natureza: <\/strong>Extens\u00e3o<\/p>\n\n\n\n<p><strong>Integrantes: <\/strong>Martha Machado Campos (Coordenador), Lutero Pr\u00f6scholdt Almeida, Clara Luiza Miranda.\u00a0<\/p>\n\n\n\n<p><\/p>\n\n\n\n<hr class=\"wp-block-separator has-alpha-channel-opacity\" \/>\n","protected":false},"excerpt":{"rendered":"<p>Projetos de Extens\u00e3o &#8211; 2020 T\u00edtulo: ArqExtens\u00e3o: Exposi\u00e7\u00e3o dos projetos de extens\u00e3o da Arquitetura e Urbanismo Ano: 2020 Resumo: ArqExtens\u00e3o \u00e9 um evento online que consiste em uma apresenta\u00e7\u00e3o interativa dos dois projetos de extens\u00e3o do curso de Arquitetura e Urbanismo, Archipolis J\u00fanior e C\u00e9lula EMAU, como tamb\u00e9m uma exposi\u00e7\u00e3o de ideias com arquitetos e [&hellip;]<\/p>\n","protected":false},"author":456,"featured_media":0,"comment_status":"open","ping_status":"open","sticky":false,"template":"","format":"standard","meta":{"_bbp_topic_count":0,"_bbp_reply_count":0,"_bbp_total_topic_count":0,"_bbp_total_reply_count":0,"_bbp_voice_count":0,"_bbp_anonymous_reply_count":0,"_bbp_topic_count_hidden":0,"_bbp_reply_count_hidden":0,"_bbp_forum_subforum_count":0,"_uag_custom_page_level_css":"","footnotes":""},"categories":[62],"tags":[],"class_list":["post-598","post","type-post","status-publish","format-standard","hentry","category-projetos-de-extensao-lutero"],"uagb_featured_image_src":{"full":false,"thumbnail":false,"medium":false,"medium_large":false,"large":false,"1536x1536":false,"2048x2048":false,"post-thumbnail":false},"uagb_author_info":{"display_name":"Pablo Carvalho dos Santos Cruz","author_link":"https:\/\/blog.ufes.br\/nau-ufes\/author\/pablo_carvalho-dos-santos-cruz\/"},"uagb_comment_info":0,"uagb_excerpt":"Projetos de Extens\u00e3o &#8211; 2020 T\u00edtulo: ArqExtens\u00e3o: Exposi\u00e7\u00e3o dos projetos de extens\u00e3o da Arquitetura e Urbanismo Ano: 2020 Resumo: ArqExtens\u00e3o \u00e9 um evento online que consiste em uma apresenta\u00e7\u00e3o interativa dos dois projetos de extens\u00e3o do curso de Arquitetura e Urbanismo, Archipolis J\u00fanior e C\u00e9lula EMAU, como tamb\u00e9m uma exposi\u00e7\u00e3o de ideias com arquitetos e&hellip;","_links":{"self":[{"href":"https:\/\/blog.ufes.br\/nau-ufes\/wp-json\/wp\/v2\/posts\/598","targetHints":{"allow":["GET"]}}],"collection":[{"href":"https:\/\/blog.ufes.br\/nau-ufes\/wp-json\/wp\/v2\/posts"}],"about":[{"href":"https:\/\/blog.ufes.br\/nau-ufes\/wp-json\/wp\/v2\/types\/post"}],"author":[{"embeddable":true,"href":"https:\/\/blog.ufes.br\/nau-ufes\/wp-json\/wp\/v2\/users\/456"}],"replies":[{"embeddable":true,"href":"https:\/\/blog.ufes.br\/nau-ufes\/wp-json\/wp\/v2\/comments?post=598"}],"version-history":[{"count":1,"href":"https:\/\/blog.ufes.br\/nau-ufes\/wp-json\/wp\/v2\/posts\/598\/revisions"}],"predecessor-version":[{"id":599,"href":"https:\/\/blog.ufes.br\/nau-ufes\/wp-json\/wp\/v2\/posts\/598\/revisions\/599"}],"wp:attachment":[{"href":"https:\/\/blog.ufes.br\/nau-ufes\/wp-json\/wp\/v2\/media?parent=598"}],"wp:term":[{"taxonomy":"category","embeddable":true,"href":"https:\/\/blog.ufes.br\/nau-ufes\/wp-json\/wp\/v2\/categories?post=598"},{"taxonomy":"post_tag","embeddable":true,"href":"https:\/\/blog.ufes.br\/nau-ufes\/wp-json\/wp\/v2\/tags?post=598"}],"curies":[{"name":"wp","href":"https:\/\/api.w.org\/{rel}","templated":true}]}}