{"id":641,"date":"2023-07-10T14:48:34","date_gmt":"2023-07-10T17:48:34","guid":{"rendered":"https:\/\/blog.ufes.br\/nau-ufes\/?p=641"},"modified":"2023-07-10T14:48:36","modified_gmt":"2023-07-10T17:48:36","slug":"organizacao-de-eventos-congressos-exposicoes-e-feiras-lutero","status":"publish","type":"post","link":"https:\/\/blog.ufes.br\/nau-ufes\/2023\/07\/10\/organizacao-de-eventos-congressos-exposicoes-e-feiras-lutero\/","title":{"rendered":"Organiza\u00e7\u00e3o de eventos, congressos, exposi\u00e7\u00f5es e feiras &#8211; Lutero"},"content":{"rendered":"\n<p style=\"font-size:30px\"><strong>Organiza\u00e7\u00e3o &#8211; 2020<\/strong><\/p>\n\n\n\n<p><strong>T\u00edtulo: <\/strong>ATHIS na extens\u00e3o universit\u00e1ria<\/p>\n\n\n\n<p><strong>Produ\u00e7\u00e3o: <\/strong>CAMPOS, M. M. ; MIRANDA C. L. ; ALMEIDA, L. P. ; JORGE, L.O<\/p>\n\n\n\n<p><strong>Ano: <\/strong>2020<\/p>\n\n\n\n<p><strong>Eixo:&nbsp; <\/strong>Congresso<\/p>\n\n\n\n<hr class=\"wp-block-separator has-alpha-channel-opacity\" \/>\n\n\n\n<p style=\"font-size:30px\"><strong>Organiza\u00e7\u00e3o &#8211; 2014<\/strong><\/p>\n\n\n\n<p><strong>T\u00edtulo: <\/strong>Professor convidado da Maratona de Projeto do Encontro Regional de Estudantes de Ita\u00fanas<\/p>\n\n\n\n<p><strong>Produ\u00e7\u00e3o: <\/strong>Lutero Pr\u00f6scholdt Almeida<\/p>\n\n\n\n<p><strong>Ano: <\/strong>2014<\/p>\n\n\n\n<p><strong>Eixo:&nbsp; <\/strong>Concurso<\/p>\n\n\n\n<hr class=\"wp-block-separator has-alpha-channel-opacity\" \/>\n\n\n\n<p><strong>T\u00edtulo: <\/strong>Corpocidade 4<\/p>\n\n\n\n<p><strong>Produ\u00e7\u00e3o: <\/strong>JACQUES, P. B. ; BRITTO, F. D. ; ALMEIDA, L. P.<\/p>\n\n\n\n<p><strong>Ano: <\/strong>2014<\/p>\n\n\n\n<p><strong>Eixo:&nbsp; <\/strong>Congresso<\/p>\n\n\n\n<hr class=\"wp-block-separator has-alpha-channel-opacity\" \/>\n\n\n\n<p style=\"font-size:30px\"><strong>Organiza\u00e7\u00e3o &#8211; 2009<\/strong><\/p>\n\n\n\n<p><strong>T\u00edtulo: <\/strong>&nbsp;Cartografias Urbanas Sensoriais<\/p>\n\n\n\n<p><strong>Produ\u00e7\u00e3o: <\/strong>JACQUES, P. B. ; SILVA, R. H. A. ; ALMEIDA, L. P.<\/p>\n\n\n\n<p><strong>Ano: <\/strong>2009<\/p>\n\n\n\n<p><strong>Eixo:&nbsp; <\/strong>Outro<\/p>\n\n\n\n<hr class=\"wp-block-separator has-alpha-channel-opacity\" \/>\n\n\n\n<p style=\"font-size:30px\"><strong>Organiza\u00e7\u00e3o &#8211; 2007<\/strong><\/p>\n\n\n\n<p><strong>T\u00edtulo: <\/strong>&nbsp;Profissional monitor de maratona de projetos de arquitetura<\/p>\n\n\n\n<p><strong>Produ\u00e7\u00e3o: <\/strong>Lutero Pr\u00f6scholdt Almeida<\/p>\n\n\n\n<p><strong>Ano: <\/strong>2007<\/p>\n\n\n\n<p><strong>Eixo:\u00a0 <\/strong>Outro<\/p>\n","protected":false},"excerpt":{"rendered":"<p>Organiza\u00e7\u00e3o &#8211; 2020 T\u00edtulo: ATHIS na extens\u00e3o universit\u00e1ria Produ\u00e7\u00e3o: CAMPOS, M. M. ; MIRANDA C. L. ; ALMEIDA, L. P. ; JORGE, L.O Ano: 2020 Eixo:&nbsp; Congresso Organiza\u00e7\u00e3o &#8211; 2014 T\u00edtulo: Professor convidado da Maratona de Projeto do Encontro Regional de Estudantes de Ita\u00fanas Produ\u00e7\u00e3o: Lutero Pr\u00f6scholdt Almeida Ano: 2014 Eixo:&nbsp; Concurso T\u00edtulo: Corpocidade 4 [&hellip;]<\/p>\n","protected":false},"author":456,"featured_media":0,"comment_status":"open","ping_status":"open","sticky":false,"template":"","format":"standard","meta":{"_bbp_topic_count":0,"_bbp_reply_count":0,"_bbp_total_topic_count":0,"_bbp_total_reply_count":0,"_bbp_voice_count":0,"_bbp_anonymous_reply_count":0,"_bbp_topic_count_hidden":0,"_bbp_reply_count_hidden":0,"_bbp_forum_subforum_count":0,"_uag_custom_page_level_css":"","footnotes":""},"categories":[74],"tags":[],"class_list":["post-641","post","type-post","status-publish","format-standard","hentry","category-organizacao-de-eventos-lutero"],"uagb_featured_image_src":{"full":false,"thumbnail":false,"medium":false,"medium_large":false,"large":false,"1536x1536":false,"2048x2048":false,"post-thumbnail":false},"uagb_author_info":{"display_name":"Pablo Carvalho dos Santos Cruz","author_link":"https:\/\/blog.ufes.br\/nau-ufes\/author\/pablo_carvalho-dos-santos-cruz\/"},"uagb_comment_info":0,"uagb_excerpt":"Organiza\u00e7\u00e3o &#8211; 2020 T\u00edtulo: ATHIS na extens\u00e3o universit\u00e1ria Produ\u00e7\u00e3o: CAMPOS, M. M. ; MIRANDA C. L. ; ALMEIDA, L. P. ; JORGE, L.O Ano: 2020 Eixo:&nbsp; Congresso Organiza\u00e7\u00e3o &#8211; 2014 T\u00edtulo: Professor convidado da Maratona de Projeto do Encontro Regional de Estudantes de Ita\u00fanas Produ\u00e7\u00e3o: Lutero Pr\u00f6scholdt Almeida Ano: 2014 Eixo:&nbsp; Concurso T\u00edtulo: Corpocidade 4&hellip;","_links":{"self":[{"href":"https:\/\/blog.ufes.br\/nau-ufes\/wp-json\/wp\/v2\/posts\/641","targetHints":{"allow":["GET"]}}],"collection":[{"href":"https:\/\/blog.ufes.br\/nau-ufes\/wp-json\/wp\/v2\/posts"}],"about":[{"href":"https:\/\/blog.ufes.br\/nau-ufes\/wp-json\/wp\/v2\/types\/post"}],"author":[{"embeddable":true,"href":"https:\/\/blog.ufes.br\/nau-ufes\/wp-json\/wp\/v2\/users\/456"}],"replies":[{"embeddable":true,"href":"https:\/\/blog.ufes.br\/nau-ufes\/wp-json\/wp\/v2\/comments?post=641"}],"version-history":[{"count":1,"href":"https:\/\/blog.ufes.br\/nau-ufes\/wp-json\/wp\/v2\/posts\/641\/revisions"}],"predecessor-version":[{"id":642,"href":"https:\/\/blog.ufes.br\/nau-ufes\/wp-json\/wp\/v2\/posts\/641\/revisions\/642"}],"wp:attachment":[{"href":"https:\/\/blog.ufes.br\/nau-ufes\/wp-json\/wp\/v2\/media?parent=641"}],"wp:term":[{"taxonomy":"category","embeddable":true,"href":"https:\/\/blog.ufes.br\/nau-ufes\/wp-json\/wp\/v2\/categories?post=641"},{"taxonomy":"post_tag","embeddable":true,"href":"https:\/\/blog.ufes.br\/nau-ufes\/wp-json\/wp\/v2\/tags?post=641"}],"curies":[{"name":"wp","href":"https:\/\/api.w.org\/{rel}","templated":true}]}}