{"id":651,"date":"2023-07-11T13:54:41","date_gmt":"2023-07-11T16:54:41","guid":{"rendered":"https:\/\/blog.ufes.br\/nau-ufes\/?p=651"},"modified":"2023-07-11T13:55:08","modified_gmt":"2023-07-11T16:55:08","slug":"producoes-artisticas-culturais-eneida","status":"publish","type":"post","link":"https:\/\/blog.ufes.br\/nau-ufes\/2023\/07\/11\/producoes-artisticas-culturais-eneida\/","title":{"rendered":"Produ\u00e7\u00f5es art\u00edsticas\/culturais &#8211; Eneida"},"content":{"rendered":"\n<div class=\"wp-block-columns is-layout-flex wp-container-core-columns-is-layout-9d6595d7 wp-block-columns-is-layout-flex\">\n<div class=\"wp-block-column is-layout-flow wp-block-column-is-layout-flow\">\n<p><strong>Ano: <\/strong>2018&nbsp;<\/p>\n\n\n\n<p><strong>T\u00edtulo:<\/strong> IV Sarau<\/p>\n\n\n\n<p><strong>Dire\u00e7\u00e3o Geral: <\/strong>Programa de P\u00f3s-Gradua\u00e7\u00e3o em Administra\u00e7\u00e3o Universit\u00e1ria<strong> (<\/strong>PPGAU)<\/p>\n\n\n\n<p><strong>Produ\u00e7\u00e3o: <\/strong>Eneida Maria Souza Mendon\u00e7a; Linda Emiko Kogure<\/p>\n\n\n\n<p><strong>Eixo: <\/strong>Sarau<\/p>\n<\/div>\n\n\n\n<div class=\"wp-block-column is-layout-flow wp-block-column-is-layout-flow\">\n<p><strong>Ano: <\/strong>2018&nbsp;<\/p>\n\n\n\n<p><strong>T\u00edtulo:<\/strong> V Sarau<\/p>\n\n\n\n<p><strong>Produ\u00e7\u00e3o: <\/strong>Eneida Maria Souza Mendon\u00e7a; Linda Emiko Kogure<\/p>\n\n\n\n<p><strong>Ano: <\/strong>2018&nbsp;<\/p>\n\n\n\n<p><strong>Eixo: <\/strong>Sarau<\/p>\n<\/div>\n\n\n\n<div class=\"wp-block-column is-layout-flow wp-block-column-is-layout-flow\">\n<p><strong>Ano: <\/strong>2017<\/p>\n\n\n\n<p><strong>T\u00edtulo:<\/strong> III Sarau<\/p>\n\n\n\n<p><strong>Dire\u00e7\u00e3o Geral: <\/strong>Programa de P\u00f3s-Gradua\u00e7\u00e3o em Administra\u00e7\u00e3o Universit\u00e1ria<strong> (<\/strong>PPGAU)<\/p>\n\n\n\n<p><strong>Produ\u00e7\u00e3o: <\/strong>Eneida Maria Souza Mendon\u00e7a; Linda Emiko Kogure<\/p>\n\n\n\n<p>&nbsp;<strong>Eixo: <\/strong>Sarau<\/p>\n<\/div>\n<\/div>\n\n\n\n<hr class=\"wp-block-separator has-alpha-channel-opacity\" \/>\n\n\n\n<div class=\"wp-block-columns is-layout-flex wp-container-core-columns-is-layout-9d6595d7 wp-block-columns-is-layout-flex\">\n<div class=\"wp-block-column is-layout-flow wp-block-column-is-layout-flow\">\n<p><strong>Ano: <\/strong>2016&nbsp;<\/p>\n\n\n\n<p><strong>T\u00edtulo:<\/strong> I Sarau<\/p>\n\n\n\n<p><strong>Dire\u00e7\u00e3o Geral: <\/strong>Programa de P\u00f3s-Gradua\u00e7\u00e3o em Administra\u00e7\u00e3o Universit\u00e1ria<strong> (<\/strong>PPGAU)<\/p>\n\n\n\n<p><strong>Produ\u00e7\u00e3o: <\/strong>Eneida Maria Souza Mendon\u00e7a; Giovani Bonadiman Goltara; Larissa Barcellos Campos; Tainah Virginia Cypriano Penna<\/p>\n\n\n\n<p><strong>Eixo: <\/strong>Sarau<\/p>\n<\/div>\n\n\n\n<div class=\"wp-block-column is-layout-flow wp-block-column-is-layout-flow\">\n<p><strong>Ano: <\/strong>2016&nbsp;<\/p>\n\n\n\n<p><strong>T\u00edtulo:<\/strong> II Sarau<\/p>\n\n\n\n<p><strong>Dire\u00e7\u00e3o Geral: <\/strong>Programa de P\u00f3s-Gradua\u00e7\u00e3o em Administra\u00e7\u00e3o Universit\u00e1ria<strong> (<\/strong>PPGAU)<\/p>\n\n\n\n<p><strong>Produ\u00e7\u00e3o: <\/strong>Eneida Maria Souza Mendon\u00e7a; Tainah Virginia Cypriano Penna<\/p>\n\n\n\n<p><strong>Eixo: <\/strong>Sarau<\/p>\n<\/div>\n\n\n\n<div class=\"wp-block-column is-layout-flow wp-block-column-is-layout-flow\">\n<p><strong>Ano: <\/strong>1996&nbsp;<\/p>\n\n\n\n<p><strong>T\u00edtulo:<\/strong> Exposi\u00e7\u00e3o comemorativa pelos cem anos do projeto de um Novo Arrabalde para Vit\u00f3ria de autoria do engenheiro Saturnino de Brito.<\/p>\n\n\n\n<p><strong>Produ\u00e7\u00e3o: <\/strong>Eneida Maria Souza Mendon\u00e7a; Jose Francisco Bernardino Freitas; Maria Machado Malta Campos; Rosimar Heleno de Almeida; Marina de Moraes e Prado Morabi<\/p>\n\n\n\n<p><strong>Eixo: <\/strong>Exposi\u00e7\u00e3o<\/p>\n<\/div>\n<\/div>\n","protected":false},"excerpt":{"rendered":"<p>Ano: 2018&nbsp; T\u00edtulo: IV Sarau Dire\u00e7\u00e3o Geral: Programa de P\u00f3s-Gradua\u00e7\u00e3o em Administra\u00e7\u00e3o Universit\u00e1ria (PPGAU) Produ\u00e7\u00e3o: Eneida Maria Souza Mendon\u00e7a; Linda Emiko Kogure Eixo: Sarau Ano: 2018&nbsp; T\u00edtulo: V Sarau Produ\u00e7\u00e3o: Eneida Maria Souza Mendon\u00e7a; Linda Emiko Kogure Ano: 2018&nbsp; Eixo: Sarau Ano: 2017 T\u00edtulo: III Sarau Dire\u00e7\u00e3o Geral: Programa de P\u00f3s-Gradua\u00e7\u00e3o em Administra\u00e7\u00e3o Universit\u00e1ria (PPGAU) [&hellip;]<\/p>\n","protected":false},"author":454,"featured_media":0,"comment_status":"open","ping_status":"open","sticky":false,"template":"","format":"standard","meta":{"_bbp_topic_count":0,"_bbp_reply_count":0,"_bbp_total_topic_count":0,"_bbp_total_reply_count":0,"_bbp_voice_count":0,"_bbp_anonymous_reply_count":0,"_bbp_topic_count_hidden":0,"_bbp_reply_count_hidden":0,"_bbp_forum_subforum_count":0,"_uag_custom_page_level_css":"","footnotes":""},"categories":[75],"tags":[],"class_list":["post-651","post","type-post","status-publish","format-standard","hentry","category-producoes-artisticas-culturais-eneida"],"uagb_featured_image_src":{"full":false,"thumbnail":false,"medium":false,"medium_large":false,"large":false,"1536x1536":false,"2048x2048":false,"post-thumbnail":false},"uagb_author_info":{"display_name":"Nathan dos Santos Silva","author_link":"https:\/\/blog.ufes.br\/nau-ufes\/author\/nathan_dos-santos-silva\/"},"uagb_comment_info":0,"uagb_excerpt":"Ano: 2018&nbsp; T\u00edtulo: IV Sarau Dire\u00e7\u00e3o Geral: Programa de P\u00f3s-Gradua\u00e7\u00e3o em Administra\u00e7\u00e3o Universit\u00e1ria (PPGAU) Produ\u00e7\u00e3o: Eneida Maria Souza Mendon\u00e7a; Linda Emiko Kogure Eixo: Sarau Ano: 2018&nbsp; T\u00edtulo: V Sarau Produ\u00e7\u00e3o: Eneida Maria Souza Mendon\u00e7a; Linda Emiko Kogure Ano: 2018&nbsp; Eixo: Sarau Ano: 2017 T\u00edtulo: III Sarau Dire\u00e7\u00e3o Geral: Programa de P\u00f3s-Gradua\u00e7\u00e3o em Administra\u00e7\u00e3o Universit\u00e1ria (PPGAU)&hellip;","_links":{"self":[{"href":"https:\/\/blog.ufes.br\/nau-ufes\/wp-json\/wp\/v2\/posts\/651","targetHints":{"allow":["GET"]}}],"collection":[{"href":"https:\/\/blog.ufes.br\/nau-ufes\/wp-json\/wp\/v2\/posts"}],"about":[{"href":"https:\/\/blog.ufes.br\/nau-ufes\/wp-json\/wp\/v2\/types\/post"}],"author":[{"embeddable":true,"href":"https:\/\/blog.ufes.br\/nau-ufes\/wp-json\/wp\/v2\/users\/454"}],"replies":[{"embeddable":true,"href":"https:\/\/blog.ufes.br\/nau-ufes\/wp-json\/wp\/v2\/comments?post=651"}],"version-history":[{"count":2,"href":"https:\/\/blog.ufes.br\/nau-ufes\/wp-json\/wp\/v2\/posts\/651\/revisions"}],"predecessor-version":[{"id":653,"href":"https:\/\/blog.ufes.br\/nau-ufes\/wp-json\/wp\/v2\/posts\/651\/revisions\/653"}],"wp:attachment":[{"href":"https:\/\/blog.ufes.br\/nau-ufes\/wp-json\/wp\/v2\/media?parent=651"}],"wp:term":[{"taxonomy":"category","embeddable":true,"href":"https:\/\/blog.ufes.br\/nau-ufes\/wp-json\/wp\/v2\/categories?post=651"},{"taxonomy":"post_tag","embeddable":true,"href":"https:\/\/blog.ufes.br\/nau-ufes\/wp-json\/wp\/v2\/tags?post=651"}],"curies":[{"name":"wp","href":"https:\/\/api.w.org\/{rel}","templated":true}]}}