{"id":730,"date":"2023-07-12T09:23:42","date_gmt":"2023-07-12T12:23:42","guid":{"rendered":"https:\/\/blog.ufes.br\/nau-ufes\/?p=730"},"modified":"2023-07-13T16:42:45","modified_gmt":"2023-07-13T19:42:45","slug":"projetos-de-extensao","status":"publish","type":"post","link":"https:\/\/blog.ufes.br\/nau-ufes\/2023\/07\/12\/projetos-de-extensao\/","title":{"rendered":"Projetos de Extens\u00e3o"},"content":{"rendered":"<p>Abaixo, voc\u00ea encontrar\u00e1 uma sele\u00e7\u00e3o de pesquisadores do NAU para explorar. Clique nos bot\u00f5es correspondentes para ser direcionado \u00e0s informa\u00e7\u00f5es detalhadas de cada um. Desfrute de uma jornada pelos <b>PROJETOS DE EXTENS\u00c3O\u00a0<\/b>dos\u00a0pesquisadores do\u00a0NAU e sinta-se \u00e0 vontade para entrar em contato com nossos pesquisadores se tiver d\u00favidas ou interesse em colaborar conosco.\u00a0O <b>NAU <\/b>se dedica a promover o conhecimento e a inova\u00e7\u00e3o no campo da arquitetura e urbanismo.<\/p>\n<p>\t\t\t<a href=\"https:\/\/blog.ufes.br\/nau-ufes\/category\/projeto-de-extensao-martha\/\" role=\"button\"><br \/>\n\t\t\t\t\t\tMartha Campos<br \/>\n\t\t\t\t\t<\/a><br \/>\n\t\t\t<a href=\"https:\/\/blog.ufes.br\/nau-ufes\/category\/projeto-de-extensao-eneida\/\" role=\"button\"><br \/>\n\t\t\t\t\t\tEneida Mendon\u00e7a<br \/>\n\t\t\t\t\t<\/a><br \/>\n\t\t\t<a href=\"https:\/\/blog.ufes.br\/nau-ufes\/category\/projetos-de-extensao-lutero\/\" role=\"button\"><br \/>\n\t\t\t\t\t\tLutero Pr\u00f6scholdt<br \/>\n\t\t\t\t\t<\/a><br \/>\n\t\t\t<a href=\"https:\/\/blog.ufes.br\/nau-ufes\/category\/projeto-de-extensao-clara\/\" role=\"button\"><br \/>\n\t\t\t\t\t\tClara Miranda<br \/>\n\t\t\t\t\t<\/a><br \/>\n\t\t\t<a href=\"https:\/\/blog.ufes.br\/nau-ufes\/category\/projetos-de-extensao-flavia\/\" role=\"button\"><br \/>\n\t\t\t\t\t\tFl\u00e1via Botechia<br \/>\n\t\t\t\t\t<\/a><\/p>\n<p>N\u00e3o esque\u00e7a de deixar seus coment\u00e1rios, sugest\u00f5es e dicas de melhoria para n\u00f3s! Valorizamos sua opini\u00e3o e estamos sempre abertos a aprimorar nosso conte\u00fado. Al\u00e9m disso, convidamos voc\u00ea a visitar nosso Instagram e nos seguir para ficar por dentro de todas as novidades. Basta clicar no \u00edcone abaixo ou pesquisar por <strong>@labnau.ufes.<\/strong> Sua participa\u00e7\u00e3o \u00e9 fundamental para n\u00f3s.<\/p>\n<p>\t\t\t\t\t<a href=\"https:\/\/www.instagram.com\/labnau.ufes\/\" target=\"_blank\" rel=\"noopener\"><br \/>\n\t\t\t\t\t\tInstagram<br \/>\n\t\t\t\t\t\t\t\t\t\t\t<\/a><\/p>\n","protected":false},"excerpt":{"rendered":"<p>Abaixo, voc\u00ea encontrar\u00e1 uma sele\u00e7\u00e3o de pesquisadores do NAU para explorar. Clique nos bot\u00f5es correspondentes para ser direcionado \u00e0s informa\u00e7\u00f5es detalhadas de cada um. Desfrute de uma jornada pelos PROJETOS DE EXTENS\u00c3O\u00a0dos\u00a0pesquisadores do\u00a0NAU e sinta-se \u00e0 vontade para entrar em contato com nossos pesquisadores se tiver d\u00favidas ou interesse em colaborar conosco.\u00a0O NAU se dedica [&hellip;]<\/p>\n","protected":false},"author":454,"featured_media":0,"comment_status":"open","ping_status":"open","sticky":false,"template":"","format":"standard","meta":{"_bbp_topic_count":0,"_bbp_reply_count":0,"_bbp_total_topic_count":0,"_bbp_total_reply_count":0,"_bbp_voice_count":0,"_bbp_anonymous_reply_count":0,"_bbp_topic_count_hidden":0,"_bbp_reply_count_hidden":0,"_bbp_forum_subforum_count":0,"_uag_custom_page_level_css":"","footnotes":""},"categories":[18],"tags":[],"class_list":["post-730","post","type-post","status-publish","format-standard","hentry","category-projeto"],"uagb_featured_image_src":{"full":false,"thumbnail":false,"medium":false,"medium_large":false,"large":false,"1536x1536":false,"2048x2048":false,"post-thumbnail":false},"uagb_author_info":{"display_name":"Nathan dos Santos Silva","author_link":"https:\/\/blog.ufes.br\/nau-ufes\/author\/nathan_dos-santos-silva\/"},"uagb_comment_info":1,"uagb_excerpt":"Abaixo, voc\u00ea encontrar\u00e1 uma sele\u00e7\u00e3o de pesquisadores do NAU para explorar. Clique nos bot\u00f5es correspondentes para ser direcionado \u00e0s informa\u00e7\u00f5es detalhadas de cada um. Desfrute de uma jornada pelos PROJETOS DE EXTENS\u00c3O\u00a0dos\u00a0pesquisadores do\u00a0NAU e sinta-se \u00e0 vontade para entrar em contato com nossos pesquisadores se tiver d\u00favidas ou interesse em colaborar conosco.\u00a0O NAU se dedica&hellip;","_links":{"self":[{"href":"https:\/\/blog.ufes.br\/nau-ufes\/wp-json\/wp\/v2\/posts\/730","targetHints":{"allow":["GET"]}}],"collection":[{"href":"https:\/\/blog.ufes.br\/nau-ufes\/wp-json\/wp\/v2\/posts"}],"about":[{"href":"https:\/\/blog.ufes.br\/nau-ufes\/wp-json\/wp\/v2\/types\/post"}],"author":[{"embeddable":true,"href":"https:\/\/blog.ufes.br\/nau-ufes\/wp-json\/wp\/v2\/users\/454"}],"replies":[{"embeddable":true,"href":"https:\/\/blog.ufes.br\/nau-ufes\/wp-json\/wp\/v2\/comments?post=730"}],"version-history":[{"count":7,"href":"https:\/\/blog.ufes.br\/nau-ufes\/wp-json\/wp\/v2\/posts\/730\/revisions"}],"predecessor-version":[{"id":775,"href":"https:\/\/blog.ufes.br\/nau-ufes\/wp-json\/wp\/v2\/posts\/730\/revisions\/775"}],"wp:attachment":[{"href":"https:\/\/blog.ufes.br\/nau-ufes\/wp-json\/wp\/v2\/media?parent=730"}],"wp:term":[{"taxonomy":"category","embeddable":true,"href":"https:\/\/blog.ufes.br\/nau-ufes\/wp-json\/wp\/v2\/categories?post=730"},{"taxonomy":"post_tag","embeddable":true,"href":"https:\/\/blog.ufes.br\/nau-ufes\/wp-json\/wp\/v2\/tags?post=730"}],"curies":[{"name":"wp","href":"https:\/\/api.w.org\/{rel}","templated":true}]}}