{"id":277,"name":"juliana.justino","url":"http:\/\/NGACB%20-%20N\u00facleo%20de%20Gen\u00e9tica%20Aplicada%20\u00e0%20Conserva\u00e7\u00e3o%20da%20Biodiversidade","description":"","link":"https:\/\/blog.ufes.br\/ngacb\/?author=277","slug":"juliana_de-freitas-justino","avatar_urls":{"24":"https:\/\/secure.gravatar.com\/avatar\/ab06a748acfa2da2b4697bbe5f13ccd112a3dd2b2b11966ed1779c449d7afdd1?s=24&d=mm&r=g","48":"https:\/\/secure.gravatar.com\/avatar\/ab06a748acfa2da2b4697bbe5f13ccd112a3dd2b2b11966ed1779c449d7afdd1?s=48&d=mm&r=g","96":"https:\/\/secure.gravatar.com\/avatar\/ab06a748acfa2da2b4697bbe5f13ccd112a3dd2b2b11966ed1779c449d7afdd1?s=96&d=mm&r=g"},"meta":{"_bbp_topic_count":0,"_bbp_reply_count":0,"_bbp_last_posted":0},"_links":{"self":[{"href":"https:\/\/blog.ufes.br\/ngacb\/index.php?rest_route=\/wp\/v2\/users\/277","targetHints":{"allow":["GET"]}}],"collection":[{"href":"https:\/\/blog.ufes.br\/ngacb\/index.php?rest_route=\/wp\/v2\/users"}]}}