{"id":76,"date":"2015-04-22T22:08:18","date_gmt":"2015-04-22T22:08:18","guid":{"rendered":"http:\/\/blog.ufes.br\/paineleletrico\/?p=76"},"modified":"2015-04-22T22:08:18","modified_gmt":"2015-04-22T22:08:18","slug":"james-clerk-maxwell","status":"publish","type":"post","link":"https:\/\/blog.ufes.br\/paineleletrico\/2015\/04\/22\/james-clerk-maxwell\/","title":{"rendered":"James Clerk Maxwell"},"content":{"rendered":"<p style=\"text-align: justify\" align=\"center\">James Clerk Maxwell nasceu em 13 de junho de 1831 em Edimburgo, Esc\u00f3cia. Quando tinha apenas oito anos de idade sua m\u00e3e faleceu, Maxwell foi criado ent\u00e3o com ajuda de uma tia e aos 10 anos de idade ingressou na escola.<\/p>\n<div id=\"attachment_56\" style=\"width: 250px\" class=\"wp-caption alignright\"><a href=\"http:\/\/blog.ufes.br\/paineleletrico\/files\/2014\/11\/Maxwell1.jpg\"><img loading=\"lazy\" decoding=\"async\" aria-describedby=\"caption-attachment-56\" class=\"size-medium wp-image-56 \" src=\"http:\/\/blog.ufes.br\/paineleletrico\/files\/2014\/11\/Maxwell1-240x300.jpg\" alt=\"Maxwell1\" width=\"240\" height=\"300\" srcset=\"https:\/\/blog.ufes.br\/paineleletrico\/files\/2014\/11\/Maxwell1-240x300.jpg 240w, https:\/\/blog.ufes.br\/paineleletrico\/files\/2014\/11\/Maxwell1.jpg 481w\" sizes=\"auto, (max-width: 240px) 100vw, 240px\" \/><\/a><p id=\"caption-attachment-56\" class=\"wp-caption-text\">Maxwell aos 40 anos de idade<\/p><\/div>\n<p style=\"text-align: justify\">Aos 16 anos ingressou na universidade em Edimburgo, onde j\u00e1 mostrava ser um matem\u00e1tico brilhante. Nessa universidade, graduou-se em Filosofia Natural (como era nessa \u00e9poca denominada a\u00a0F\u00edsica), Filosofia Moral e Filosofia Mental. Ap\u00f3s isso, come\u00e7ou seus estudos matem\u00e1ticos na universidade de Cambridge, onde estudou com outro matem\u00e1tico: William Hopkins.Maxwell foi para escola em\u00a0Edimburgo, durante essa fase da sua vida despertou o interesse cient\u00edfico: gostava de m\u00e1quinas e os mecanismos que as formavam. Passou muito tempo de sua inf\u00e2ncia realizando experimentos rudimentares com seu pai, que partilhava o interesse.<\/p>\n<p style=\"text-align: justify\">Maxwell tornou-se membro do <i>Trinity College<\/i> onde continuou trabalhando at\u00e9 1856. Nesse ano, foi trabalhar como Professor de Filosofia Natural no <i>Marischal College<\/i> em Aberdeen, no norte da Esc\u00f3cia. Foi no <i>Trinity College <\/i>que Maxwell come\u00e7ou suas pesquisas sobre eletricidade e magnetismo.<\/p>\n<p style=\"text-align: justify\">Em fevereiro de 1858, Maxwell tornou-se noivo de Katherine Mary Dewar e casou-se com ela em junho de 1859.<\/p>\n<p style=\"text-align: justify\">Em 1860 foi nomeado professor no\u00a0<i>King&#8217;s College<\/i>\u00a0de\u00a0Londres\u00a0e em 1861 foi eleito membro da\u00a0<i>Royal Society<\/i>. Durante este per\u00edodo investigou temas em elasticidade\u00a0e em geometria pura, mas tamb\u00e9m prosseguiu os seus estudos em vis\u00e3o e \u00f3ptica, tendo, por exemplo, demonstrado que se pode produzir uma fotografia a cores utilizando filtros vermelho, verde e azul e sobrepondo as tr\u00eas imagens assim obtidas.<\/p>\n<p style=\"text-align: justify\">Em 1871, foi trabalhar como diretor do Laborat\u00f3rio Cavendish em Cambridge. Ele ajudou a projetar e desenvolver este importante laborat\u00f3rio, pelo qual, posteriormente passariam importantes f\u00edsicos como J. J. Thomson (1856 &#8211; 1940) e Ernest Rutherford (1871-1937).<\/p>\n<p style=\"text-align: justify\">\u00a0Ap\u00f3s deixar o <i>King&#8217;s College<\/i> de Londres, Maxwell retornou \u00e0 regi\u00e3o em que passou sua inf\u00e2ncia, dedicando-se a escrever seu famoso livro sobre eletromagnetismo, o Tratado sobre Eletricidade e Magnetismo, publicado em 1873.<\/p>\n<p style=\"text-align: justify\">Poucos anos depois, em 1879, Maxwell j\u00e1 apresentava s\u00e9rios problemas de sa\u00fade por causa de um c\u00e2ncer no est\u00f4mago. Quando voltou para Cambridge ap\u00f3s o ver\u00e3o, mal conseguia caminhar, veio a falecer logo em seguida (5 de novembro de 1879).<\/p>\n<p style=\"text-align: center\"><strong>INVEN\u00c7\u00d5ES<\/strong><\/p>\n<p style=\"text-align: justify\">Considerado um dos te\u00f3ricos mais brilhantes do s\u00e9culo XX, mais conhecido pelo seu trabalho de Magnetismo e Eletricidade. Tal trabalho culminou no que \u00e9 hoje uma das maiores obras cient\u00edficas j\u00e1 publicadas: \u201cTratado sobre Eletricidade e Magnetismo\u201d. Dessa teoria que surgem as atuais equa\u00e7\u00f5es de Maxwell, que s\u00e3o assim chamadas em sua honra por ter sido o primeiro a escrev\u00ea-las juntando a\u00a0lei de Amp\u00e8re, modificada por Maxwell, a\u00a0lei de Gauss, e a\u00a0lei da indu\u00e7\u00e3o de Faraday.<\/p>\n<ul>\n<li><b>Vis\u00e3o colorida \u2013 Daltonismo<\/b><\/li>\n<\/ul>\n<div id=\"attachment_61\" style=\"width: 210px\" class=\"wp-caption alignright\"><a href=\"http:\/\/blog.ufes.br\/paineleletrico\/files\/2014\/11\/Maxwell2.jpg\"><img loading=\"lazy\" decoding=\"async\" aria-describedby=\"caption-attachment-61\" class=\"size-full wp-image-61 \" src=\"http:\/\/blog.ufes.br\/paineleletrico\/files\/2014\/11\/Maxwell2.jpg\" alt=\"Maxwell2\" width=\"200\" height=\"272\" \/><\/a><p id=\"caption-attachment-61\" class=\"wp-caption-text\">Fotografia colorida 1861<\/p><\/div>\n<p style=\"text-align: justify\">Maxwell demonstrou que qualquer cor pode ser produzida pelas cores prim\u00e1rias, apresentando uma explica\u00e7\u00e3o para a incapacidade de algumas pessoas perceberem determinadas cores. Por\u00e9m, foi na Sociedade Real de Londres, pelo qual recebeu a Medalha Rumford em 1860. Neste trabalho mostrou que a cegueira para cores, presente em certas pessoas, era devida ao fato de elas n\u00e3o serem capazes de reconhecer a cor vermelha.<\/p>\n<p>&nbsp;<\/p>\n<p>&nbsp;<\/p>\n<p>&nbsp;<\/p>\n<ul>\n<li><b style=\"color: #000000;font-style: normal\">Equa\u00e7\u00f5es de Maxwell \u2013 Teoria da eletricidade e eletromagnetismo<\/b><\/li>\n<\/ul>\n<p style=\"text-align: justify\">As\u00a0equa\u00e7\u00f5es de Maxwell\u00a0s\u00e3o um grupo de\u00a0equa\u00e7\u00f5es diferenciais parciais\u00a0que, juntamente com a lei da\u00a0for\u00e7a de Lorentz, comp\u00f5e a base do\u00a0eletromagnetismo cl\u00e1ssico\u00a0no qual est\u00e1 embebido toda a\u00a0\u00f3ptica\u00a0cl\u00e1ssica. O desenvolvimento das equa\u00e7\u00f5es de Maxwell, e o entendimento do\u00a0eletromagnetismo, contribu\u00edram significativamente para toda uma\u00a0revolu\u00e7\u00e3o tecnol\u00f3gica\u00a0iniciada no final do s\u00e9culo XIX e continuada durante as d\u00e9cadas seguintes.<\/p>\n<div id=\"attachment_70\" style=\"width: 310px\" class=\"wp-caption aligncenter\"><a href=\"http:\/\/blog.ufes.br\/paineleletrico\/files\/2014\/11\/Maxwell31.jpg\"><img loading=\"lazy\" decoding=\"async\" aria-describedby=\"caption-attachment-70\" class=\"size-medium wp-image-70 \" src=\"http:\/\/blog.ufes.br\/paineleletrico\/files\/2014\/11\/Maxwell31-300x85.jpg\" alt=\"Equa\u00e7\u00f5es de Maxwell na forma diferencial\" width=\"300\" height=\"85\" srcset=\"https:\/\/blog.ufes.br\/paineleletrico\/files\/2014\/11\/Maxwell31-300x85.jpg 300w, https:\/\/blog.ufes.br\/paineleletrico\/files\/2014\/11\/Maxwell31-1024x293.jpg 1024w, https:\/\/blog.ufes.br\/paineleletrico\/files\/2014\/11\/Maxwell31-1000x288.jpg 1000w, https:\/\/blog.ufes.br\/paineleletrico\/files\/2014\/11\/Maxwell31-500x143.jpg 500w, https:\/\/blog.ufes.br\/paineleletrico\/files\/2014\/11\/Maxwell31.jpg 1040w\" sizes=\"auto, (max-width: 300px) 100vw, 300px\" \/><\/a><p id=\"caption-attachment-70\" class=\"wp-caption-text\">Equa\u00e7\u00f5es de Maxwell na forma diferencial<\/p><\/div>\n<p><strong>Fontes:<\/strong><\/p>\n<ul>\n<li><a style=\"font-style: normal\" href=\"http:\/\/pt.wikipedia.org\/wiki\/James_Clerk_Maxwell\">http:\/\/pt.wikipedia.org\/wiki\/James_Clerk_Maxwell<\/a><\/li>\n<li><a style=\"font-style: normal\" href=\"http:\/\/www.ghtc.usp.br\/Biografias\/Maxwell\/Maxwellbio.html\">http:\/\/www.ghtc.usp.br\/Biografias\/Maxwell\/Maxwellbio.html<\/a><\/li>\n<li><a style=\"font-style: normal\" href=\"http:\/\/www.clerkmaxwellfoundation.org\/\">http:\/\/www.clerkmaxwellfoundation.org\/<\/a><\/li>\n<\/ul>\n","protected":false},"excerpt":{"rendered":"<p>James Clerk Maxwell nasceu em 13 de junho de 1831 em Edimburgo, Esc\u00f3cia. Quando tinha apenas oito anos de idade sua m\u00e3e faleceu, Maxwell foi criado ent\u00e3o com ajuda de uma tia e aos 10 anos de idade ingressou na &hellip; <a href=\"https:\/\/blog.ufes.br\/paineleletrico\/2015\/04\/22\/james-clerk-maxwell\/\">Continue lendo <span class=\"meta-nav\">&rarr;<\/span><\/a><\/p>\n","protected":false},"author":192,"featured_media":56,"comment_status":"open","ping_status":"open","sticky":false,"template":"","format":"standard","meta":{"_bbp_topic_count":0,"_bbp_reply_count":0,"_bbp_total_topic_count":0,"_bbp_total_reply_count":0,"_bbp_voice_count":0,"_bbp_anonymous_reply_count":0,"_bbp_topic_count_hidden":0,"_bbp_reply_count_hidden":0,"_bbp_forum_subforum_count":0,"_uag_custom_page_level_css":"","footnotes":""},"categories":[4],"tags":[],"class_list":["post-76","post","type-post","status-publish","format-standard","has-post-thumbnail","hentry","category-memorial"],"uagb_featured_image_src":{"full":["https:\/\/blog.ufes.br\/paineleletrico\/files\/2014\/11\/Maxwell1.jpg",481,600,false],"thumbnail":["https:\/\/blog.ufes.br\/paineleletrico\/files\/2014\/11\/Maxwell1-150x150.jpg",150,150,true],"medium":["https:\/\/blog.ufes.br\/paineleletrico\/files\/2014\/11\/Maxwell1-240x300.jpg",240,300,true],"medium_large":["https:\/\/blog.ufes.br\/paineleletrico\/files\/2014\/11\/Maxwell1.jpg",481,600,false],"large":["https:\/\/blog.ufes.br\/paineleletrico\/files\/2014\/11\/Maxwell1.jpg",481,600,false],"1536x1536":["https:\/\/blog.ufes.br\/paineleletrico\/files\/2014\/11\/Maxwell1.jpg",481,600,false],"2048x2048":["https:\/\/blog.ufes.br\/paineleletrico\/files\/2014\/11\/Maxwell1.jpg",481,600,false],"post-thumbnail":["https:\/\/blog.ufes.br\/paineleletrico\/files\/2014\/11\/Maxwell1-481x288.jpg",481,288,true],"large-feature":["https:\/\/blog.ufes.br\/paineleletrico\/files\/2014\/11\/Maxwell1-481x288.jpg",481,288,true],"small-feature":["https:\/\/blog.ufes.br\/paineleletrico\/files\/2014\/11\/Maxwell1-240x300.jpg",240,300,true]},"uagb_author_info":{"display_name":"felipe.sobral","author_link":"https:\/\/blog.ufes.br\/paineleletrico\/author\/felipe-sobral\/"},"uagb_comment_info":14,"uagb_excerpt":"James Clerk Maxwell nasceu em 13 de junho de 1831 em Edimburgo, Esc\u00f3cia. Quando tinha apenas oito anos de idade sua m\u00e3e faleceu, Maxwell foi criado ent\u00e3o com ajuda de uma tia e aos 10 anos de idade ingressou na &hellip; Continue lendo &rarr;","_links":{"self":[{"href":"https:\/\/blog.ufes.br\/paineleletrico\/wp-json\/wp\/v2\/posts\/76","targetHints":{"allow":["GET"]}}],"collection":[{"href":"https:\/\/blog.ufes.br\/paineleletrico\/wp-json\/wp\/v2\/posts"}],"about":[{"href":"https:\/\/blog.ufes.br\/paineleletrico\/wp-json\/wp\/v2\/types\/post"}],"author":[{"embeddable":true,"href":"https:\/\/blog.ufes.br\/paineleletrico\/wp-json\/wp\/v2\/users\/192"}],"replies":[{"embeddable":true,"href":"https:\/\/blog.ufes.br\/paineleletrico\/wp-json\/wp\/v2\/comments?post=76"}],"version-history":[{"count":1,"href":"https:\/\/blog.ufes.br\/paineleletrico\/wp-json\/wp\/v2\/posts\/76\/revisions"}],"predecessor-version":[{"id":81,"href":"https:\/\/blog.ufes.br\/paineleletrico\/wp-json\/wp\/v2\/posts\/76\/revisions\/81"}],"wp:featuredmedia":[{"embeddable":true,"href":"https:\/\/blog.ufes.br\/paineleletrico\/wp-json\/wp\/v2\/media\/56"}],"wp:attachment":[{"href":"https:\/\/blog.ufes.br\/paineleletrico\/wp-json\/wp\/v2\/media?parent=76"}],"wp:term":[{"taxonomy":"category","embeddable":true,"href":"https:\/\/blog.ufes.br\/paineleletrico\/wp-json\/wp\/v2\/categories?post=76"},{"taxonomy":"post_tag","embeddable":true,"href":"https:\/\/blog.ufes.br\/paineleletrico\/wp-json\/wp\/v2\/tags?post=76"}],"curies":[{"name":"wp","href":"https:\/\/api.w.org\/{rel}","templated":true}]}}