{"id":127,"date":"2011-08-02T13:03:23","date_gmt":"2011-08-02T16:03:23","guid":{"rendered":"http:\/\/patrilab.wordpress.com\/?p=127"},"modified":"2015-01-06T10:10:13","modified_gmt":"2015-01-06T12:10:13","slug":"resultado-final-edital-piic-20112012","status":"publish","type":"post","link":"https:\/\/blog.ufes.br\/patri_lab\/2011\/08\/02\/resultado-final-edital-piic-20112012\/","title":{"rendered":"Resultado Final Edital PIIC 2011\/2012"},"content":{"rendered":"<p style=\"text-align: justify\">Projetos de Pesquisa contemplados no <strong>Programa PIIC 2011\/2012<\/strong>, \u00e1rea Ci\u00eancias Sociais Aplicadas:<\/p>\n<p style=\"text-align: justify\">Bolsistas <span style=\"text-decoration: underline\">PIBIC<\/span>:<\/p>\n<p style=\"text-align: justify\">Bolsa <span style=\"text-decoration: underline\">CNPq<\/span>: <strong>Bruno Amaral de Andrade<\/strong><\/p>\n<p style=\"text-align: justify\"><a>Tema:<\/a><a> \u201cRio Santa Maria da Vit\u00f3ria, Patrim\u00f4nio Protagonista do Desenvolvimento Regional de Santa Leopoldina\u201d<\/a><\/p>\n<p style=\"text-align: justify\">Bolsa <span style=\"text-decoration: underline\">UFES<\/span>: <strong>Irlan Lima Perini<\/strong><\/p>\n<p style=\"text-align: justify\">Tema: \u201c<a>Mapeamento das interfaces entre formas s\u00f3cio-ambientais e usos s\u00f3cio-econ\u00f4micos&#8221;<\/a><\/p>\n<p style=\"text-align: justify\">Bolsistas <span style=\"text-decoration: underline\">PIVIC<\/span>:<\/p>\n<p style=\"text-align: justify\"><strong>Ana Carolina Rodrigues de Andrade<\/strong><\/p>\n<p style=\"text-align: justify\">Tema:\u00a0\u201c<a>Mapeamento de situa\u00e7\u00f5es de inser\u00e7\u00e3o de nova arquitetura em contexto\u2026\u201d<\/a><\/p>\n<p style=\"text-align: justify\"><strong>Giovanna Gon\u00e7alves Silva<\/strong><\/p>\n<p style=\"text-align: justify\">Tema: \u201c<a>Categoriza\u00e7\u00e3o de interven\u00e7\u00f5es urbanas no Brasil, 1950-2010\u2033<\/a><\/p>\n<p style=\"text-align: justify\"><em>fonte:\u00a0<a href=\"http:\/\/portais.ufes.br\/posgrad\/pict\">http:\/\/www.prppg.ufes.br\/piic.asp<\/a>, acessado em 02 de Agosto de 2011, \u00e0s 13:00.<\/em><\/p>\n","protected":false},"excerpt":{"rendered":"<p>Projetos de Pesquisa contemplados no Programa PIIC 2011\/2012, \u00e1rea Ci\u00eancias Sociais Aplicadas: Bolsistas PIBIC: Bolsa CNPq: Bruno Amaral de Andrade Tema: \u201cRio Santa Maria da Vit\u00f3ria, Patrim\u00f4nio Protagonista do Desenvolvimento Regional de Santa Leopoldina\u201d Bolsa UFES: Irlan Lima Perini Tema: &hellip; <a href=\"https:\/\/blog.ufes.br\/patri_lab\/2011\/08\/02\/resultado-final-edital-piic-20112012\/\">Continue lendo <span class=\"meta-nav\">&rarr;<\/span><\/a><\/p>\n","protected":false},"author":37,"featured_media":0,"comment_status":"open","ping_status":"open","sticky":false,"template":"","format":"standard","meta":{"_bbp_topic_count":0,"_bbp_reply_count":0,"_bbp_total_topic_count":0,"_bbp_total_reply_count":0,"_bbp_voice_count":0,"_bbp_anonymous_reply_count":0,"_bbp_topic_count_hidden":0,"_bbp_reply_count_hidden":0,"_bbp_forum_subforum_count":0,"_uag_custom_page_level_css":"","footnotes":""},"categories":[3],"tags":[],"class_list":["post-127","post","type-post","status-publish","format-standard","hentry","category-uncategorized"],"uagb_featured_image_src":{"full":false,"thumbnail":false,"medium":false,"medium_large":false,"large":false,"1536x1536":false,"2048x2048":false,"post-thumbnail":false},"uagb_author_info":{"display_name":"Bruno de Andrade","author_link":"https:\/\/blog.ufes.br\/patri_lab\/author\/bruno-andrade\/"},"uagb_comment_info":0,"uagb_excerpt":"Projetos de Pesquisa contemplados no Programa PIIC 2011\/2012, \u00e1rea Ci\u00eancias Sociais Aplicadas: Bolsistas PIBIC: Bolsa CNPq: Bruno Amaral de Andrade Tema: \u201cRio Santa Maria da Vit\u00f3ria, Patrim\u00f4nio Protagonista do Desenvolvimento Regional de Santa Leopoldina\u201d Bolsa UFES: Irlan Lima Perini Tema: &hellip; Continue lendo &rarr;","_links":{"self":[{"href":"https:\/\/blog.ufes.br\/patri_lab\/wp-json\/wp\/v2\/posts\/127","targetHints":{"allow":["GET"]}}],"collection":[{"href":"https:\/\/blog.ufes.br\/patri_lab\/wp-json\/wp\/v2\/posts"}],"about":[{"href":"https:\/\/blog.ufes.br\/patri_lab\/wp-json\/wp\/v2\/types\/post"}],"author":[{"embeddable":true,"href":"https:\/\/blog.ufes.br\/patri_lab\/wp-json\/wp\/v2\/users\/37"}],"replies":[{"embeddable":true,"href":"https:\/\/blog.ufes.br\/patri_lab\/wp-json\/wp\/v2\/comments?post=127"}],"version-history":[{"count":2,"href":"https:\/\/blog.ufes.br\/patri_lab\/wp-json\/wp\/v2\/posts\/127\/revisions"}],"predecessor-version":[{"id":1838,"href":"https:\/\/blog.ufes.br\/patri_lab\/wp-json\/wp\/v2\/posts\/127\/revisions\/1838"}],"wp:attachment":[{"href":"https:\/\/blog.ufes.br\/patri_lab\/wp-json\/wp\/v2\/media?parent=127"}],"wp:term":[{"taxonomy":"category","embeddable":true,"href":"https:\/\/blog.ufes.br\/patri_lab\/wp-json\/wp\/v2\/categories?post=127"},{"taxonomy":"post_tag","embeddable":true,"href":"https:\/\/blog.ufes.br\/patri_lab\/wp-json\/wp\/v2\/tags?post=127"}],"curies":[{"name":"wp","href":"https:\/\/api.w.org\/{rel}","templated":true}]}}