{"id":1405,"date":"2013-07-16T10:36:42","date_gmt":"2013-07-16T13:36:42","guid":{"rendered":"http:\/\/blog.ufes.br\/patri_lab\/?p=1405"},"modified":"2015-01-06T09:51:06","modified_gmt":"2015-01-06T11:51:06","slug":"incuna-2013","status":"publish","type":"post","link":"https:\/\/blog.ufes.br\/patri_lab\/2013\/07\/16\/incuna-2013\/","title":{"rendered":"INCUNA 2013"},"content":{"rendered":"<p style=\"text-align: justify\">Viemos divulgar o evento INCUNA 2013 (Industria, Cultura, Naturaleza) Asociaci\u00f3n de Arqueolog\u00eda Industrial M\u00e1ximo Fuertes Acevedo (www.incuna.es), nesta edi\u00e7\u00e3o intitulado <em>XV Jornadas Internacionales de Patrimonio Industrial<\/em>, a ser realizado em Gij\u00f3n, Ast\u00farias, Espanha, de 25 a 28 de Setembro. O Patri_Lab participou deste evento na edi\u00e7\u00e3o passada, com artigo &#8220;Imigra\u00e7\u00e3o alem\u00e3 no Esp\u00edrito Santo &#8211; Ocupa\u00e7\u00e3o e paisagem no s\u00edtio hist\u00f3rico de Santa Leopoldina&#8221;,\u00a0escrito pelos pesquisadores Bruno, Elisa e Renata.<\/p>\n<p style=\"text-align: justify\"><em>&#8220;The XV International Conference INCUNA of Industrial Heritage is entitled \u201cMaritime, River and Fishing Heritage\u201d from the 25th to the 29th september 2013 Gij\u00f3n (Spain).\u00a0<strong>\u00a0<\/strong>Its objective is to present, reflect and discuss about a large agenda on maritime, river and fishing industrial heritage and the activities related with them, always from an interdisciplinary point of view: about identity, sustainability, technical and practices, history, architecture and town planning, transport, tourism, landscape and sustainability&#8221;.<\/em><\/p>\n<p style=\"text-align: justify\"><a href=\"http:\/\/blog.ufes.br\/patri_lab\/files\/2013\/07\/cartel2013.jpg\"><img loading=\"lazy\" decoding=\"async\" class=\"alignleft size-full wp-image-1406\" alt=\"\" src=\"http:\/\/blog.ufes.br\/patri_lab\/files\/2013\/07\/cartel2013.jpg\" width=\"842\" height=\"1191\" srcset=\"https:\/\/blog.ufes.br\/patri_lab\/files\/2013\/07\/cartel2013.jpg 842w, https:\/\/blog.ufes.br\/patri_lab\/files\/2013\/07\/cartel2013-212x300.jpg 212w, https:\/\/blog.ufes.br\/patri_lab\/files\/2013\/07\/cartel2013-723x1024.jpg 723w\" sizes=\"auto, (max-width: 842px) 100vw, 842px\" \/><\/a><\/p>\n<p style=\"text-align: justify\">\n<p style=\"text-align: justify\">\n","protected":false},"excerpt":{"rendered":"<p>Viemos divulgar o evento INCUNA 2013 (Industria, Cultura, Naturaleza) Asociaci\u00f3n de Arqueolog\u00eda Industrial M\u00e1ximo Fuertes Acevedo (www.incuna.es), nesta edi\u00e7\u00e3o intitulado XV Jornadas Internacionales de Patrimonio Industrial, a ser realizado em Gij\u00f3n, Ast\u00farias, Espanha, de 25 a 28 de Setembro. O &hellip; <a href=\"https:\/\/blog.ufes.br\/patri_lab\/2013\/07\/16\/incuna-2013\/\">Continue lendo <span class=\"meta-nav\">&rarr;<\/span><\/a><\/p>\n","protected":false},"author":37,"featured_media":0,"comment_status":"open","ping_status":"open","sticky":false,"template":"","format":"standard","meta":{"_bbp_topic_count":0,"_bbp_reply_count":0,"_bbp_total_topic_count":0,"_bbp_total_reply_count":0,"_bbp_voice_count":0,"_bbp_anonymous_reply_count":0,"_bbp_topic_count_hidden":0,"_bbp_reply_count_hidden":0,"_bbp_forum_subforum_count":0,"_uag_custom_page_level_css":"","footnotes":""},"categories":[1],"tags":[],"class_list":["post-1405","post","type-post","status-publish","format-standard","hentry","category-sem-categoria"],"uagb_featured_image_src":{"full":false,"thumbnail":false,"medium":false,"medium_large":false,"large":false,"1536x1536":false,"2048x2048":false,"post-thumbnail":false},"uagb_author_info":{"display_name":"Bruno de Andrade","author_link":"https:\/\/blog.ufes.br\/patri_lab\/author\/bruno-andrade\/"},"uagb_comment_info":0,"uagb_excerpt":"Viemos divulgar o evento INCUNA 2013 (Industria, Cultura, Naturaleza) Asociaci\u00f3n de Arqueolog\u00eda Industrial M\u00e1ximo Fuertes Acevedo (www.incuna.es), nesta edi\u00e7\u00e3o intitulado XV Jornadas Internacionales de Patrimonio Industrial, a ser realizado em Gij\u00f3n, Ast\u00farias, Espanha, de 25 a 28 de Setembro. O &hellip; Continue lendo &rarr;","_links":{"self":[{"href":"https:\/\/blog.ufes.br\/patri_lab\/wp-json\/wp\/v2\/posts\/1405","targetHints":{"allow":["GET"]}}],"collection":[{"href":"https:\/\/blog.ufes.br\/patri_lab\/wp-json\/wp\/v2\/posts"}],"about":[{"href":"https:\/\/blog.ufes.br\/patri_lab\/wp-json\/wp\/v2\/types\/post"}],"author":[{"embeddable":true,"href":"https:\/\/blog.ufes.br\/patri_lab\/wp-json\/wp\/v2\/users\/37"}],"replies":[{"embeddable":true,"href":"https:\/\/blog.ufes.br\/patri_lab\/wp-json\/wp\/v2\/comments?post=1405"}],"version-history":[{"count":3,"href":"https:\/\/blog.ufes.br\/patri_lab\/wp-json\/wp\/v2\/posts\/1405\/revisions"}],"predecessor-version":[{"id":1781,"href":"https:\/\/blog.ufes.br\/patri_lab\/wp-json\/wp\/v2\/posts\/1405\/revisions\/1781"}],"wp:attachment":[{"href":"https:\/\/blog.ufes.br\/patri_lab\/wp-json\/wp\/v2\/media?parent=1405"}],"wp:term":[{"taxonomy":"category","embeddable":true,"href":"https:\/\/blog.ufes.br\/patri_lab\/wp-json\/wp\/v2\/categories?post=1405"},{"taxonomy":"post_tag","embeddable":true,"href":"https:\/\/blog.ufes.br\/patri_lab\/wp-json\/wp\/v2\/tags?post=1405"}],"curies":[{"name":"wp","href":"https:\/\/api.w.org\/{rel}","templated":true}]}}