{"id":1408,"date":"2013-07-18T19:05:45","date_gmt":"2013-07-18T22:05:45","guid":{"rendered":"http:\/\/blog.ufes.br\/patri_lab\/?p=1408"},"modified":"2015-01-06T09:51:15","modified_gmt":"2015-01-06T11:51:15","slug":"defesa-de-dissertacao-ppgg","status":"publish","type":"post","link":"https:\/\/blog.ufes.br\/patri_lab\/2013\/07\/18\/defesa-de-dissertacao-ppgg\/","title":{"rendered":"Defesa de Disserta\u00e7\u00e3o &#8211; PPGG"},"content":{"rendered":"<p style=\"text-align: justify\">Indicamos atrav\u00e9s do Programa de P\u00f3s-Gradua\u00e7\u00e3o em Geografia &#8211; PPGG\/UFES, a defesa de Disserta\u00e7\u00e3o de Miquelina Aparecida Deina, cujo t\u00edtulo \u00e9 &#8220;Altera\u00e7\u00f5es Hidrogeomorfol\u00f3gicas no baixo curso do rio Jucu (ES)&#8221;, em 24 de Julho de 2013, \u00a0quarta-feira, \u00e0s 14 horas, na Sala de aula do Mestrado &#8211; IC II, 2\u00ba andar. A Comiss\u00e3o Examinadora \u00e9 composta por:<\/p>\n<p style=\"text-align: justify\">Prof. Dr. Andr\u00e9 Luiz Nascentes Coelho (Orientador) &#8211; UFES<\/p>\n<p style=\"text-align: justify\">Prof. Dr. Antonio Celos de Oliveira Goulart &#8211; UFES<\/p>\n<p style=\"text-align: justify\">Profa. Dra. Sandra Baptista Cunha &#8211; UFF.<\/p>\n<p style=\"text-align: justify\">Para mais detalhes contate\u00a0Izadora Ramos,\u00a0Secret\u00e1ria do PPGG (Mestrado),\u00a0Tel:\u00a04009-2023,\u00a0Fax:\u00a04009-2023,\u00a0<a title=\"PPGG\" href=\"http:\/\/www.prppg.ufes.br\/ppgg\" target=\"_blank\">www.prppg.ufes.br\/ppgg<\/a>.<\/p>\n","protected":false},"excerpt":{"rendered":"<p>Indicamos atrav\u00e9s do Programa de P\u00f3s-Gradua\u00e7\u00e3o em Geografia &#8211; PPGG\/UFES, a defesa de Disserta\u00e7\u00e3o de Miquelina Aparecida Deina, cujo t\u00edtulo \u00e9 &#8220;Altera\u00e7\u00f5es Hidrogeomorfol\u00f3gicas no baixo curso do rio Jucu (ES)&#8221;, em 24 de Julho de 2013, \u00a0quarta-feira, \u00e0s 14 horas, &hellip; <a href=\"https:\/\/blog.ufes.br\/patri_lab\/2013\/07\/18\/defesa-de-dissertacao-ppgg\/\">Continue lendo <span class=\"meta-nav\">&rarr;<\/span><\/a><\/p>\n","protected":false},"author":37,"featured_media":0,"comment_status":"open","ping_status":"open","sticky":false,"template":"","format":"standard","meta":{"_bbp_topic_count":0,"_bbp_reply_count":0,"_bbp_total_topic_count":0,"_bbp_total_reply_count":0,"_bbp_voice_count":0,"_bbp_anonymous_reply_count":0,"_bbp_topic_count_hidden":0,"_bbp_reply_count_hidden":0,"_bbp_forum_subforum_count":0,"_uag_custom_page_level_css":"","footnotes":""},"categories":[1],"tags":[],"class_list":["post-1408","post","type-post","status-publish","format-standard","hentry","category-sem-categoria"],"uagb_featured_image_src":{"full":false,"thumbnail":false,"medium":false,"medium_large":false,"large":false,"1536x1536":false,"2048x2048":false,"post-thumbnail":false},"uagb_author_info":{"display_name":"Bruno de Andrade","author_link":"https:\/\/blog.ufes.br\/patri_lab\/author\/bruno-andrade\/"},"uagb_comment_info":0,"uagb_excerpt":"Indicamos atrav\u00e9s do Programa de P\u00f3s-Gradua\u00e7\u00e3o em Geografia &#8211; PPGG\/UFES, a defesa de Disserta\u00e7\u00e3o de Miquelina Aparecida Deina, cujo t\u00edtulo \u00e9 &#8220;Altera\u00e7\u00f5es Hidrogeomorfol\u00f3gicas no baixo curso do rio Jucu (ES)&#8221;, em 24 de Julho de 2013, \u00a0quarta-feira, \u00e0s 14 horas, &hellip; Continue lendo &rarr;","_links":{"self":[{"href":"https:\/\/blog.ufes.br\/patri_lab\/wp-json\/wp\/v2\/posts\/1408","targetHints":{"allow":["GET"]}}],"collection":[{"href":"https:\/\/blog.ufes.br\/patri_lab\/wp-json\/wp\/v2\/posts"}],"about":[{"href":"https:\/\/blog.ufes.br\/patri_lab\/wp-json\/wp\/v2\/types\/post"}],"author":[{"embeddable":true,"href":"https:\/\/blog.ufes.br\/patri_lab\/wp-json\/wp\/v2\/users\/37"}],"replies":[{"embeddable":true,"href":"https:\/\/blog.ufes.br\/patri_lab\/wp-json\/wp\/v2\/comments?post=1408"}],"version-history":[{"count":7,"href":"https:\/\/blog.ufes.br\/patri_lab\/wp-json\/wp\/v2\/posts\/1408\/revisions"}],"predecessor-version":[{"id":1783,"href":"https:\/\/blog.ufes.br\/patri_lab\/wp-json\/wp\/v2\/posts\/1408\/revisions\/1783"}],"wp:attachment":[{"href":"https:\/\/blog.ufes.br\/patri_lab\/wp-json\/wp\/v2\/media?parent=1408"}],"wp:term":[{"taxonomy":"category","embeddable":true,"href":"https:\/\/blog.ufes.br\/patri_lab\/wp-json\/wp\/v2\/categories?post=1408"},{"taxonomy":"post_tag","embeddable":true,"href":"https:\/\/blog.ufes.br\/patri_lab\/wp-json\/wp\/v2\/tags?post=1408"}],"curies":[{"name":"wp","href":"https:\/\/api.w.org\/{rel}","templated":true}]}}