{"id":1414,"date":"2013-07-19T22:17:09","date_gmt":"2013-07-20T01:17:09","guid":{"rendered":"http:\/\/blog.ufes.br\/patri_lab\/?p=1414"},"modified":"2015-01-06T09:49:15","modified_gmt":"2015-01-06T11:49:15","slug":"disponibilizacao-de-livro","status":"publish","type":"post","link":"https:\/\/blog.ufes.br\/patri_lab\/2013\/07\/19\/disponibilizacao-de-livro\/","title":{"rendered":"Disponibiliza\u00e7\u00e3o de livro"},"content":{"rendered":"<p><a href=\"http:\/\/blog.ufes.br\/patri_lab\/files\/2013\/07\/livro-nelson-porto.jpg\"><img loading=\"lazy\" decoding=\"async\" class=\"alignleft size-full wp-image-1415\" alt=\"\" src=\"http:\/\/blog.ufes.br\/patri_lab\/files\/2013\/07\/livro-nelson-porto.jpg\" width=\"720\" height=\"320\" srcset=\"https:\/\/blog.ufes.br\/patri_lab\/files\/2013\/07\/livro-nelson-porto.jpg 720w, https:\/\/blog.ufes.br\/patri_lab\/files\/2013\/07\/livro-nelson-porto-300x133.jpg 300w\" sizes=\"auto, (max-width: 720px) 100vw, 720px\" \/><\/a><\/p>\n<p style=\"text-align: justify\">Prezados seguidores, viemos por meio deste divulgar a disponibiliza\u00e7\u00e3o de uma vers\u00e3o em PDF do livro &#8220;<a title=\"A constru\u00e7\u00e3o...\" href=\"http:\/\/historiadaconstrucao.ufes.br\/files\/2012\/04\/A-Constru%C3%A7%C3%A3o-da-Cidade-Portuguesa-na-America-Vers%C3%A3o-site-HCLB.pdf\" target=\"_blank\">A Constru\u00e7\u00e3o da Cidade Portuguesa na America<\/a>&#8221; organizado pelo prof. Nelson P\u00f4rto e Luciene Pessotti. Destacamos os cap\u00edtulos referentes a &#8220;Capela de S\u00e3o Jo\u00e3o Batista &#8211; Carapina Grande, Serra \u2013 ES. Reconstru\u00e7\u00e3o como Restaura\u00e7\u00e3o da Imagem&#8221; de Cristina Coelho, &#8220;A arquitetura e esfera p\u00fablica. O Pal\u00e1cio Anchieta e o s\u00edtio fundador de Vit\u00f3ria\/ES&#8221; da profa. Clara Luiza Miranda, &#8220;Patrim\u00f4nio ambiental urbano de Vit\u00f3ria: invent\u00e1rio e reflex\u00f5es acerca das rupturas e perman\u00eancias coloniais na contemporaneidade&#8221;, de Luciene Pessotti, e &#8220;Atores da constru\u00e7\u00e3o civil na prov\u00edncia do Esp\u00edrito Santo do s\u00e9culo XIX&#8221; do prof. Nelson P\u00f4rto.<\/p>\n","protected":false},"excerpt":{"rendered":"<p>Prezados seguidores, viemos por meio deste divulgar a disponibiliza\u00e7\u00e3o de uma vers\u00e3o em PDF do livro &#8220;A Constru\u00e7\u00e3o da Cidade Portuguesa na America&#8221; organizado pelo prof. Nelson P\u00f4rto e Luciene Pessotti. Destacamos os cap\u00edtulos referentes a &#8220;Capela de S\u00e3o Jo\u00e3o &hellip; <a href=\"https:\/\/blog.ufes.br\/patri_lab\/2013\/07\/19\/disponibilizacao-de-livro\/\">Continue lendo <span class=\"meta-nav\">&rarr;<\/span><\/a><\/p>\n","protected":false},"author":37,"featured_media":0,"comment_status":"open","ping_status":"open","sticky":false,"template":"","format":"standard","meta":{"_bbp_topic_count":0,"_bbp_reply_count":0,"_bbp_total_topic_count":0,"_bbp_total_reply_count":0,"_bbp_voice_count":0,"_bbp_anonymous_reply_count":0,"_bbp_topic_count_hidden":0,"_bbp_reply_count_hidden":0,"_bbp_forum_subforum_count":0,"_uag_custom_page_level_css":"","footnotes":""},"categories":[1],"tags":[],"class_list":["post-1414","post","type-post","status-publish","format-standard","hentry","category-sem-categoria"],"uagb_featured_image_src":{"full":false,"thumbnail":false,"medium":false,"medium_large":false,"large":false,"1536x1536":false,"2048x2048":false,"post-thumbnail":false},"uagb_author_info":{"display_name":"Bruno de Andrade","author_link":"https:\/\/blog.ufes.br\/patri_lab\/author\/bruno-andrade\/"},"uagb_comment_info":0,"uagb_excerpt":"Prezados seguidores, viemos por meio deste divulgar a disponibiliza\u00e7\u00e3o de uma vers\u00e3o em PDF do livro &#8220;A Constru\u00e7\u00e3o da Cidade Portuguesa na America&#8221; organizado pelo prof. Nelson P\u00f4rto e Luciene Pessotti. Destacamos os cap\u00edtulos referentes a &#8220;Capela de S\u00e3o Jo\u00e3o &hellip; Continue lendo &rarr;","_links":{"self":[{"href":"https:\/\/blog.ufes.br\/patri_lab\/wp-json\/wp\/v2\/posts\/1414","targetHints":{"allow":["GET"]}}],"collection":[{"href":"https:\/\/blog.ufes.br\/patri_lab\/wp-json\/wp\/v2\/posts"}],"about":[{"href":"https:\/\/blog.ufes.br\/patri_lab\/wp-json\/wp\/v2\/types\/post"}],"author":[{"embeddable":true,"href":"https:\/\/blog.ufes.br\/patri_lab\/wp-json\/wp\/v2\/users\/37"}],"replies":[{"embeddable":true,"href":"https:\/\/blog.ufes.br\/patri_lab\/wp-json\/wp\/v2\/comments?post=1414"}],"version-history":[{"count":5,"href":"https:\/\/blog.ufes.br\/patri_lab\/wp-json\/wp\/v2\/posts\/1414\/revisions"}],"predecessor-version":[{"id":1774,"href":"https:\/\/blog.ufes.br\/patri_lab\/wp-json\/wp\/v2\/posts\/1414\/revisions\/1774"}],"wp:attachment":[{"href":"https:\/\/blog.ufes.br\/patri_lab\/wp-json\/wp\/v2\/media?parent=1414"}],"wp:term":[{"taxonomy":"category","embeddable":true,"href":"https:\/\/blog.ufes.br\/patri_lab\/wp-json\/wp\/v2\/categories?post=1414"},{"taxonomy":"post_tag","embeddable":true,"href":"https:\/\/blog.ufes.br\/patri_lab\/wp-json\/wp\/v2\/tags?post=1414"}],"curies":[{"name":"wp","href":"https:\/\/api.w.org\/{rel}","templated":true}]}}