{"id":1580,"date":"2014-05-15T19:15:07","date_gmt":"2014-05-15T22:15:07","guid":{"rendered":"http:\/\/blog.ufes.br\/patri_lab\/?p=1580"},"modified":"2015-01-06T09:46:34","modified_gmt":"2015-01-06T11:46:34","slug":"ufes-60-anos","status":"publish","type":"post","link":"https:\/\/blog.ufes.br\/patri_lab\/2014\/05\/15\/ufes-60-anos\/","title":{"rendered":"UFES 60 anos"},"content":{"rendered":"<p><a href=\"http:\/\/blog.ufes.br\/patri_lab\/files\/2014\/05\/Logo-Ufes-60-anos.jpg\"><img loading=\"lazy\" decoding=\"async\" class=\"alignleft size-full wp-image-1581\" alt=\"Logo Ufes 60 anos\" src=\"http:\/\/blog.ufes.br\/patri_lab\/files\/2014\/05\/Logo-Ufes-60-anos.jpg\" width=\"299\" height=\"287\" \/><\/a><\/p>\n<p style=\"text-align: justify\">Neste ano de 2014 a Universidade Federal do Esp\u00edrito Santo comemora 60 anos. Sob a perspectiva do Patri_Lab, \u00a0na \u00f3tica da salvaguarda do Patrim\u00f4nio, observa-se um conjunto de artefatos hist\u00f3ricos relevantes exemplares da narrativa da hist\u00f3ria da arquitetura capixaba, e da expans\u00e3o da Universidade no Estado, em escala de bairro.<\/p>\n<p>&nbsp;<\/p>\n<p>&nbsp;<\/p>\n<p style=\"text-align: justify\">A Universidade Esp\u00edrito Santo foi elevada \u00e1 institui\u00e7\u00e3o Federal em 1961, durante o governo de Jucelino Kubitschek. Contando, atualmente, com 4 campi, 2 em Vit\u00f3ria, 1 em S\u00e3o Mateus e 1 em Alegre. Destaca-se a publica\u00e7\u00e3o do prof. Ivantir Ant\u00f4nio Borgo, de 1995, &#8220;UFES, 40 anos de hist\u00f3ria&#8221;, testemunho da mem\u00f3ria da Universidade desde sua cria\u00e7\u00e3o na d\u00e9cada de 1950, no Governo de Jones dos Santos Neves.<\/p>\n<p><a style=\"color: #ff4b33;line-height: 24px\" href=\"http:\/\/blog.ufes.br\/patri_lab\/files\/2014\/05\/reitoria-60-anos-ufes.jpg\"><img loading=\"lazy\" decoding=\"async\" class=\"alignleft size-full wp-image-1582\" alt=\"reitoria 60 anos ufes\" src=\"http:\/\/blog.ufes.br\/patri_lab\/files\/2014\/05\/reitoria-60-anos-ufes.jpg\" width=\"1846\" height=\"927\" srcset=\"https:\/\/blog.ufes.br\/patri_lab\/files\/2014\/05\/reitoria-60-anos-ufes.jpg 1846w, https:\/\/blog.ufes.br\/patri_lab\/files\/2014\/05\/reitoria-60-anos-ufes-300x150.jpg 300w, https:\/\/blog.ufes.br\/patri_lab\/files\/2014\/05\/reitoria-60-anos-ufes-1024x514.jpg 1024w\" sizes=\"auto, (max-width: 1846px) 100vw, 1846px\" \/><\/a><\/p>\n<p>&nbsp;<\/p>\n<p style=\"text-align: justify\">O edif\u00edcio que comporta a Reitoria da Universidade \u00e9 um exemplar emblem\u00e1tico da Arquitetura Moderna capixaba. Todavia o estado de conserva\u00e7\u00e3o, visualmente notado, evidencia necessidade de interven\u00e7\u00e3o restaurativa.<\/p>\n<p><img loading=\"lazy\" decoding=\"async\" class=\"alignleft size-full wp-image-1583\" alt=\"reitoria 60 anos ufes 2\" src=\"http:\/\/blog.ufes.br\/patri_lab\/files\/2014\/05\/reitoria-60-anos-ufes-2.jpg\" width=\"1811\" height=\"938\" srcset=\"https:\/\/blog.ufes.br\/patri_lab\/files\/2014\/05\/reitoria-60-anos-ufes-2.jpg 1811w, https:\/\/blog.ufes.br\/patri_lab\/files\/2014\/05\/reitoria-60-anos-ufes-2-300x155.jpg 300w, https:\/\/blog.ufes.br\/patri_lab\/files\/2014\/05\/reitoria-60-anos-ufes-2-1024x530.jpg 1024w\" sizes=\"auto, (max-width: 1811px) 100vw, 1811px\" \/><\/p>\n<p>&nbsp;<\/p>\n<p style=\"text-align: justify\">Os CEMUNI&#8217;s s\u00e3o os primeiros edif\u00edcios constru\u00eddos na UFES, onde atualmente se localiza o Centro de Artes, incluindo a Arquitetura. Abaixo foto da \u00e1rea, presente na publica\u00e7\u00e3o dos 60 anos da UFES, dispon\u00edvel em\u00a0http:\/\/issuu.com\/ufes\/docs\/livro_60anos_final<\/p>\n<p><img loading=\"lazy\" decoding=\"async\" class=\"alignleft size-full wp-image-1584\" alt=\"cemunis ufes 60 anos\" src=\"http:\/\/blog.ufes.br\/patri_lab\/files\/2014\/05\/cemunis-ufes-60-anos.jpg\" width=\"1357\" height=\"681\" srcset=\"https:\/\/blog.ufes.br\/patri_lab\/files\/2014\/05\/cemunis-ufes-60-anos.jpg 1357w, https:\/\/blog.ufes.br\/patri_lab\/files\/2014\/05\/cemunis-ufes-60-anos-300x150.jpg 300w, https:\/\/blog.ufes.br\/patri_lab\/files\/2014\/05\/cemunis-ufes-60-anos-1024x513.jpg 1024w\" sizes=\"auto, (max-width: 1357px) 100vw, 1357px\" \/><\/p>\n<p>&nbsp;<\/p>\n<p style=\"text-align: justify\">Abaixo uma foto do Castelinho, do Escrit\u00f3rio de Campo, 1967 (Acerdo profa. Clara Luiza Miranda).<\/p>\n<p><a href=\"http:\/\/blog.ufes.br\/patri_lab\/files\/2014\/05\/Castelinho_01.2.jpg\"><img loading=\"lazy\" decoding=\"async\" class=\"alignleft size-full wp-image-1588\" alt=\"Castelinho_01.2\" src=\"http:\/\/blog.ufes.br\/patri_lab\/files\/2014\/05\/Castelinho_01.2.jpg\" width=\"2807\" height=\"2125\" srcset=\"https:\/\/blog.ufes.br\/patri_lab\/files\/2014\/05\/Castelinho_01.2.jpg 2807w, https:\/\/blog.ufes.br\/patri_lab\/files\/2014\/05\/Castelinho_01.2-300x227.jpg 300w, https:\/\/blog.ufes.br\/patri_lab\/files\/2014\/05\/Castelinho_01.2-1024x775.jpg 1024w\" sizes=\"auto, (max-width: 2807px) 100vw, 2807px\" \/><\/a><\/p>\n<p style=\"text-align: justify\">Congratulamos a UFES pelos 60 anos de hist\u00f3ria na trajet\u00f3ria n\u00e3o s\u00f3 arquitet\u00f4nica, mas cultural e intelectual do Esp\u00edrito Santo. O desejo do Patri_Lab que os edif\u00edcios hist\u00f3ricos sejam conservados e valorizados para que possa fazer muitos e muitos anos!<\/p>\n","protected":false},"excerpt":{"rendered":"<p>Neste ano de 2014 a Universidade Federal do Esp\u00edrito Santo comemora 60 anos. Sob a perspectiva do Patri_Lab, \u00a0na \u00f3tica da salvaguarda do Patrim\u00f4nio, observa-se um conjunto de artefatos hist\u00f3ricos relevantes exemplares da narrativa da hist\u00f3ria da arquitetura capixaba, e &hellip; <a href=\"https:\/\/blog.ufes.br\/patri_lab\/2014\/05\/15\/ufes-60-anos\/\">Continue lendo <span class=\"meta-nav\">&rarr;<\/span><\/a><\/p>\n","protected":false},"author":37,"featured_media":0,"comment_status":"open","ping_status":"open","sticky":false,"template":"","format":"standard","meta":{"_bbp_topic_count":0,"_bbp_reply_count":0,"_bbp_total_topic_count":0,"_bbp_total_reply_count":0,"_bbp_voice_count":0,"_bbp_anonymous_reply_count":0,"_bbp_topic_count_hidden":0,"_bbp_reply_count_hidden":0,"_bbp_forum_subforum_count":0,"_uag_custom_page_level_css":"","footnotes":""},"categories":[1],"tags":[],"class_list":["post-1580","post","type-post","status-publish","format-standard","hentry","category-sem-categoria"],"uagb_featured_image_src":{"full":false,"thumbnail":false,"medium":false,"medium_large":false,"large":false,"1536x1536":false,"2048x2048":false,"post-thumbnail":false},"uagb_author_info":{"display_name":"Bruno de Andrade","author_link":"https:\/\/blog.ufes.br\/patri_lab\/author\/bruno-andrade\/"},"uagb_comment_info":0,"uagb_excerpt":"Neste ano de 2014 a Universidade Federal do Esp\u00edrito Santo comemora 60 anos. Sob a perspectiva do Patri_Lab, \u00a0na \u00f3tica da salvaguarda do Patrim\u00f4nio, observa-se um conjunto de artefatos hist\u00f3ricos relevantes exemplares da narrativa da hist\u00f3ria da arquitetura capixaba, e &hellip; Continue lendo &rarr;","_links":{"self":[{"href":"https:\/\/blog.ufes.br\/patri_lab\/wp-json\/wp\/v2\/posts\/1580","targetHints":{"allow":["GET"]}}],"collection":[{"href":"https:\/\/blog.ufes.br\/patri_lab\/wp-json\/wp\/v2\/posts"}],"about":[{"href":"https:\/\/blog.ufes.br\/patri_lab\/wp-json\/wp\/v2\/types\/post"}],"author":[{"embeddable":true,"href":"https:\/\/blog.ufes.br\/patri_lab\/wp-json\/wp\/v2\/users\/37"}],"replies":[{"embeddable":true,"href":"https:\/\/blog.ufes.br\/patri_lab\/wp-json\/wp\/v2\/comments?post=1580"}],"version-history":[{"count":5,"href":"https:\/\/blog.ufes.br\/patri_lab\/wp-json\/wp\/v2\/posts\/1580\/revisions"}],"predecessor-version":[{"id":1757,"href":"https:\/\/blog.ufes.br\/patri_lab\/wp-json\/wp\/v2\/posts\/1580\/revisions\/1757"}],"wp:attachment":[{"href":"https:\/\/blog.ufes.br\/patri_lab\/wp-json\/wp\/v2\/media?parent=1580"}],"wp:term":[{"taxonomy":"category","embeddable":true,"href":"https:\/\/blog.ufes.br\/patri_lab\/wp-json\/wp\/v2\/categories?post=1580"},{"taxonomy":"post_tag","embeddable":true,"href":"https:\/\/blog.ufes.br\/patri_lab\/wp-json\/wp\/v2\/tags?post=1580"}],"curies":[{"name":"wp","href":"https:\/\/api.w.org\/{rel}","templated":true}]}}