{"id":1598,"date":"2014-05-30T09:47:31","date_gmt":"2014-05-30T12:47:31","guid":{"rendered":"http:\/\/blog.ufes.br\/patri_lab\/?p=1598"},"modified":"2015-01-06T09:46:01","modified_gmt":"2015-01-06T11:46:01","slug":"defesa-de-dissertacao-lorena","status":"publish","type":"post","link":"https:\/\/blog.ufes.br\/patri_lab\/2014\/05\/30\/defesa-de-dissertacao-lorena\/","title":{"rendered":"Defesa de Disserta\u00e7\u00e3o &#8211; Lorena"},"content":{"rendered":"<p style=\"text-align: justify\">Viemos por meio deste post convidar para defesa p\u00fablica de disserta\u00e7\u00e3o de mestrado de\u00a0<strong>Lorena de Andrade Castiglioni<\/strong>, sob a orienta\u00e7\u00e3o da Profa. Dra. Renata Hermanny de Almeida. A banca examinadora ser\u00e1 composta pelas professoras doutoras Gerda Margit Sch\u00fctzFoerste (PPGE\/UFES), Lygia Baptista Pereira Segala Pauletto (UFF) e pela orientadora.<\/p>\n<p style=\"text-align: justify\">T\u00cdTULO DA DISSERTA\u00c7\u00c3O: &#8220;<em>Educa\u00e7\u00e3o Patrimonial e Desenvolvimento Local: Rela\u00e7\u00e3o Sociedade-Patrim\u00f4nio em Santa Leopoldina<\/em>&#8220;<\/p>\n<p style=\"text-align: justify\">Data: 06\/06\/2014 (Sexta-feira)Hor\u00e1rio: 10:00 h Local: UFES &#8211; Centro de Artes &#8211; Audit\u00f3rio CEMUNI III &#8211; Sala 3.<\/p>\n<p style=\"text-align: justify\">\n<p>&nbsp;<\/p>\n","protected":false},"excerpt":{"rendered":"<p>Viemos por meio deste post convidar para defesa p\u00fablica de disserta\u00e7\u00e3o de mestrado de\u00a0Lorena de Andrade Castiglioni, sob a orienta\u00e7\u00e3o da Profa. Dra. Renata Hermanny de Almeida. A banca examinadora ser\u00e1 composta pelas professoras doutoras Gerda Margit Sch\u00fctzFoerste (PPGE\/UFES), Lygia &hellip; <a href=\"https:\/\/blog.ufes.br\/patri_lab\/2014\/05\/30\/defesa-de-dissertacao-lorena\/\">Continue lendo <span class=\"meta-nav\">&rarr;<\/span><\/a><\/p>\n","protected":false},"author":37,"featured_media":0,"comment_status":"open","ping_status":"open","sticky":false,"template":"","format":"standard","meta":{"_bbp_topic_count":0,"_bbp_reply_count":0,"_bbp_total_topic_count":0,"_bbp_total_reply_count":0,"_bbp_voice_count":0,"_bbp_anonymous_reply_count":0,"_bbp_topic_count_hidden":0,"_bbp_reply_count_hidden":0,"_bbp_forum_subforum_count":0,"_uag_custom_page_level_css":"","footnotes":""},"categories":[1],"tags":[],"class_list":["post-1598","post","type-post","status-publish","format-standard","hentry","category-sem-categoria"],"uagb_featured_image_src":{"full":false,"thumbnail":false,"medium":false,"medium_large":false,"large":false,"1536x1536":false,"2048x2048":false,"post-thumbnail":false},"uagb_author_info":{"display_name":"Bruno de Andrade","author_link":"https:\/\/blog.ufes.br\/patri_lab\/author\/bruno-andrade\/"},"uagb_comment_info":0,"uagb_excerpt":"Viemos por meio deste post convidar para defesa p\u00fablica de disserta\u00e7\u00e3o de mestrado de\u00a0Lorena de Andrade Castiglioni, sob a orienta\u00e7\u00e3o da Profa. Dra. Renata Hermanny de Almeida. A banca examinadora ser\u00e1 composta pelas professoras doutoras Gerda Margit Sch\u00fctzFoerste (PPGE\/UFES), Lygia &hellip; Continue lendo &rarr;","_links":{"self":[{"href":"https:\/\/blog.ufes.br\/patri_lab\/wp-json\/wp\/v2\/posts\/1598","targetHints":{"allow":["GET"]}}],"collection":[{"href":"https:\/\/blog.ufes.br\/patri_lab\/wp-json\/wp\/v2\/posts"}],"about":[{"href":"https:\/\/blog.ufes.br\/patri_lab\/wp-json\/wp\/v2\/types\/post"}],"author":[{"embeddable":true,"href":"https:\/\/blog.ufes.br\/patri_lab\/wp-json\/wp\/v2\/users\/37"}],"replies":[{"embeddable":true,"href":"https:\/\/blog.ufes.br\/patri_lab\/wp-json\/wp\/v2\/comments?post=1598"}],"version-history":[{"count":2,"href":"https:\/\/blog.ufes.br\/patri_lab\/wp-json\/wp\/v2\/posts\/1598\/revisions"}],"predecessor-version":[{"id":1755,"href":"https:\/\/blog.ufes.br\/patri_lab\/wp-json\/wp\/v2\/posts\/1598\/revisions\/1755"}],"wp:attachment":[{"href":"https:\/\/blog.ufes.br\/patri_lab\/wp-json\/wp\/v2\/media?parent=1598"}],"wp:term":[{"taxonomy":"category","embeddable":true,"href":"https:\/\/blog.ufes.br\/patri_lab\/wp-json\/wp\/v2\/categories?post=1598"},{"taxonomy":"post_tag","embeddable":true,"href":"https:\/\/blog.ufes.br\/patri_lab\/wp-json\/wp\/v2\/tags?post=1598"}],"curies":[{"name":"wp","href":"https:\/\/api.w.org\/{rel}","templated":true}]}}