{"id":639,"date":"2012-03-27T15:43:07","date_gmt":"2012-03-27T18:43:07","guid":{"rendered":"http:\/\/blog.ufes.br\/patri_lab\/?p=639"},"modified":"2015-01-06T10:08:51","modified_gmt":"2015-01-06T12:08:51","slug":"proximos-eventos","status":"publish","type":"post","link":"https:\/\/blog.ufes.br\/patri_lab\/2012\/03\/27\/proximos-eventos\/","title":{"rendered":"Pr\u00f3ximos eventos"},"content":{"rendered":"<p><a href=\"http:\/\/blog.ufes.br\/patri_lab\/files\/2012\/03\/logo-2012-conpadre-2.jpg\"><img loading=\"lazy\" decoding=\"async\" class=\"alignleft size-medium wp-image-640\" alt=\"\" src=\"http:\/\/blog.ufes.br\/patri_lab\/files\/2012\/03\/logo-2012-conpadre-2-300x120.jpg\" width=\"300\" height=\"120\" srcset=\"https:\/\/blog.ufes.br\/patri_lab\/files\/2012\/03\/logo-2012-conpadre-2-300x120.jpg 300w, https:\/\/blog.ufes.br\/patri_lab\/files\/2012\/03\/logo-2012-conpadre-2.jpg 576w\" sizes=\"auto, (max-width: 300px) 100vw, 300px\" \/><\/a><\/p>\n<p style=\"text-align: justify\">Chequem a nova sess\u00e3o inaugurada hoje &#8211; &#8220;pr\u00f3ximos eventos&#8221; &#8211; em que os pesquisadores do Patri_Lab estar\u00e3o envolvidos!! Como o Conpadre 2012!!!!!<\/p>\n<p style=\"text-align: justify\">Quer um atalho? Use o seguinte\u00a0<a title=\"pr\u00f3ximos eventos\" href=\"http:\/\/blog.ufes.br\/patri_lab\/eventos\/proximos-eventos\/\" target=\"_blank\">hyperlink<\/a><\/p>\n","protected":false},"excerpt":{"rendered":"<p>Chequem a nova sess\u00e3o inaugurada hoje &#8211; &#8220;pr\u00f3ximos eventos&#8221; &#8211; em que os pesquisadores do Patri_Lab estar\u00e3o envolvidos!! Como o Conpadre 2012!!!!! Quer um atalho? Use o seguinte\u00a0hyperlink<\/p>\n","protected":false},"author":37,"featured_media":0,"comment_status":"open","ping_status":"open","sticky":false,"template":"","format":"standard","meta":{"_bbp_topic_count":0,"_bbp_reply_count":0,"_bbp_total_topic_count":0,"_bbp_total_reply_count":0,"_bbp_voice_count":0,"_bbp_anonymous_reply_count":0,"_bbp_topic_count_hidden":0,"_bbp_reply_count_hidden":0,"_bbp_forum_subforum_count":0,"_uag_custom_page_level_css":"","footnotes":""},"categories":[1],"tags":[],"class_list":["post-639","post","type-post","status-publish","format-standard","hentry","category-sem-categoria"],"uagb_featured_image_src":{"full":false,"thumbnail":false,"medium":false,"medium_large":false,"large":false,"1536x1536":false,"2048x2048":false,"post-thumbnail":false},"uagb_author_info":{"display_name":"Bruno de Andrade","author_link":"https:\/\/blog.ufes.br\/patri_lab\/author\/bruno-andrade\/"},"uagb_comment_info":0,"uagb_excerpt":"Chequem a nova sess\u00e3o inaugurada hoje &#8211; &#8220;pr\u00f3ximos eventos&#8221; &#8211; em que os pesquisadores do Patri_Lab estar\u00e3o envolvidos!! Como o Conpadre 2012!!!!! Quer um atalho? Use o seguinte\u00a0hyperlink","_links":{"self":[{"href":"https:\/\/blog.ufes.br\/patri_lab\/wp-json\/wp\/v2\/posts\/639","targetHints":{"allow":["GET"]}}],"collection":[{"href":"https:\/\/blog.ufes.br\/patri_lab\/wp-json\/wp\/v2\/posts"}],"about":[{"href":"https:\/\/blog.ufes.br\/patri_lab\/wp-json\/wp\/v2\/types\/post"}],"author":[{"embeddable":true,"href":"https:\/\/blog.ufes.br\/patri_lab\/wp-json\/wp\/v2\/users\/37"}],"replies":[{"embeddable":true,"href":"https:\/\/blog.ufes.br\/patri_lab\/wp-json\/wp\/v2\/comments?post=639"}],"version-history":[{"count":6,"href":"https:\/\/blog.ufes.br\/patri_lab\/wp-json\/wp\/v2\/posts\/639\/revisions"}],"predecessor-version":[{"id":1839,"href":"https:\/\/blog.ufes.br\/patri_lab\/wp-json\/wp\/v2\/posts\/639\/revisions\/1839"}],"wp:attachment":[{"href":"https:\/\/blog.ufes.br\/patri_lab\/wp-json\/wp\/v2\/media?parent=639"}],"wp:term":[{"taxonomy":"category","embeddable":true,"href":"https:\/\/blog.ufes.br\/patri_lab\/wp-json\/wp\/v2\/categories?post=639"},{"taxonomy":"post_tag","embeddable":true,"href":"https:\/\/blog.ufes.br\/patri_lab\/wp-json\/wp\/v2\/tags?post=639"}],"curies":[{"name":"wp","href":"https:\/\/api.w.org\/{rel}","templated":true}]}}