{"id":711,"date":"2012-04-21T15:55:37","date_gmt":"2012-04-21T18:55:37","guid":{"rendered":"http:\/\/blog.ufes.br\/patri_lab\/?p=711"},"modified":"2015-01-06T10:05:25","modified_gmt":"2015-01-06T12:05:25","slug":"ops-paisagem-cultural-discutida-no-espirito-santo","status":"publish","type":"post","link":"https:\/\/blog.ufes.br\/patri_lab\/2012\/04\/21\/ops-paisagem-cultural-discutida-no-espirito-santo\/","title":{"rendered":"OPS&#8230; Paisagem Cultural discutida no Esp\u00edrito Santo?"},"content":{"rendered":"<p><a title=\"wikipedia\" href=\"http:\/\/pt.wikipedia.org\/wiki\/Pancas\" target=\"_blank\"><img loading=\"lazy\" decoding=\"async\" class=\"alignleft size-medium wp-image-712\" alt=\"\" src=\"http:\/\/blog.ufes.br\/patri_lab\/files\/2012\/04\/280px-EspiritoSanto_Municip_Pancas.svg_-205x300.png\" width=\"205\" height=\"300\" srcset=\"https:\/\/blog.ufes.br\/patri_lab\/files\/2012\/04\/280px-EspiritoSanto_Municip_Pancas.svg_-205x300.png 205w, https:\/\/blog.ufes.br\/patri_lab\/files\/2012\/04\/280px-EspiritoSanto_Municip_Pancas.svg_.png 280w\" sizes=\"auto, (max-width: 205px) 100vw, 205px\" \/><\/a><\/p>\n<p style=\"text-align: justify\">O IPHAN realizar\u00e1 neste primeiro semestre de 2012 um semin\u00e1rio sobre a chancela da paisagem na cidade de Pancas, no Esp\u00edrito Santo, trata-se de um desdobramento do 2\u00ba Col\u00f3quio da Pol\u00edtica da Paisagem no Esp\u00edrito Santo, realizado no dia 27 de mar\u00e7o. \u00a0A prerrogativa para o evento em Pancas, \u00e9 a reconhecimento da rela\u00e7\u00e3o equilibrada do imigrante pomerano com a natureza, o que justificaria sua declara\u00e7\u00e3o como Paisagem Cultural Brasileira.<\/p>\n<p style=\"text-align: justify\">\n<p style=\"text-align: justify\">\n<p style=\"text-align: justify\">Segundo postagem no site &#8220;<a title=\"post aldeia comum pancas\" href=\"http:\/\/aldeiacomum.com\/2012\/04\/12\/iphan-paisagem-cultural-e-tema-de-debate-no-espirito-santo\/\" target=\"_blank\">Aldeia Comum<\/a>&#8220;, os pomeranos:<\/p>\n<h6 style=\"text-align: justify\">\u00a0<a href=\"http:\/\/blog.ufes.br\/patri_lab\/files\/2012\/04\/PANCAS-VISTA-AEREA4.jpg\"><img loading=\"lazy\" decoding=\"async\" class=\"alignleft size-medium wp-image-728\" alt=\"\" src=\"http:\/\/blog.ufes.br\/patri_lab\/files\/2012\/04\/PANCAS-VISTA-AEREA4-300x225.jpg\" width=\"300\" height=\"225\" srcset=\"https:\/\/blog.ufes.br\/patri_lab\/files\/2012\/04\/PANCAS-VISTA-AEREA4-300x225.jpg 300w, https:\/\/blog.ufes.br\/patri_lab\/files\/2012\/04\/PANCAS-VISTA-AEREA4.jpg 320w\" sizes=\"auto, (max-width: 300px) 100vw, 300px\" \/><\/a><span style=\"text-align: left\">(&#8230;) descendem de tribos eslavas e germ\u00e2nicas que viveram na regi\u00e3o da Pomer\u00e2nia (Pommerland), hoje conhecida como Pomer\u00e2nia\u00a0Oriental, devastada pela Segunda Guerra Mundial e atualmente situada entre a Alemanha e a Pol\u00f4nia. Os pomeranos do Brasil, situados nos estados do Rio Grande do Sul, Santa Catarina e Esp\u00edrito Santo, falam um idioma extinto de origem baixo sax\u00f4nica, o pomerano. Essa l\u00edngua foi preservada gra\u00e7as a um projeto capixaba, o Programa de Educa\u00e7\u00e3o Escolar Pomerana. Os pomeranos conservam a floresta de suas propriedades por acreditareem que sua destrui\u00e7\u00e3o atrairia para suas casas tudo o que nela existe de mal\u00e9volo, sob um ponto de vista material ou espiritual.<\/span><\/h6>\n<p style=\"text-align: justify\">\n<p style=\"text-align: justify\">Voc\u00ea, car@, se quiser conhecer mais sobre a ocupa\u00e7\u00e3o territorial pelos pomeranos, fique ligado nas pesquisas em andamento e em fabula\u00e7\u00e3o aqui no Patri_Lab! Deixe um coment\u00e1rio, participe da constru\u00e7\u00e3o deste blog!<\/p>\n","protected":false},"excerpt":{"rendered":"<p>O IPHAN realizar\u00e1 neste primeiro semestre de 2012 um semin\u00e1rio sobre a chancela da paisagem na cidade de Pancas, no Esp\u00edrito Santo, trata-se de um desdobramento do 2\u00ba Col\u00f3quio da Pol\u00edtica da Paisagem no Esp\u00edrito Santo, realizado no dia 27 &hellip; <a href=\"https:\/\/blog.ufes.br\/patri_lab\/2012\/04\/21\/ops-paisagem-cultural-discutida-no-espirito-santo\/\">Continue lendo <span class=\"meta-nav\">&rarr;<\/span><\/a><\/p>\n","protected":false},"author":37,"featured_media":0,"comment_status":"open","ping_status":"open","sticky":false,"template":"","format":"standard","meta":{"_bbp_topic_count":0,"_bbp_reply_count":0,"_bbp_total_topic_count":0,"_bbp_total_reply_count":0,"_bbp_voice_count":0,"_bbp_anonymous_reply_count":0,"_bbp_topic_count_hidden":0,"_bbp_reply_count_hidden":0,"_bbp_forum_subforum_count":0,"_uag_custom_page_level_css":"","footnotes":""},"categories":[1],"tags":[],"class_list":["post-711","post","type-post","status-publish","format-standard","hentry","category-sem-categoria"],"uagb_featured_image_src":{"full":false,"thumbnail":false,"medium":false,"medium_large":false,"large":false,"1536x1536":false,"2048x2048":false,"post-thumbnail":false},"uagb_author_info":{"display_name":"Bruno de Andrade","author_link":"https:\/\/blog.ufes.br\/patri_lab\/author\/bruno-andrade\/"},"uagb_comment_info":0,"uagb_excerpt":"O IPHAN realizar\u00e1 neste primeiro semestre de 2012 um semin\u00e1rio sobre a chancela da paisagem na cidade de Pancas, no Esp\u00edrito Santo, trata-se de um desdobramento do 2\u00ba Col\u00f3quio da Pol\u00edtica da Paisagem no Esp\u00edrito Santo, realizado no dia 27 &hellip; Continue lendo &rarr;","_links":{"self":[{"href":"https:\/\/blog.ufes.br\/patri_lab\/wp-json\/wp\/v2\/posts\/711","targetHints":{"allow":["GET"]}}],"collection":[{"href":"https:\/\/blog.ufes.br\/patri_lab\/wp-json\/wp\/v2\/posts"}],"about":[{"href":"https:\/\/blog.ufes.br\/patri_lab\/wp-json\/wp\/v2\/types\/post"}],"author":[{"embeddable":true,"href":"https:\/\/blog.ufes.br\/patri_lab\/wp-json\/wp\/v2\/users\/37"}],"replies":[{"embeddable":true,"href":"https:\/\/blog.ufes.br\/patri_lab\/wp-json\/wp\/v2\/comments?post=711"}],"version-history":[{"count":15,"href":"https:\/\/blog.ufes.br\/patri_lab\/wp-json\/wp\/v2\/posts\/711\/revisions"}],"predecessor-version":[{"id":1817,"href":"https:\/\/blog.ufes.br\/patri_lab\/wp-json\/wp\/v2\/posts\/711\/revisions\/1817"}],"wp:attachment":[{"href":"https:\/\/blog.ufes.br\/patri_lab\/wp-json\/wp\/v2\/media?parent=711"}],"wp:term":[{"taxonomy":"category","embeddable":true,"href":"https:\/\/blog.ufes.br\/patri_lab\/wp-json\/wp\/v2\/categories?post=711"},{"taxonomy":"post_tag","embeddable":true,"href":"https:\/\/blog.ufes.br\/patri_lab\/wp-json\/wp\/v2\/tags?post=711"}],"curies":[{"name":"wp","href":"https:\/\/api.w.org\/{rel}","templated":true}]}}