{"id":883,"date":"2012-06-19T19:47:17","date_gmt":"2012-06-19T22:47:17","guid":{"rendered":"http:\/\/blog.ufes.br\/patri_lab\/?p=883"},"modified":"2015-01-06T10:03:53","modified_gmt":"2015-01-06T12:03:53","slug":"resultado-do-iisi","status":"publish","type":"post","link":"https:\/\/blog.ufes.br\/patri_lab\/2012\/06\/19\/resultado-do-iisi\/","title":{"rendered":"Resultado do IISI"},"content":{"rendered":"<p style=\"text-align: justify\">O II Semin\u00e1rio Interno do Patri_Lab realizado no dia 14 de junho de 2012 foi um sucesso! Os pesquisadores tiveram a chance de apresentarem sinteticamente os trabalhos realizados a partir de 2011\/2 com o objetivo de conhecimento geral dos projetos desenvolvidos, e fabula\u00e7\u00f5es de poss\u00edveis parcerias.<\/p>\n<p style=\"text-align: justify\">Clique na imagem de cada pesquisador para acessar o v\u00eddeo\/trecho da apresenta\u00e7\u00e3o no Youtube:<\/p>\n<p style=\"text-align: justify\"><a title=\"trecho renata\" href=\"http:\/\/www.youtube.com\/watch?v=hrp6na6m57Q\" target=\"_blank\"><img loading=\"lazy\" decoding=\"async\" class=\"alignleft size-thumbnail wp-image-884\" alt=\"\" src=\"http:\/\/blog.ufes.br\/patri_lab\/files\/2012\/06\/renata-150x150.jpg\" width=\"150\" height=\"150\" \/><\/a><\/p>\n<p style=\"text-align: justify\">Renata Hermanny de Almeida<\/p>\n<p style=\"text-align: justify\">A professora coordenadora do laborat\u00f3rio abre o evento para contextualizar a inser\u00e7\u00e3o das pesquisas no <em>estado da arte<\/em> contempor\u00e2neo, al\u00e9m de esclarecer a programa\u00e7\u00e3o das apresenta\u00e7\u00f5es.<\/p>\n<p style=\"text-align: justify\"><a title=\"trecho nat\u00e1lia\" href=\"http:\/\/www.youtube.com\/watch?v=efF__dK6ZOE\" target=\"_blank\"><img loading=\"lazy\" decoding=\"async\" class=\"alignleft size-thumbnail wp-image-908\" alt=\"\" src=\"http:\/\/blog.ufes.br\/patri_lab\/files\/2012\/06\/nat-150x150.jpg\" width=\"150\" height=\"150\" \/><\/a><\/p>\n<p style=\"text-align: justify\"><span style=\"line-height: 24px\">Nat\u00e1lia Oliveira Lira da Silva<\/span><\/p>\n<p style=\"text-align: justify\">&#8220;Patrim\u00f4nio territorial e globaliza\u00e7\u00e3o em Linhares [ES]: prospectivando cen\u00e1rios de desenvolvimento local&#8221;<\/p>\n<p style=\"text-align: justify\">\n<p style=\"text-align: justify\"><a title=\"trecho deborah\" href=\"http:\/\/www.youtube.com\/watch?v=GhV5CzOl4As\" target=\"_blank\"><img loading=\"lazy\" decoding=\"async\" class=\"alignleft size-thumbnail wp-image-886\" alt=\"\" src=\"http:\/\/blog.ufes.br\/patri_lab\/files\/2012\/06\/deborah-150x150.jpg\" width=\"150\" height=\"150\" \/><\/a>Deborah Augusta do Amaral e Castro<\/p>\n<p style=\"text-align: justify\">&#8220;Atualiza\u00e7\u00e3o do valor do patrim\u00f4nio ambiental urbano: uso e pot\u00eancias socioecon\u00f4micas no desenvolvimento de Santa Leopoldina [ES]&#8221;<\/p>\n<p style=\"text-align: justify\">\n<p style=\"text-align: justify\"><a title=\"trecho lorena\" href=\"http:\/\/www.youtube.com\/watch?v=VFTFD6BwC4E\" target=\"_blank\"><img loading=\"lazy\" decoding=\"async\" class=\"alignleft size-thumbnail wp-image-887\" alt=\"\" src=\"http:\/\/blog.ufes.br\/patri_lab\/files\/2012\/06\/lorena-150x150.jpg\" width=\"150\" height=\"150\" \/><\/a><\/p>\n<p style=\"text-align: justify\">Lorena de Andrade Castiglioni<\/p>\n<p style=\"text-align: justify\">&#8220;Educa\u00e7\u00e3o patrimonial e desenvolvimento local: rela\u00e7\u00e3o sociedade-patrim\u00f4nio em Santa Leopoldina [ES]&#8221;<\/p>\n<p style=\"text-align: justify\">\n<p style=\"text-align: justify\"><a title=\"trecho bruno\" href=\"http:\/\/www.youtube.com\/watch?v=sx_9HEbfpcg\" target=\"_blank\"><img loading=\"lazy\" decoding=\"async\" class=\"alignleft size-thumbnail wp-image-888\" alt=\"\" src=\"http:\/\/blog.ufes.br\/patri_lab\/files\/2012\/06\/bruno-150x150.jpg\" width=\"150\" height=\"150\" \/><\/a><\/p>\n<p style=\"text-align: justify\">Bruno Amaral de Andrade<\/p>\n<p style=\"text-align: justify\">&#8220;Rio Santa Maria da Vit\u00f3ria, patrim\u00f4nio protagonista do desenvolvimento regional de Santa Leopoldina [ES]&#8221;<\/p>\n<p style=\"text-align: justify\">\n<p style=\"text-align: justify\"><a title=\"trecho giovanna\" href=\"http:\/\/www.youtube.com\/watch?v=wHwij_an6uA\" target=\"_blank\"><img loading=\"lazy\" decoding=\"async\" class=\"alignleft size-thumbnail wp-image-889\" alt=\"\" src=\"http:\/\/blog.ufes.br\/patri_lab\/files\/2012\/06\/giovanna-150x150.jpg\" width=\"150\" height=\"150\" \/><\/a>Giovanna Gon\u00e7alvez Silva<\/p>\n<p style=\"text-align: justify\">&#8220;Categoriza\u00e7\u00e3o de interven\u00e7\u00f5es urbanas: 1950-2010&#8221;<\/p>\n<p style=\"text-align: justify\">\n<p style=\"text-align: justify\">\n<p style=\"text-align: justify\"><a title=\"trecho fl\u00e1via\" href=\"http:\/\/www.youtube.com\/watch?v=b6dQPkiGCGs&amp;feature=youtu.be\" target=\"_blank\"><img loading=\"lazy\" decoding=\"async\" class=\"alignleft size-thumbnail wp-image-890\" alt=\"\" src=\"http:\/\/blog.ufes.br\/patri_lab\/files\/2012\/06\/fl\u00e1via-150x150.jpg\" width=\"150\" height=\"150\" \/><\/a>Fl\u00e1via Marcarine Arruda<\/p>\n<p style=\"text-align: justify\">&#8220;A inser\u00e7\u00e3o de nova arquitetura em contexto com preexist\u00eancia cr\u00edtica: estudo da obra do escrit\u00f3rio Marroquin Arquitetos Ltda.&#8221;<\/p>\n<p style=\"text-align: justify\">\n<p style=\"text-align: justify\"><a title=\"trecho maisa\" href=\"http:\/\/www.youtube.com\/watch?v=y0S21XgEBN8\" target=\"_blank\"><img loading=\"lazy\" decoding=\"async\" class=\"alignleft size-thumbnail wp-image-905\" alt=\"\" src=\"http:\/\/blog.ufes.br\/patri_lab\/files\/2012\/06\/maisa-150x150.jpg\" width=\"150\" height=\"150\" \/><\/a><\/p>\n<p style=\"text-align: justify\">Maisa Mazzini<\/p>\n<p style=\"text-align: justify\">&#8220;Mapeamento de situa\u00e7\u00f5es de inser\u00e7\u00e3o de nova arquitetura em contexto com preexist\u00eancia cr\u00edtica. Estudo de caso na cidade de Sabar\u00e1 [MG]&#8221;<\/p>\n<p style=\"text-align: justify\">\n<p style=\"text-align: justify\"><a title=\"trecho ramona\" href=\"http:\/\/www.youtube.com\/watch?v=QcanyFd4BDI\" target=\"_blank\"><img loading=\"lazy\" decoding=\"async\" class=\"alignleft size-thumbnail wp-image-891\" alt=\"\" src=\"http:\/\/blog.ufes.br\/patri_lab\/files\/2012\/06\/ramona-150x150.jpg\" width=\"150\" height=\"150\" \/><\/a>Ramona Faitanin<\/p>\n<p style=\"text-align: justify\">&#8220;O planejamento como instrumento de concilia\u00e7\u00e3o entre a preserva\u00e7\u00e3o e o desenvolvimento urbano: o caso de Vit\u00f3ria [ES]&#8221;<\/p>\n<p style=\"text-align: justify\">\n<p style=\"text-align: justify\"><a title=\"trecho rodrigo\" href=\"http:\/\/www.youtube.com\/watch?v=lnZgTok3MlI\" target=\"_blank\"><img loading=\"lazy\" decoding=\"async\" class=\"alignleft size-thumbnail wp-image-892\" alt=\"\" src=\"http:\/\/blog.ufes.br\/patri_lab\/files\/2012\/06\/rodrigo-150x150.jpg\" width=\"150\" height=\"150\" \/><\/a>Rodrigo Zotelli Queiroz<\/p>\n<p style=\"text-align: justify\">&#8220;Desenvolver e preservar. As novas ocupa\u00e7\u00f5es e as altera\u00e7\u00f5es na ambi\u00eancia urbana do s\u00edtio hist\u00f3rico tombado de Santa Leopoldina [ES]&#8221;<\/p>\n<p style=\"text-align: justify\">\n<p style=\"text-align: justify\"><a title=\"trecho jaqueline\" href=\"http:\/\/www.youtube.com\/watch?v=wL1RtC6ti6c\" target=\"_blank\"><img loading=\"lazy\" decoding=\"async\" class=\"alignleft size-thumbnail wp-image-893\" alt=\"\" src=\"http:\/\/blog.ufes.br\/patri_lab\/files\/2012\/06\/jaque-150x150.jpg\" width=\"150\" height=\"150\" \/><\/a>Jaqueline Pugnal da Silva<\/p>\n<p style=\"text-align: justify\">&#8220;Modelo de inser\u00e7\u00e3o de nova arquitetura em \u00e1reas urbanas diferenciadas. Experimenta\u00e7\u00e3o na cidade de Sabar\u00e1 [MG]&#8221;<\/p>\n<p style=\"text-align: justify\">\n<p style=\"text-align: justify\">\n<p style=\"text-align: justify\">Em breve um semin\u00e1rio aberto (2012\/2), fiquem atentos \u00e0s atualiza\u00e7\u00f5es do blog!<\/p>\n<p><a href=\"http:\/\/blog.ufes.br\/patri_lab\/files\/2012\/06\/todos.jpg\"><img loading=\"lazy\" decoding=\"async\" class=\"alignleft size-full wp-image-899\" alt=\"\" src=\"http:\/\/blog.ufes.br\/patri_lab\/files\/2012\/06\/todos.jpg\" width=\"3456\" height=\"2592\" srcset=\"https:\/\/blog.ufes.br\/patri_lab\/files\/2012\/06\/todos.jpg 3456w, https:\/\/blog.ufes.br\/patri_lab\/files\/2012\/06\/todos-300x225.jpg 300w, https:\/\/blog.ufes.br\/patri_lab\/files\/2012\/06\/todos-1024x768.jpg 1024w\" sizes=\"auto, (max-width: 3456px) 100vw, 3456px\" \/><\/a><\/p>\n","protected":false},"excerpt":{"rendered":"<p>O II Semin\u00e1rio Interno do Patri_Lab realizado no dia 14 de junho de 2012 foi um sucesso! Os pesquisadores tiveram a chance de apresentarem sinteticamente os trabalhos realizados a partir de 2011\/2 com o objetivo de conhecimento geral dos projetos &hellip; <a href=\"https:\/\/blog.ufes.br\/patri_lab\/2012\/06\/19\/resultado-do-iisi\/\">Continue lendo <span class=\"meta-nav\">&rarr;<\/span><\/a><\/p>\n","protected":false},"author":37,"featured_media":0,"comment_status":"open","ping_status":"open","sticky":false,"template":"","format":"standard","meta":{"_bbp_topic_count":0,"_bbp_reply_count":0,"_bbp_total_topic_count":0,"_bbp_total_reply_count":0,"_bbp_voice_count":0,"_bbp_anonymous_reply_count":0,"_bbp_topic_count_hidden":0,"_bbp_reply_count_hidden":0,"_bbp_forum_subforum_count":0,"_uag_custom_page_level_css":"","footnotes":""},"categories":[1],"tags":[],"class_list":["post-883","post","type-post","status-publish","format-standard","hentry","category-sem-categoria"],"uagb_featured_image_src":{"full":false,"thumbnail":false,"medium":false,"medium_large":false,"large":false,"1536x1536":false,"2048x2048":false,"post-thumbnail":false},"uagb_author_info":{"display_name":"Bruno de Andrade","author_link":"https:\/\/blog.ufes.br\/patri_lab\/author\/bruno-andrade\/"},"uagb_comment_info":0,"uagb_excerpt":"O II Semin\u00e1rio Interno do Patri_Lab realizado no dia 14 de junho de 2012 foi um sucesso! Os pesquisadores tiveram a chance de apresentarem sinteticamente os trabalhos realizados a partir de 2011\/2 com o objetivo de conhecimento geral dos projetos &hellip; Continue lendo &rarr;","_links":{"self":[{"href":"https:\/\/blog.ufes.br\/patri_lab\/wp-json\/wp\/v2\/posts\/883","targetHints":{"allow":["GET"]}}],"collection":[{"href":"https:\/\/blog.ufes.br\/patri_lab\/wp-json\/wp\/v2\/posts"}],"about":[{"href":"https:\/\/blog.ufes.br\/patri_lab\/wp-json\/wp\/v2\/types\/post"}],"author":[{"embeddable":true,"href":"https:\/\/blog.ufes.br\/patri_lab\/wp-json\/wp\/v2\/users\/37"}],"replies":[{"embeddable":true,"href":"https:\/\/blog.ufes.br\/patri_lab\/wp-json\/wp\/v2\/comments?post=883"}],"version-history":[{"count":17,"href":"https:\/\/blog.ufes.br\/patri_lab\/wp-json\/wp\/v2\/posts\/883\/revisions"}],"predecessor-version":[{"id":1815,"href":"https:\/\/blog.ufes.br\/patri_lab\/wp-json\/wp\/v2\/posts\/883\/revisions\/1815"}],"wp:attachment":[{"href":"https:\/\/blog.ufes.br\/patri_lab\/wp-json\/wp\/v2\/media?parent=883"}],"wp:term":[{"taxonomy":"category","embeddable":true,"href":"https:\/\/blog.ufes.br\/patri_lab\/wp-json\/wp\/v2\/categories?post=883"},{"taxonomy":"post_tag","embeddable":true,"href":"https:\/\/blog.ufes.br\/patri_lab\/wp-json\/wp\/v2\/tags?post=883"}],"curies":[{"name":"wp","href":"https:\/\/api.w.org\/{rel}","templated":true}]}}