{"id":111,"date":"2020-03-15T18:15:34","date_gmt":"2020-03-15T21:15:34","guid":{"rendered":"http:\/\/blog.ufes.br\/pdi2020-2029\/?p=111"},"modified":"2021-03-02T19:50:34","modified_gmt":"2021-03-02T22:50:34","slug":"missao-visao-e-valores-da-ufes-2020-2029","status":"publish","type":"post","link":"https:\/\/blog.ufes.br\/pdi2020-2030\/2020\/03\/15\/missao-visao-e-valores-da-ufes-2020-2029\/","title":{"rendered":"Miss\u00e3o, Vis\u00e3o e Valores da UFES (2020 &#8211; 2029)"},"content":{"rendered":"\n<p>A UFES j\u00e1 tem definida sua Miss\u00e3o, Vis\u00e3o e Valores para os pr\u00f3ximos 10 anos! Em reuni\u00e3o com o Comit\u00ea Central para elabora\u00e7\u00e3o do PDI (grupo formado pelo Reitor, Vice-reitora, Pr\u00f3-reitores, Diretores de centro e tr\u00eas representantes do Conselho Universit\u00e1rio), foram definidas essas tr\u00eas quest\u00f5es que s\u00e3o a base para a formula\u00e7\u00e3o do Plano. Os membros do Comit\u00ea Central definiram a Miss\u00e3o, a Vis\u00e3o e os Valores da Universidade levando em considera\u00e7\u00e3o os resultados da Pesquisa de Opini\u00e3o feita, que agregou respostas de membros de toda a comunidade universit\u00e1ria, ressaltando assim o car\u00e1ter participativo da constru\u00e7\u00e3o do PDI.<\/p>\n\n\n\n<p>Relembre os resultados da Pesquisa de Opini\u00e3o: <a href=\"https:\/\/blog.ufes.br\/pdi2020-2029\/2019\/11\/11\/resultados-da-pesquisa-de-opiniao-2\/\">https:\/\/blog.ufes.br\/pdi2020-2029\/2019\/11\/11\/resultados-da-pesquisa-de-opiniao-2\/<\/a><\/p>\n\n\n\n<p>\u00c9 importante tamb\u00e9m relembrar o significado desses conceitos. A MISS\u00c3O \u00e9 a raz\u00e3o de ser da institui\u00e7\u00e3o, seu prop\u00f3sito e sua finalidade. Revela a identidade organizacional. Devemos responder a seguinte pergunta: para que a UFES existe?<\/p>\n\n\n\n<p>A VIS\u00c3O \u00e9 o principal alvo que queremos alcan\u00e7ar no futuro. \u00c9 um lugar no futuro aonde queremos estar. Devemos responder a seguinte pergunta: onde a Ufes quer e pode estar em 2029?<\/p>\n\n\n\n<p>Os VALORES s\u00e3o aqueles que a institui\u00e7\u00e3o identifica e compartilha em seu dia-a-dia e que determina como a coisas devem ser interpretadas e executadas. Devemos responder a seguinte pergunta: quais princ\u00edpios, condutas e atitudes a Ufes precisa colocar em pr\u00e1tica para fazer com que a sua Miss\u00e3o possa acontecer?<\/p>\n\n\n\n<p>Dessa forma, a Miss\u00e3o, a Vis\u00e3o e os Valores servir\u00e3o para balizar todas as a\u00e7\u00f5es estrat\u00e9gicas da UFES para os pr\u00f3ximos 10 anos, tanto no meio acad\u00eamico quanto no meio administrativo.<\/p>\n\n\n\n<p>Al\u00e9m disso, o Comit\u00ea Central definiu tamb\u00e9m os Desafios Institucionais do PDI 2020 \u2013 2029. Os Desafios s\u00e3o grandes temas a serem enfrentados pela Universidade nos pr\u00f3ximos 10 anos, e organizar\u00e3o os objetivos estrat\u00e9gicos e metas do PDI em seus respectivos arcabou\u00e7os tem\u00e1ticos. O Comit\u00ea Central est\u00e1 em fase de prioriza\u00e7\u00e3o desses Desafios, para definir quais ser\u00e3o trabalhados num primeiro momento.<\/p>\n\n\n\n<p>Desse modo, seguem abaixo a MISS\u00c3O, a VIS\u00c3O, os VALORES e os DESAFIOS INSTITUCIONAIS definidos para o PDI UFES 2020 \u2013 2029:<\/p>\n\n\n\n<p><strong>MISS\u00c3O<\/strong>: Garantir a forma\u00e7\u00e3o humana, acad\u00eamica e profissional com excel\u00eancia, por meio do ensino, da pesquisa e da extens\u00e3o, com a produ\u00e7\u00e3o de avan\u00e7os cient\u00edficos, tecnol\u00f3gicos, educacionais, culturais, sociais e de inova\u00e7\u00e3o, e a promo\u00e7\u00e3o dos direitos e da inclus\u00e3o social.<\/p>\n\n\n\n<p><strong>VIS\u00c3O:<\/strong> Ser reconhecida como institui\u00e7\u00e3o p\u00fablica de excel\u00eancia nacional e internacional em ensino, pesquisa e extens\u00e3o, comprometida com a inclus\u00e3o social, a interioriza\u00e7\u00e3o, a inova\u00e7\u00e3o e o desenvolvimento sustent\u00e1vel da sociedade brasileira, em particular do Estado do Esp\u00edrito Santo.<\/p>\n\n\n\n<p><strong>VALORES:<\/strong><\/p>\n\n\n\n<p>\u2022 Compromisso com os interesses e as necessidades da sociedade brasileira, em particular a capixaba;<br>\u2022 Interlocu\u00e7\u00e3o e parceria com a sociedade;<br>\u2022 Defesa da universidade p\u00fablica, gratuita, laica, pluri\u00e9tnica e socialmente referenciada;<br>\u2022 Comprometimento com a excel\u00eancia do ensino, da pesquisa e da extens\u00e3o;<br>\u2022 Defesa e respeito \u00e0s diversidades \u00e9tnico-raciais, de g\u00eanero, culturais, sociais e regionais de nossa popula\u00e7\u00e3o;<br>\u2022 Gest\u00e3o democr\u00e1tica, transparente, participativa e efetiva;<br>\u2022 Compromisso com a valoriza\u00e7\u00e3o das pessoas e defesa intransigente dos Direitos Humanos na garantia do Estado Democr\u00e1tico de Direito;<br>\u2022 Compromisso com o coletivo, a pluralidade, a acessibilidade, as a\u00e7\u00f5es afirmativas e a democratiza\u00e7\u00e3o do acesso e da perman\u00eancia estudantil;<br>\u2022 Defesa permanente da autonomia universit\u00e1ria;<br>\u2022 Garantia da liberdade de ensinar e de aprender;<br>\u2022 Atua\u00e7\u00e3o calcada em princ\u00edpios \u00e9ticos e de sustentabilidade (social, econ\u00f4mica e ambiental).<\/p>\n\n\n\n<p><strong>DESAFIOS INSTITUCIONAIS<\/strong><\/p>\n\n\n\n<figure class=\"wp-block-table\"><table><tbody><tr><td>\n  Internacionaliza\u00e7\u00e3o\n  <\/td><\/tr><tr><td>\n  Desenvolvimento de pessoas\n  <\/td><\/tr><tr><td>\n  Qualidade de vida\n  <\/td><\/tr><tr><td>\n  Inova\u00e7\u00e3o\n  <\/td><\/tr><tr><td>\n  Esporte, cultura e arte\n  <\/td><\/tr><tr><td>\n  Infraestrutura e acessibilidade\n  <\/td><\/tr><tr><td>\n  A\u00e7\u00f5es afirmativas\n  <\/td><\/tr><tr><td>\n  Imagem Institucional\n  <\/td><\/tr><tr><td>\n  Sustentabilidade ambiental\n  <\/td><\/tr><tr><td>\n  Sustentabilidade econ\u00f4mico-financeira\n  <\/td><\/tr><\/tbody><\/table><\/figure>\n","protected":false},"excerpt":{"rendered":"<div class=\"mh-excerpt\"><p>A UFES j\u00e1 tem definida sua Miss\u00e3o, Vis\u00e3o e Valores para os pr\u00f3ximos 10 anos! Em reuni\u00e3o com o Comit\u00ea Central para elabora\u00e7\u00e3o do PDI <a class=\"mh-excerpt-more\" href=\"https:\/\/blog.ufes.br\/pdi2020-2030\/2020\/03\/15\/missao-visao-e-valores-da-ufes-2020-2029\/\" title=\"Miss\u00e3o, Vis\u00e3o e Valores da UFES (2020 &#8211; 2029)\">[&#8230;]<\/a><\/p>\n<\/div>","protected":false},"author":367,"featured_media":112,"comment_status":"open","ping_status":"open","sticky":false,"template":"","format":"standard","meta":{"_bbp_topic_count":0,"_bbp_reply_count":0,"_bbp_total_topic_count":0,"_bbp_total_reply_count":0,"_bbp_voice_count":0,"_bbp_anonymous_reply_count":0,"_bbp_topic_count_hidden":0,"_bbp_reply_count_hidden":0,"_bbp_forum_subforum_count":0,"_uag_custom_page_level_css":"","ngg_post_thumbnail":0,"footnotes":""},"categories":[1],"tags":[],"class_list":["post-111","post","type-post","status-publish","format-standard","has-post-thumbnail","hentry","category-sem-categoria"],"uagb_featured_image_src":{"full":["https:\/\/blog.ufes.br\/pdi2020-2030\/files\/2020\/03\/image.png",936,625,false],"thumbnail":["https:\/\/blog.ufes.br\/pdi2020-2030\/files\/2020\/03\/image.png",150,100,false],"medium":["https:\/\/blog.ufes.br\/pdi2020-2030\/files\/2020\/03\/image.png",300,200,false],"medium_large":["https:\/\/blog.ufes.br\/pdi2020-2030\/files\/2020\/03\/image.png",768,513,false],"large":["https:\/\/blog.ufes.br\/pdi2020-2030\/files\/2020\/03\/image.png",936,625,false],"1536x1536":["https:\/\/blog.ufes.br\/pdi2020-2030\/files\/2020\/03\/image.png",936,625,false],"2048x2048":["https:\/\/blog.ufes.br\/pdi2020-2030\/files\/2020\/03\/image.png",936,625,false],"mh-magazine-lite-slider":["https:\/\/blog.ufes.br\/pdi2020-2030\/files\/2020\/03\/image.png",656,438,false],"mh-magazine-lite-content":["https:\/\/blog.ufes.br\/pdi2020-2030\/files\/2020\/03\/image.png",571,381,false],"mh-magazine-lite-large":["https:\/\/blog.ufes.br\/pdi2020-2030\/files\/2020\/03\/image.png",678,453,false],"mh-magazine-lite-medium":["https:\/\/blog.ufes.br\/pdi2020-2030\/files\/2020\/03\/image.png",326,218,false],"mh-magazine-lite-small":["https:\/\/blog.ufes.br\/pdi2020-2030\/files\/2020\/03\/image.png",80,53,false]},"uagb_author_info":{"display_name":"vitorpompermayer","author_link":"https:\/\/blog.ufes.br\/pdi2020-2030\/author\/vitorpompermayer\/"},"uagb_comment_info":2,"uagb_excerpt":"A UFES j\u00e1 tem definida sua Miss\u00e3o, Vis\u00e3o e Valores para os pr\u00f3ximos 10 anos! Em reuni\u00e3o com o Comit\u00ea Central para elabora\u00e7\u00e3o do PDI [...]","_links":{"self":[{"href":"https:\/\/blog.ufes.br\/pdi2020-2030\/wp-json\/wp\/v2\/posts\/111","targetHints":{"allow":["GET"]}}],"collection":[{"href":"https:\/\/blog.ufes.br\/pdi2020-2030\/wp-json\/wp\/v2\/posts"}],"about":[{"href":"https:\/\/blog.ufes.br\/pdi2020-2030\/wp-json\/wp\/v2\/types\/post"}],"author":[{"embeddable":true,"href":"https:\/\/blog.ufes.br\/pdi2020-2030\/wp-json\/wp\/v2\/users\/367"}],"replies":[{"embeddable":true,"href":"https:\/\/blog.ufes.br\/pdi2020-2030\/wp-json\/wp\/v2\/comments?post=111"}],"version-history":[{"count":3,"href":"https:\/\/blog.ufes.br\/pdi2020-2030\/wp-json\/wp\/v2\/posts\/111\/revisions"}],"predecessor-version":[{"id":162,"href":"https:\/\/blog.ufes.br\/pdi2020-2030\/wp-json\/wp\/v2\/posts\/111\/revisions\/162"}],"wp:featuredmedia":[{"embeddable":true,"href":"https:\/\/blog.ufes.br\/pdi2020-2030\/wp-json\/wp\/v2\/media\/112"}],"wp:attachment":[{"href":"https:\/\/blog.ufes.br\/pdi2020-2030\/wp-json\/wp\/v2\/media?parent=111"}],"wp:term":[{"taxonomy":"category","embeddable":true,"href":"https:\/\/blog.ufes.br\/pdi2020-2030\/wp-json\/wp\/v2\/categories?post=111"},{"taxonomy":"post_tag","embeddable":true,"href":"https:\/\/blog.ufes.br\/pdi2020-2030\/wp-json\/wp\/v2\/tags?post=111"}],"curies":[{"name":"wp","href":"https:\/\/api.w.org\/{rel}","templated":true}]}}