{"id":68,"date":"2019-08-29T17:28:03","date_gmt":"2019-08-29T20:28:03","guid":{"rendered":"http:\/\/blog.ufes.br\/pdi2020-2029\/?p=68"},"modified":"2019-08-29T17:28:03","modified_gmt":"2019-08-29T20:28:03","slug":"evento-de-lancamento-do-pdi-2020-2029-2","status":"publish","type":"post","link":"https:\/\/blog.ufes.br\/pdi2020-2030\/2019\/08\/29\/evento-de-lancamento-do-pdi-2020-2029-2\/","title":{"rendered":"Evento de lan\u00e7amento do PDI 2020 &#8211; 2029"},"content":{"rendered":"\n<p>\nOl\u00e1, comunidade capixaba!<\/p>\n\n\n\n<p>No dia 27\/08, no Cine Metr\u00f3polis, a UFES realizou o lan\u00e7amento do processo de revis\u00e3o do seu Plano de Desenvolvimento Institucional (PDI) 2020-2029. Al\u00e9m da presen\u00e7a do Reitor e demais convidados, o evento contou tamb\u00e9m com a presen\u00e7a do presidente da Comiss\u00e3o Executiva do processo de elabora\u00e7\u00e3o do PDI, Sr. Pedro Paulo Modenesi Martins da Cunha, que fez uma breve apresenta\u00e7\u00e3o sobre a metodologia de constru\u00e7\u00e3o do PDI 2020-2029. Al\u00e9m disso, participaram os palestrantes Sr. Frank Casado, Pr\u00f3-reitor de Planejamento, e o Sr. Fernando Barbosa, Coordenador de Planejamento e Avalia\u00e7\u00e3o, ambos da Universidade Federal de Santa Maria (UFSM).  <\/p>\n\n\n\n<figure class=\"wp-block-image\"><img loading=\"lazy\" decoding=\"async\" width=\"4032\" height=\"3024\" src=\"https:\/\/blog.ufes.br\/pdi2020-2029\/files\/2019\/08\/IMG_9432.jpg\" alt=\"\" class=\"wp-image-71\" \/><figcaption>Abertura do evento feita pelo reitor Reinaldo Centoducatte<\/figcaption><\/figure>\n\n\n\n<p>Os temas das palestras tiveram como foco a import\u00e2ncia de uma boa estrutura de governan\u00e7a dentro da Universidade, e como o PDI se constitui num mecanismo fundamental para apoio ao sistema de governan\u00e7a, que se traduz na gest\u00e3o das pol\u00edticas institucionais universit\u00e1rias. Para contextualizar o tema, apresentaram o case da UFSM demonstrando a experi\u00eancia da Universidade na constru\u00e7\u00e3o de seu PDI.<\/p>\n\n\n\n<p>O evento deu in\u00edcio ao processo de revis\u00e3o do PDI 2020 &#8211; 2029 e contou com grande participa\u00e7\u00e3o da comunidade universit\u00e1ria , representada pelos gestores, docentes, t\u00e9cnico-administrativos e estudantes, al\u00e9m de atores  da sociedade civil organizada e setor produtivo, o que demonstra o engajamento e comprometimento dos atores na defini\u00e7\u00e3o dos caminhos para a constru\u00e7\u00e3o do futuro da UFES.<\/p>\n\n\n\n<p><em>Aqui no BLOG voc\u00eas podem encontrar informa\u00e7\u00f5es sobre o PDI, al\u00e9m de ficarem atentos \u00e0 todos os eventos e reuni\u00f5es que ser\u00e3o realizados durante o desenvolvimento do Plano. Fiquem a vontade para enviarem suas d\u00favidas e sugest\u00f5es.  <\/em><\/p>\n","protected":false},"excerpt":{"rendered":"<div class=\"mh-excerpt\"><p>Ol\u00e1, comunidade capixaba! No dia 27\/08, no Cine Metr\u00f3polis, a UFES realizou o lan\u00e7amento do processo de revis\u00e3o do seu Plano de Desenvolvimento Institucional (PDI) <a class=\"mh-excerpt-more\" href=\"https:\/\/blog.ufes.br\/pdi2020-2030\/2019\/08\/29\/evento-de-lancamento-do-pdi-2020-2029-2\/\" title=\"Evento de lan\u00e7amento do PDI 2020 &#8211; 2029\">[&#8230;]<\/a><\/p>\n<\/div>","protected":false},"author":367,"featured_media":69,"comment_status":"open","ping_status":"open","sticky":false,"template":"","format":"standard","meta":{"_bbp_topic_count":0,"_bbp_reply_count":0,"_bbp_total_topic_count":0,"_bbp_total_reply_count":0,"_bbp_voice_count":0,"_bbp_anonymous_reply_count":0,"_bbp_topic_count_hidden":0,"_bbp_reply_count_hidden":0,"_bbp_forum_subforum_count":0,"_uag_custom_page_level_css":"","ngg_post_thumbnail":0,"footnotes":""},"categories":[1],"tags":[],"class_list":["post-68","post","type-post","status-publish","format-standard","has-post-thumbnail","hentry","category-sem-categoria"],"uagb_featured_image_src":{"full":["https:\/\/blog.ufes.br\/pdi2020-2030\/files\/2019\/08\/WhatsApp-Image-2019-08-29-at-16.32.022-1.jpeg",1280,960,false],"thumbnail":["https:\/\/blog.ufes.br\/pdi2020-2030\/files\/2019\/08\/WhatsApp-Image-2019-08-29-at-16.32.022-1.jpeg",150,113,false],"medium":["https:\/\/blog.ufes.br\/pdi2020-2030\/files\/2019\/08\/WhatsApp-Image-2019-08-29-at-16.32.022-1.jpeg",300,225,false],"medium_large":["https:\/\/blog.ufes.br\/pdi2020-2030\/files\/2019\/08\/WhatsApp-Image-2019-08-29-at-16.32.022-1.jpeg",768,576,false],"large":["https:\/\/blog.ufes.br\/pdi2020-2030\/files\/2019\/08\/WhatsApp-Image-2019-08-29-at-16.32.022-1.jpeg",1024,768,false],"1536x1536":["https:\/\/blog.ufes.br\/pdi2020-2030\/files\/2019\/08\/WhatsApp-Image-2019-08-29-at-16.32.022-1.jpeg",1280,960,false],"2048x2048":["https:\/\/blog.ufes.br\/pdi2020-2030\/files\/2019\/08\/WhatsApp-Image-2019-08-29-at-16.32.022-1.jpeg",1280,960,false],"mh-magazine-lite-slider":["https:\/\/blog.ufes.br\/pdi2020-2030\/files\/2019\/08\/WhatsApp-Image-2019-08-29-at-16.32.022-1.jpeg",584,438,false],"mh-magazine-lite-content":["https:\/\/blog.ufes.br\/pdi2020-2030\/files\/2019\/08\/WhatsApp-Image-2019-08-29-at-16.32.022-1.jpeg",508,381,false],"mh-magazine-lite-large":["https:\/\/blog.ufes.br\/pdi2020-2030\/files\/2019\/08\/WhatsApp-Image-2019-08-29-at-16.32.022-1.jpeg",678,509,false],"mh-magazine-lite-medium":["https:\/\/blog.ufes.br\/pdi2020-2030\/files\/2019\/08\/WhatsApp-Image-2019-08-29-at-16.32.022-1.jpeg",326,245,false],"mh-magazine-lite-small":["https:\/\/blog.ufes.br\/pdi2020-2030\/files\/2019\/08\/WhatsApp-Image-2019-08-29-at-16.32.022-1.jpeg",80,60,false]},"uagb_author_info":{"display_name":"vitorpompermayer","author_link":"https:\/\/blog.ufes.br\/pdi2020-2030\/author\/vitorpompermayer\/"},"uagb_comment_info":1,"uagb_excerpt":"Ol\u00e1, comunidade capixaba! No dia 27\/08, no Cine Metr\u00f3polis, a UFES realizou o lan\u00e7amento do processo de revis\u00e3o do seu Plano de Desenvolvimento Institucional (PDI) [...]","_links":{"self":[{"href":"https:\/\/blog.ufes.br\/pdi2020-2030\/wp-json\/wp\/v2\/posts\/68","targetHints":{"allow":["GET"]}}],"collection":[{"href":"https:\/\/blog.ufes.br\/pdi2020-2030\/wp-json\/wp\/v2\/posts"}],"about":[{"href":"https:\/\/blog.ufes.br\/pdi2020-2030\/wp-json\/wp\/v2\/types\/post"}],"author":[{"embeddable":true,"href":"https:\/\/blog.ufes.br\/pdi2020-2030\/wp-json\/wp\/v2\/users\/367"}],"replies":[{"embeddable":true,"href":"https:\/\/blog.ufes.br\/pdi2020-2030\/wp-json\/wp\/v2\/comments?post=68"}],"version-history":[{"count":2,"href":"https:\/\/blog.ufes.br\/pdi2020-2030\/wp-json\/wp\/v2\/posts\/68\/revisions"}],"predecessor-version":[{"id":118,"href":"https:\/\/blog.ufes.br\/pdi2020-2030\/wp-json\/wp\/v2\/posts\/68\/revisions\/118"}],"wp:featuredmedia":[{"embeddable":true,"href":"https:\/\/blog.ufes.br\/pdi2020-2030\/wp-json\/wp\/v2\/media\/69"}],"wp:attachment":[{"href":"https:\/\/blog.ufes.br\/pdi2020-2030\/wp-json\/wp\/v2\/media?parent=68"}],"wp:term":[{"taxonomy":"category","embeddable":true,"href":"https:\/\/blog.ufes.br\/pdi2020-2030\/wp-json\/wp\/v2\/categories?post=68"},{"taxonomy":"post_tag","embeddable":true,"href":"https:\/\/blog.ufes.br\/pdi2020-2030\/wp-json\/wp\/v2\/tags?post=68"}],"curies":[{"name":"wp","href":"https:\/\/api.w.org\/{rel}","templated":true}]}}