{"id":1,"date":"2016-03-16T19:31:55","date_gmt":"2016-03-16T19:31:55","guid":{"rendered":"http:\/\/blog.ufes.br\/processocivilizador\/?p=1"},"modified":"2016-03-18T02:34:28","modified_gmt":"2016-03-18T02:34:28","slug":"ola-mundo","status":"publish","type":"post","link":"https:\/\/blog.ufes.br\/processocivilizador\/2016\/03\/16\/ola-mundo\/","title":{"rendered":"Apresenta\u00e7\u00e3o"},"content":{"rendered":"<p style=\"text-align: center\">O Grupo de Pesquisa \u201cPol\u00edticas, Gest\u00e3o e Inclus\u00e3o Escolar: contextos e processos sociais\u201d liderado pelos professores Reginaldo C\u00e9lio Sobrinho, Edson Pantale\u00e3o e Maria das Gra\u00e7as Carvalho Silva de S\u00e1, organizar\u00e1 a edi\u00e7\u00e3o do XVI Simp\u00f3sio Internacional Processos Civilizadores, na Universidade Federal do Esp\u00edrito Santo (UFES), Brasil 2016.<\/p>\n<p style=\"text-align: center\">A UFES est\u00e1 localizada na litor\u00e2nea cidade de Vit\u00f3ria, Estado do Esp\u00edrito Santo, regi\u00e3o sudeste do Brasil (visite: http:\/\/www.vitoria.es.gov.br\/turista). Na Universidade, a Comiss\u00e3o Organizadora local contar\u00e1 com o apoio do Centro de Educa\u00e7\u00e3o, do Programa de P\u00f3s-Gradua\u00e7\u00e3o em Educa\u00e7\u00e3o, da Pr\u00f3-Reitoria de Pesquisa e P\u00f3s-Gradua\u00e7\u00e3o, Pr\u00f3-Reitoria de extens\u00e3o, al\u00e9m da Secretaria de Rela\u00e7\u00f5es Internacionais.<\/p>\n","protected":false},"excerpt":{"rendered":"<p>O Grupo de Pesquisa \u201cPol\u00edticas, Gest\u00e3o e Inclus\u00e3o Escolar: contextos e processos sociais\u201d liderado pelos professores Reginaldo C\u00e9lio Sobrinho, Edson Pantale\u00e3o e Maria das Gra\u00e7as Carvalho Silva de S\u00e1, organizar\u00e1 a edi\u00e7\u00e3o do XVI Simp\u00f3sio Internacional Processos Civilizadores, na Universidade Federal do Esp\u00edrito Santo (UFES), Brasil 2016. A UFES est\u00e1 localizada na litor\u00e2nea cidade de&hellip; <a class=\"more-link\" href=\"https:\/\/blog.ufes.br\/processocivilizador\/2016\/03\/16\/ola-mundo\/\">Continuar lendo <span class=\"screen-reader-text\">Apresenta\u00e7\u00e3o<\/span><\/a><\/p>\n","protected":false},"author":268,"featured_media":0,"comment_status":"open","ping_status":"open","sticky":false,"template":"","format":"standard","meta":{"_bbp_topic_count":0,"_bbp_reply_count":0,"_bbp_total_topic_count":0,"_bbp_total_reply_count":0,"_bbp_voice_count":0,"_bbp_anonymous_reply_count":0,"_bbp_topic_count_hidden":0,"_bbp_reply_count_hidden":0,"_bbp_forum_subforum_count":0,"_uag_custom_page_level_css":"","footnotes":""},"categories":[1],"tags":[],"class_list":["post-1","post","type-post","status-publish","format-standard","hentry","category-xvi-sipcs","entry"],"uagb_featured_image_src":{"full":false,"thumbnail":false,"medium":false,"medium_large":false,"large":false,"1536x1536":false,"2048x2048":false,"post-thumbnail":false},"uagb_author_info":{"display_name":"rayner.silva","author_link":"https:\/\/blog.ufes.br\/processocivilizador\/author\/rayner-silva\/"},"uagb_comment_info":6,"uagb_excerpt":"O Grupo de Pesquisa \u201cPol\u00edticas, Gest\u00e3o e Inclus\u00e3o Escolar: contextos e processos sociais\u201d liderado pelos professores Reginaldo C\u00e9lio Sobrinho, Edson Pantale\u00e3o e Maria das Gra\u00e7as Carvalho Silva de S\u00e1, organizar\u00e1 a edi\u00e7\u00e3o do XVI Simp\u00f3sio Internacional Processos Civilizadores, na Universidade Federal do Esp\u00edrito Santo (UFES), Brasil 2016. A UFES est\u00e1 localizada na litor\u00e2nea cidade de&hellip;&hellip;","_links":{"self":[{"href":"https:\/\/blog.ufes.br\/processocivilizador\/wp-json\/wp\/v2\/posts\/1","targetHints":{"allow":["GET"]}}],"collection":[{"href":"https:\/\/blog.ufes.br\/processocivilizador\/wp-json\/wp\/v2\/posts"}],"about":[{"href":"https:\/\/blog.ufes.br\/processocivilizador\/wp-json\/wp\/v2\/types\/post"}],"author":[{"embeddable":true,"href":"https:\/\/blog.ufes.br\/processocivilizador\/wp-json\/wp\/v2\/users\/268"}],"replies":[{"embeddable":true,"href":"https:\/\/blog.ufes.br\/processocivilizador\/wp-json\/wp\/v2\/comments?post=1"}],"version-history":[{"count":3,"href":"https:\/\/blog.ufes.br\/processocivilizador\/wp-json\/wp\/v2\/posts\/1\/revisions"}],"predecessor-version":[{"id":6,"href":"https:\/\/blog.ufes.br\/processocivilizador\/wp-json\/wp\/v2\/posts\/1\/revisions\/6"}],"wp:attachment":[{"href":"https:\/\/blog.ufes.br\/processocivilizador\/wp-json\/wp\/v2\/media?parent=1"}],"wp:term":[{"taxonomy":"category","embeddable":true,"href":"https:\/\/blog.ufes.br\/processocivilizador\/wp-json\/wp\/v2\/categories?post=1"},{"taxonomy":"post_tag","embeddable":true,"href":"https:\/\/blog.ufes.br\/processocivilizador\/wp-json\/wp\/v2\/tags?post=1"}],"curies":[{"name":"wp","href":"https:\/\/api.w.org\/{rel}","templated":true}]}}