{"id":1013,"date":"2020-07-28T11:56:01","date_gmt":"2020-07-28T14:56:01","guid":{"rendered":"http:\/\/blog.ufes.br\/revistauniversidade\/?p=1013"},"modified":"2020-08-11T14:55:37","modified_gmt":"2020-08-11T17:55:37","slug":"projeto-usa-cartas-para-integrar-indigenas-em-epoca-de-coronavirus","status":"publish","type":"post","link":"https:\/\/blog.ufes.br\/revistauniversidade\/2020\/07\/28\/projeto-usa-cartas-para-integrar-indigenas-em-epoca-de-coronavirus\/","title":{"rendered":"Projeto usa cartas para integrar ind\u00edgenas em \u00e9poca de coronav\u00edrus"},"content":{"rendered":"\n<p><em>\u2013 Por Mikaella Mozer \u2013<\/em><\/p>\n\n\n\n<p>Com o objetivo de propagar a cultura, manter a integra\u00e7\u00e3o dos povos ind\u00edgenas diante da realidade do novo coronav\u00edrus e dar visibilidade \u00e0s experi\u00eancias de resist\u00eancia em \u00e9poca de pandemia, a professora de P\u00f3s-Gradua\u00e7\u00e3o em Educa\u00e7\u00e3o e coordenadora do Grupo de Pesquisa&nbsp;Imagens, Tecnologias e Inf\u00e2ncia (GPITI) da Ufes, Fernanda Camargo, em parceria com a professora da&nbsp;Universidade Federal do Sul da Bahia e coordenadora do N\u00facleo de Pesquisa Ensino e Extens\u00e3o em Experi\u00eancia do Sens\u00edvel (NUPEEES), Marina Rodrigues Miranda, criaram a iniciativa&nbsp;<em>Cartas dos(as) guardi\u00f5es(\u00e3s) da Terra e do C\u00e9u: experi\u00eancia de escritas origin\u00e1rias das crian\u00e7as ind\u00edgenas para o mundo<\/em>.<\/p>\n\n\n\n<p>Nela,&nbsp;as crian\u00e7as das aldeias Comboios, em Aracruz, e P\u00e9 do Monte, no sul da Bahia, recebem, por meio das professoras moradoras do povoado, cartas enviadas pelo site do Projeto Tupiab\u00e1, uma rede de coopera\u00e7\u00e3o entre institui\u00e7\u00f5es que tem a proposta de dar maior visibilidade a grupos ind\u00edgenas. Ap\u00f3s 15 dias, as coordenadoras recolhem as cartas escritas pelas crian\u00e7as como resposta.<\/p>\n\n\n\n<p>Fernanda Camargo conta que o&nbsp;<a href=\"http:\/\/projetotupiaba.com.br\/\" target=\"_blank\" rel=\"noreferrer noopener\">projeto Tupiab\u00e1(link is external)<\/a>&nbsp;foi lan\u00e7ado em 19 de abril, data em que se celebra o Dia do \u00cdndio, atendendo a demanda do edital Projetos em Tempos de COVID:&nbsp;\u201cApesar de ter sido lan\u00e7ado recentemente, eu e a professora Marina j\u00e1 desenvolvemos trabalhos e pesquisas nessa \u00e1rea. Com isso surgiu o Tupiab\u00e1\u201d.<\/p>\n\n\n\n<p>Ela explica que a metodologia proposta possibilita&nbsp;a autonomia das crian\u00e7as, por ser esse o foco nas pesquisas tanto do GPITI&nbsp;quanto do NUPEEES. \u201cN\u00f3s as compreendemos como autoras, aut\u00f4nomas em suas falas e a\u00e7\u00f5es. As atividades propostas foram organizadas de modo a elas serem visibilizadas como sujeitos de uma comunidade de resist\u00eancia\u201d, afirma. Para a professora, ao trazer para o site as mensagens, respostas e imagens, entre outras&nbsp;a\u00e7\u00f5es, provoca-se na sociedade n\u00e3o ind\u00edgena um outro olhar sobre essa cultura e um novo olhar sobre o modo de se relacionar com a terra, lugar de vida e morte.<\/p>\n\n\n\n<p>Ela destaca que o projeto tamb\u00e9m foi uma forma de diminuir a diferen\u00e7a social entre ind\u00edgenas e n\u00e3o&nbsp;ind\u00edgenas em tempos de COVID-19, j\u00e1 que o ensino a dist\u00e2ncia n\u00e3o atende a demandas das escolas localizadas nas aldeias. As cartas das crian\u00e7as ser\u00e3o publicadas em uma colet\u00e2nea entre&nbsp;dezembro de 2020 e janeiro de 2021.<\/p>\n\n\n\n<h4 class=\"wp-block-heading\"><strong>Outros projetos<\/strong><\/h4>\n\n\n\n<p>Essa iniciativa ainda trabalha com outros nove projetos. Os trabalhos visam envolver pessoas de fora do meio acad\u00eamico ao qualificar os programas, advindos de pesquisas universit\u00e1rias, para uma l\u00f3gica de participa\u00e7\u00e3o ativa. \u201cInicialmente, o Tupiab\u00e1 foi pensado para atender a crian\u00e7as de aldeias em tempos de isolamento, por\u00e9m a proposta ganhou um envolvimento social, e hoje&nbsp;temos parcerias firmadas com algumas secretarias municipais e ampliamos os sujeitos para comunidades quilombolas, pomeranas e povos campesinos\u201d, conclui Fernanda Camargo.<\/p>\n\n\n\n<p>Um deles \u00e9 o&nbsp;<em>A vida na tela: narrativas impressas<\/em>, em que&nbsp;acontecem rodas de conversas com estudantes negros em escolas da Serra sobre suas rela\u00e7\u00f5es no \u00e2mbito escolar e social. Ap\u00f3s os di\u00e1logos, os alunos s\u00e3o incentivados a publicar suas hist\u00f3rias de vida em telas.<\/p>\n\n\n\n<p>\u201cCaminho por este lugar, acreditando na pot\u00eancia da educa\u00e7\u00e3o dial\u00f3gica, apresentando aos estudantes os poss\u00edveis caminhos de produ\u00e7\u00e3o de novos saberes e fazeres ao valorizar suas aspira\u00e7\u00f5es e talentos\u201d conta a idealizadora do&nbsp;<em>A vida na tela<\/em>&nbsp;e p\u00f3s-graduanda&nbsp;no Mestrado Profissional em Educa\u00e7\u00e3o na Ufes M\u00e1rcia Beloti.<\/p>\n\n\n\n<p><em>Edi\u00e7\u00e3o: Thereza Marinho<\/em><\/p>\n","protected":false},"excerpt":{"rendered":"<div class=\"mh-excerpt\"><p>\u2013 Por Mikaella Mozer \u2013 Com o objetivo de propagar a cultura, manter a integra\u00e7\u00e3o dos povos ind\u00edgenas diante da realidade do novo coronav\u00edrus e <a class=\"mh-excerpt-more\" href=\"https:\/\/blog.ufes.br\/revistauniversidade\/2020\/07\/28\/projeto-usa-cartas-para-integrar-indigenas-em-epoca-de-coronavirus\/\" title=\"Projeto usa cartas para integrar ind\u00edgenas em \u00e9poca de coronav\u00edrus\">[&#8230;]<\/a><\/p>\n<\/div>","protected":false},"author":350,"featured_media":1017,"comment_status":"open","ping_status":"open","sticky":false,"template":"","format":"standard","meta":{"_bbp_topic_count":0,"_bbp_reply_count":0,"_bbp_total_topic_count":0,"_bbp_total_reply_count":0,"_bbp_voice_count":0,"_bbp_anonymous_reply_count":0,"_bbp_topic_count_hidden":0,"_bbp_reply_count_hidden":0,"_bbp_forum_subforum_count":0,"_uag_custom_page_level_css":"","footnotes":""},"categories":[9,47],"tags":[],"class_list":["post-1013","post","type-post","status-publish","format-standard","has-post-thumbnail","hentry","category-noticias","category-online"],"uagb_featured_image_src":{"full":["https:\/\/blog.ufes.br\/revistauniversidade\/files\/2020\/06\/crian\u00e7as-ind\u00edgenas-projeto-de-cartas.jpg",1920,1271,false],"thumbnail":["https:\/\/blog.ufes.br\/revistauniversidade\/files\/2020\/06\/crian\u00e7as-ind\u00edgenas-projeto-de-cartas.jpg",150,99,false],"medium":["https:\/\/blog.ufes.br\/revistauniversidade\/files\/2020\/06\/crian\u00e7as-ind\u00edgenas-projeto-de-cartas.jpg",300,199,false],"medium_large":["https:\/\/blog.ufes.br\/revistauniversidade\/files\/2020\/06\/crian\u00e7as-ind\u00edgenas-projeto-de-cartas.jpg",768,508,false],"large":["https:\/\/blog.ufes.br\/revistauniversidade\/files\/2020\/06\/crian\u00e7as-ind\u00edgenas-projeto-de-cartas.jpg",1024,678,false],"1536x1536":["https:\/\/blog.ufes.br\/revistauniversidade\/files\/2020\/06\/crian\u00e7as-ind\u00edgenas-projeto-de-cartas.jpg",1536,1017,false],"2048x2048":["https:\/\/blog.ufes.br\/revistauniversidade\/files\/2020\/06\/crian\u00e7as-ind\u00edgenas-projeto-de-cartas.jpg",1920,1271,false],"mh-magazine-lite-slider":["https:\/\/blog.ufes.br\/revistauniversidade\/files\/2020\/06\/crian\u00e7as-ind\u00edgenas-projeto-de-cartas.jpg",662,438,false],"mh-magazine-lite-content":["https:\/\/blog.ufes.br\/revistauniversidade\/files\/2020\/06\/crian\u00e7as-ind\u00edgenas-projeto-de-cartas.jpg",576,381,false],"mh-magazine-lite-large":["https:\/\/blog.ufes.br\/revistauniversidade\/files\/2020\/06\/crian\u00e7as-ind\u00edgenas-projeto-de-cartas.jpg",678,449,false],"mh-magazine-lite-medium":["https:\/\/blog.ufes.br\/revistauniversidade\/files\/2020\/06\/crian\u00e7as-ind\u00edgenas-projeto-de-cartas.jpg",326,216,false],"mh-magazine-lite-small":["https:\/\/blog.ufes.br\/revistauniversidade\/files\/2020\/06\/crian\u00e7as-ind\u00edgenas-projeto-de-cartas.jpg",80,53,false]},"uagb_author_info":{"display_name":"lidia.hora","author_link":"https:\/\/blog.ufes.br\/revistauniversidade\/author\/lidia_gurgel-neves-hora\/"},"uagb_comment_info":0,"uagb_excerpt":"\u2013 Por Mikaella Mozer \u2013 Com o objetivo de propagar a cultura, manter a integra\u00e7\u00e3o dos povos ind\u00edgenas diante da realidade do novo coronav\u00edrus e [...]","_links":{"self":[{"href":"https:\/\/blog.ufes.br\/revistauniversidade\/wp-json\/wp\/v2\/posts\/1013","targetHints":{"allow":["GET"]}}],"collection":[{"href":"https:\/\/blog.ufes.br\/revistauniversidade\/wp-json\/wp\/v2\/posts"}],"about":[{"href":"https:\/\/blog.ufes.br\/revistauniversidade\/wp-json\/wp\/v2\/types\/post"}],"author":[{"embeddable":true,"href":"https:\/\/blog.ufes.br\/revistauniversidade\/wp-json\/wp\/v2\/users\/350"}],"replies":[{"embeddable":true,"href":"https:\/\/blog.ufes.br\/revistauniversidade\/wp-json\/wp\/v2\/comments?post=1013"}],"version-history":[{"count":3,"href":"https:\/\/blog.ufes.br\/revistauniversidade\/wp-json\/wp\/v2\/posts\/1013\/revisions"}],"predecessor-version":[{"id":1105,"href":"https:\/\/blog.ufes.br\/revistauniversidade\/wp-json\/wp\/v2\/posts\/1013\/revisions\/1105"}],"wp:featuredmedia":[{"embeddable":true,"href":"https:\/\/blog.ufes.br\/revistauniversidade\/wp-json\/wp\/v2\/media\/1017"}],"wp:attachment":[{"href":"https:\/\/blog.ufes.br\/revistauniversidade\/wp-json\/wp\/v2\/media?parent=1013"}],"wp:term":[{"taxonomy":"category","embeddable":true,"href":"https:\/\/blog.ufes.br\/revistauniversidade\/wp-json\/wp\/v2\/categories?post=1013"},{"taxonomy":"post_tag","embeddable":true,"href":"https:\/\/blog.ufes.br\/revistauniversidade\/wp-json\/wp\/v2\/tags?post=1013"}],"curies":[{"name":"wp","href":"https:\/\/api.w.org\/{rel}","templated":true}]}}