{"id":1281,"date":"2020-10-08T11:18:40","date_gmt":"2020-10-08T14:18:40","guid":{"rendered":"http:\/\/blog.ufes.br\/revistauniversidade\/?p=1281"},"modified":"2022-11-01T09:57:03","modified_gmt":"2022-11-01T12:57:03","slug":"pesquisas-premiadas-estudam-o-uso-da-casca-de-roma-como-cicatrizante-e-antisseptico","status":"publish","type":"post","link":"https:\/\/blog.ufes.br\/revistauniversidade\/2020\/10\/08\/pesquisas-premiadas-estudam-o-uso-da-casca-de-roma-como-cicatrizante-e-antisseptico\/","title":{"rendered":"Pesquisas premiadas estudam o uso da casca de rom\u00e3 como cicatrizante e antiss\u00e9ptico"},"content":{"rendered":"\n<p>\u2013 <em>Por Vin\u00edcius Fontana<\/em>* \u2013<\/p>\n\n\n\n<p>Estudantes do Departamento de Farm\u00e1cia e Nutri\u00e7\u00e3o do Centro de Ci\u00eancias Naturais e da Sa\u00fade (CCENS), em Alegre, receberam pr\u00eamios por pesquisas na \u00e1rea de Farm\u00e1cia. Os estudos envolvem as propriedades farmacol\u00f3gicas da casca de rom\u00e3.<\/p>\n\n\n\n<p>O trabalho da mestranda Tha\u00eds Martins foi premiado durante o BiotecFarma, evento on-line promovido pela Universidade Estadual Paulista (Unesp). O projeto&nbsp;<em>Delineamento de formula\u00e7\u00e3o de gel de carb\u00f4mero contendo extrato hidroetan\u00f3lico de cascas de rom\u00e3<\/em>&nbsp;foi escolhido como o melhor de p\u00f3s-gradua\u00e7\u00e3o na categoria F\u00e1rmacos e Medicamentos.<\/p>\n\n\n\n<p>Conforme Tha\u00eds Martins, o objetivo do trabalho \u00e9 desenvolver um modelo para tratar feridas utilizando o extrato de rom\u00e3 como princ\u00edpio ativo. \u201cForam feitos testes microbiol\u00f3gicos para avaliar se o gel em diversas propor\u00e7\u00f5es do extrato era capaz de inibir o crescimento de micro-organismos causadores de infec\u00e7\u00f5es na pele, e nesse ensaio ele se mostrou eficiente\u201d, explica.<\/p>\n\n\n\n<p>J\u00e1 o projeto do estudante de gradua\u00e7\u00e3o Sanderson Batista recebeu a segunda&nbsp;coloca\u00e7\u00e3o no Congresso de Ci\u00eancias Aplicadas \u00e0 Farm\u00e1cia (I Concaf), na modalidade e-p\u00f4ster, evento de n\u00edvel internacional. O trabalho&nbsp;<em>Avalia\u00e7\u00e3o da atividade biol\u00f3gica preliminar in vitro de extrato hidroetan\u00f3lico de casca de rom\u00e3 puro e em matriz polim\u00e9rica preparada por eletrofia\u00e7\u00e3o&nbsp;<\/em>foi produzido a partir de sua monografia de conclus\u00e3o de curso.<\/p>\n\n\n\n<p>Ambos os trabalhos tiveram orienta\u00e7\u00e3o da professora Janaina Villanova, em parceria com Juliana Severi e Juliana Resende, todas docentes do curso de Farm\u00e1cia.<\/p>\n\n\n\n<p><a href=\"https:\/\/blog.ufes.br\/revistauniversidade\/tag\/ideia-premiada\/\"><strong>Ideia Premiada: conhe\u00e7a outras pesquisas da Ufes que receberam pr\u00eamios<\/strong><\/a><\/p>\n\n\n\n<h3 class=\"wp-block-heading\"><strong>Cicatrizante e antiss\u00e9ptico<\/strong><\/h3>\n\n\n\n<p>Os estudos foram desenvolvidos pelo Grupo de Pesquisa em Sa\u00fade Humana e Animal no Laborat\u00f3rio de Produ\u00e7\u00e3o Farmac\u00eautica do CCENS. Atualmente, o grupo vem trabalhando com extratos de rom\u00e3. Conforme a professora Jana\u00edna Villanova, o fruto \u201cpode ser utilizado em formas farmac\u00eauticas variadas, destinadas ao uso como cicatrizante e antiss\u00e9ptico\u201d.<\/p>\n\n\n\n<p>\u201cO rom\u00e3 \u00e9 uma fonte natural e renov\u00e1vel, que tem um grande potencial em a\u00e7\u00e3o antimicrobiana e antioxidante. E, al\u00e9m disso, \u00e9 de extrema import\u00e2ncia propor formula\u00e7\u00f5es para uso veterin\u00e1rio, visto que esse setor apresenta grandes lacunas terap\u00eauticas\u201d, acrescenta Tha\u00eds Martins.<\/p>\n\n\n\n<p>A pesquisa do grupo, apoiada em dois editais da Funda\u00e7\u00e3o de Amparo \u00e0 Pesquisa e Inova\u00e7\u00e3o do Esp\u00edrito Santo (Fapes), rendeu a publica\u00e7\u00e3o de tr\u00eas artigos em 2020, 15 trabalhos em eventos e um pedido de registro de patente de inova\u00e7\u00e3o.<\/p>\n\n\n\n<p>Al\u00e9m da equipe em Alegre, os projetos envolvendo o extrato de rom\u00e3 contam com a colabora\u00e7\u00e3o do professor da Universidade do Vale do Itaja\u00ed e pesquisador da Universidade Lus\u00f3fona&nbsp;S\u00e9rgio Faloni, que \u00e9&nbsp;doutor em Ci\u00eancias Farmac\u00eauticas pela Universidade de S\u00e3o Paulo (USP).<\/p>\n\n\n\n<p><a href=\"https:\/\/blog.ufes.br\/revistauniversidade\/?s=patente\"><strong>Conhe\u00e7a mais pedidos de patentes da Ufes<\/strong><\/a><\/p>\n\n\n\n<p><em>*Com informa\u00e7\u00f5es da Comiss\u00e3o de Divulga\u00e7\u00e3o e Informa\u00e7\u00e3o (CDI) do CCENS<br>Edi\u00e7\u00e3o: Thereza Marinho e Lidia Neves<\/em><\/p>\n","protected":false},"excerpt":{"rendered":"<div class=\"mh-excerpt\"><p>\u2013 Por Vin\u00edcius Fontana* \u2013 Estudantes do Departamento de Farm\u00e1cia e Nutri\u00e7\u00e3o do Centro de Ci\u00eancias Naturais e da Sa\u00fade (CCENS), em Alegre, receberam pr\u00eamios <a class=\"mh-excerpt-more\" href=\"https:\/\/blog.ufes.br\/revistauniversidade\/2020\/10\/08\/pesquisas-premiadas-estudam-o-uso-da-casca-de-roma-como-cicatrizante-e-antisseptico\/\" title=\"Pesquisas premiadas estudam o uso da casca de rom\u00e3 como cicatrizante e antiss\u00e9ptico\">[&#8230;]<\/a><\/p>\n<\/div>","protected":false},"author":350,"featured_media":1282,"comment_status":"open","ping_status":"open","sticky":false,"template":"","format":"standard","meta":{"_bbp_topic_count":0,"_bbp_reply_count":0,"_bbp_total_topic_count":0,"_bbp_total_reply_count":0,"_bbp_voice_count":0,"_bbp_anonymous_reply_count":0,"_bbp_topic_count_hidden":0,"_bbp_reply_count_hidden":0,"_bbp_forum_subforum_count":0,"_uag_custom_page_level_css":"","footnotes":""},"categories":[9,47],"tags":[18,62,61,10,70,11,60],"class_list":["post-1281","post","type-post","status-publish","format-standard","has-post-thumbnail","hentry","category-noticias","category-online","tag-alegre","tag-farmacia","tag-frutas","tag-ideia-premiada","tag-patente","tag-premio","tag-roma"],"uagb_featured_image_src":{"full":["https:\/\/blog.ufes.br\/revistauniversidade\/files\/2020\/10\/casca-de-roma-freepik.jpg",2835,1891,false],"thumbnail":["https:\/\/blog.ufes.br\/revistauniversidade\/files\/2020\/10\/casca-de-roma-freepik.jpg",150,100,false],"medium":["https:\/\/blog.ufes.br\/revistauniversidade\/files\/2020\/10\/casca-de-roma-freepik.jpg",300,200,false],"medium_large":["https:\/\/blog.ufes.br\/revistauniversidade\/files\/2020\/10\/casca-de-roma-freepik.jpg",768,512,false],"large":["https:\/\/blog.ufes.br\/revistauniversidade\/files\/2020\/10\/casca-de-roma-freepik.jpg",1024,683,false],"1536x1536":["https:\/\/blog.ufes.br\/revistauniversidade\/files\/2020\/10\/casca-de-roma-freepik.jpg",1536,1025,false],"2048x2048":["https:\/\/blog.ufes.br\/revistauniversidade\/files\/2020\/10\/casca-de-roma-freepik.jpg",2048,1366,false],"mh-magazine-lite-slider":["https:\/\/blog.ufes.br\/revistauniversidade\/files\/2020\/10\/casca-de-roma-freepik.jpg",657,438,false],"mh-magazine-lite-content":["https:\/\/blog.ufes.br\/revistauniversidade\/files\/2020\/10\/casca-de-roma-freepik.jpg",571,381,false],"mh-magazine-lite-large":["https:\/\/blog.ufes.br\/revistauniversidade\/files\/2020\/10\/casca-de-roma-freepik.jpg",678,452,false],"mh-magazine-lite-medium":["https:\/\/blog.ufes.br\/revistauniversidade\/files\/2020\/10\/casca-de-roma-freepik.jpg",326,217,false],"mh-magazine-lite-small":["https:\/\/blog.ufes.br\/revistauniversidade\/files\/2020\/10\/casca-de-roma-freepik.jpg",80,53,false]},"uagb_author_info":{"display_name":"lidia.hora","author_link":"https:\/\/blog.ufes.br\/revistauniversidade\/author\/lidia_gurgel-neves-hora\/"},"uagb_comment_info":3,"uagb_excerpt":"\u2013 Por Vin\u00edcius Fontana* \u2013 Estudantes do Departamento de Farm\u00e1cia e Nutri\u00e7\u00e3o do Centro de Ci\u00eancias Naturais e da Sa\u00fade (CCENS), em Alegre, receberam pr\u00eamios [...]","_links":{"self":[{"href":"https:\/\/blog.ufes.br\/revistauniversidade\/wp-json\/wp\/v2\/posts\/1281","targetHints":{"allow":["GET"]}}],"collection":[{"href":"https:\/\/blog.ufes.br\/revistauniversidade\/wp-json\/wp\/v2\/posts"}],"about":[{"href":"https:\/\/blog.ufes.br\/revistauniversidade\/wp-json\/wp\/v2\/types\/post"}],"author":[{"embeddable":true,"href":"https:\/\/blog.ufes.br\/revistauniversidade\/wp-json\/wp\/v2\/users\/350"}],"replies":[{"embeddable":true,"href":"https:\/\/blog.ufes.br\/revistauniversidade\/wp-json\/wp\/v2\/comments?post=1281"}],"version-history":[{"count":2,"href":"https:\/\/blog.ufes.br\/revistauniversidade\/wp-json\/wp\/v2\/posts\/1281\/revisions"}],"predecessor-version":[{"id":1301,"href":"https:\/\/blog.ufes.br\/revistauniversidade\/wp-json\/wp\/v2\/posts\/1281\/revisions\/1301"}],"wp:featuredmedia":[{"embeddable":true,"href":"https:\/\/blog.ufes.br\/revistauniversidade\/wp-json\/wp\/v2\/media\/1282"}],"wp:attachment":[{"href":"https:\/\/blog.ufes.br\/revistauniversidade\/wp-json\/wp\/v2\/media?parent=1281"}],"wp:term":[{"taxonomy":"category","embeddable":true,"href":"https:\/\/blog.ufes.br\/revistauniversidade\/wp-json\/wp\/v2\/categories?post=1281"},{"taxonomy":"post_tag","embeddable":true,"href":"https:\/\/blog.ufes.br\/revistauniversidade\/wp-json\/wp\/v2\/tags?post=1281"}],"curies":[{"name":"wp","href":"https:\/\/api.w.org\/{rel}","templated":true}]}}