{"id":1518,"date":"2021-02-02T11:00:38","date_gmt":"2021-02-02T14:00:38","guid":{"rendered":"http:\/\/blog.ufes.br\/revistauniversidade\/?p=1518"},"modified":"2021-03-12T12:49:35","modified_gmt":"2021-03-12T15:49:35","slug":"primeiro-teste-com-caminhao-autonomo-da-ufes-e-bem-sucedido","status":"publish","type":"post","link":"https:\/\/blog.ufes.br\/revistauniversidade\/2021\/02\/02\/primeiro-teste-com-caminhao-autonomo-da-ufes-e-bem-sucedido\/","title":{"rendered":"Ufes realiza com sucesso primeiro teste com caminh\u00e3o aut\u00f4nomo"},"content":{"rendered":"\n<p><em>\u2013&nbsp;Por Vin\u00edcius Fontana \u2013<\/em><\/p>\n\n\n\n<p>A Ufes vem se destacando na pesquisa e no desenvolvimento de ve\u00edculos aut\u00f4nomos. Ap\u00f3s realizar experimentos bem-sucedidos para&nbsp;<a rel=\"noreferrer noopener\" href=\"http:\/\/www.ufes.br\/conteudo\/carro-aut%C3%B4nomo-da-ufes-realiza-viagem-in%C3%A9dita-at%C3%A9-guarapari\" target=\"_blank\"><strong>carros&nbsp;<\/strong><\/a>e&nbsp;<strong><a href=\"https:\/\/blog.ufes.br\/revistauniversidade\/2019\/10\/16\/ufes-e-embraer-conduzem-primeiro-teste-de-aeronave-autonoma-no-brasil\/\">aeronaves<\/a><\/strong>, chegou a vez dos caminh\u00f5es. O primeiro teste com um caminh\u00e3o aut\u00f4nomo, usando tecnologia produzida dentro da Universidade, aconteceu no dia 21 de janeiro, no campus de Goiabeiras, em Vit\u00f3ria.<\/p>\n\n\n\n<p>No teste, o caminh\u00e3o percorreu grande parte do campus (aproximadamente 3,5 quil\u00f4metros) sem que um motorista o conduzisse, havendo somente a presen\u00e7a de um membro da pesquisa dentro do ve\u00edculo, por raz\u00f5es de seguran\u00e7a. O sistema aut\u00f4nomo \u00e9 similar ao que foi utilizado para desenvolver o&nbsp;<strong><a href=\"https:\/\/www.youtube.com\/watch?v=t7D0GQJWYPQ\" target=\"_blank\" rel=\"noreferrer noopener\">carro aut\u00f4nomo Iara<\/a><\/strong>&nbsp;(<em>Intelligent Autonomous Robotic Automobile<\/em>), por\u00e9m com tecnologia atualizada.<\/p>\n\n\n\n<p>Ao contr\u00e1rio do que muitas pessoas pensam, o caminh\u00e3o aut\u00f4nomo n\u00e3o \u00e9 dirigido \u00e0 dist\u00e2ncia por controle remoto. \u201cO ve\u00edculo, sozinho, cria um mapa complexo para operar de forma aut\u00f4noma, sem interfer\u00eancia humana. Ele \u00e9 capaz de navegar, obedecer \u00e0 sinaliza\u00e7\u00e3o e&nbsp;aos sem\u00e1foros, desviar de obst\u00e1culos, como se imitasse o c\u00e9rebro humano\u201d, explica o professor do Departamento de Inform\u00e1tica e coordenador do projeto, Alberto&nbsp;Ferreira.<\/p>\n\n\n\n<p>Ele destaca que os ve\u00edculos aut\u00f4nomos s\u00e3o excelentes alternativas para propiciar maior efici\u00eancia, economicidade, sustentabilidade e seguran\u00e7a nos transportes. \u201cA automa\u00e7\u00e3o possibilita uma sociedade mais rica, com redu\u00e7\u00e3o dos pre\u00e7os de transporte e sem desperd\u00edcio de tempo e de recursos limitados. \u00c9 muito importante para reduzir custos e ampliar a seguran\u00e7a. Os sistemas de intelig\u00eancia artificial, por exemplo, n\u00e3o perdem o foco ao volante e n\u00e3o olham o celular. Mais de 50 mil pessoas morrem de acidentes de tr\u00e2nsito no Brasil e 1,3 milh\u00e3o no mundo, todos os anos. Ve\u00edculos aut\u00f4nomos ajudariam a reduzir esses n\u00fameros\u201d, pondera Ferreira.<\/p>\n\n\n\n<p>A longo prazo, o trabalho dos pesquisadores vai al\u00e9m de mera automa\u00e7\u00e3o de ve\u00edculos, visando tamb\u00e9m compreender como o pr\u00f3prio c\u00e9rebro humano funciona, a partir da cria\u00e7\u00e3o de modelos matem\u00e1ticos.<\/p>\n\n\n\n<p>O projeto para desenvolvimento de ve\u00edculos aut\u00f4nomos come\u00e7ou em 2009 e \u00e9 realizado pelo Laborat\u00f3rio de Computa\u00e7\u00e3o de Alto Desempenho (LCAD), vinculado ao Departamento de Inform\u00e1tica, no Centro Tecnol\u00f3gico da Ufes. O projeto do caminh\u00e3o aut\u00f4nomo tem o apoio da Funda\u00e7\u00e3o de Amparo \u00e0 Pesquisa do Esp\u00edrito Santo (Fapes) e da empresa Vale, que forneceu o autom\u00f3vel. O ve\u00edculo utilizado na pesquisa \u00e9 um caminh\u00e3o-pipa, que servir\u00e1 para molhar \u00e1reas da empresa a fim de evitar a dispers\u00e3o de material particulado no ar.<\/p>\n\n\n\n<p><em>Edi\u00e7\u00e3o e foto: Camila Fregona<\/em><\/p>\n","protected":false},"excerpt":{"rendered":"<div class=\"mh-excerpt\"><p>Ve\u00edculo circulou pela primeira vez no dia 21 de janeiro, no campus de Goiabeiras, em Vit\u00f3ria<\/p>\n<\/div>","protected":false},"author":350,"featured_media":1520,"comment_status":"open","ping_status":"open","sticky":false,"template":"","format":"standard","meta":{"_bbp_topic_count":0,"_bbp_reply_count":0,"_bbp_total_topic_count":0,"_bbp_total_reply_count":0,"_bbp_voice_count":0,"_bbp_anonymous_reply_count":0,"_bbp_topic_count_hidden":0,"_bbp_reply_count_hidden":0,"_bbp_forum_subforum_count":0,"_uag_custom_page_level_css":"","footnotes":""},"categories":[7,9,47],"tags":[],"class_list":["post-1518","post","type-post","status-publish","format-standard","has-post-thumbnail","hentry","category-chamadinhas","category-noticias","category-online"],"uagb_featured_image_src":{"full":["https:\/\/blog.ufes.br\/revistauniversidade\/files\/2021\/02\/caminhao-autonomo-ufes.jpeg",1280,960,false],"thumbnail":["https:\/\/blog.ufes.br\/revistauniversidade\/files\/2021\/02\/caminhao-autonomo-ufes.jpeg",150,113,false],"medium":["https:\/\/blog.ufes.br\/revistauniversidade\/files\/2021\/02\/caminhao-autonomo-ufes.jpeg",300,225,false],"medium_large":["https:\/\/blog.ufes.br\/revistauniversidade\/files\/2021\/02\/caminhao-autonomo-ufes.jpeg",768,576,false],"large":["https:\/\/blog.ufes.br\/revistauniversidade\/files\/2021\/02\/caminhao-autonomo-ufes.jpeg",1024,768,false],"1536x1536":["https:\/\/blog.ufes.br\/revistauniversidade\/files\/2021\/02\/caminhao-autonomo-ufes.jpeg",1280,960,false],"2048x2048":["https:\/\/blog.ufes.br\/revistauniversidade\/files\/2021\/02\/caminhao-autonomo-ufes.jpeg",1280,960,false],"mh-magazine-lite-slider":["https:\/\/blog.ufes.br\/revistauniversidade\/files\/2021\/02\/caminhao-autonomo-ufes.jpeg",584,438,false],"mh-magazine-lite-content":["https:\/\/blog.ufes.br\/revistauniversidade\/files\/2021\/02\/caminhao-autonomo-ufes.jpeg",508,381,false],"mh-magazine-lite-large":["https:\/\/blog.ufes.br\/revistauniversidade\/files\/2021\/02\/caminhao-autonomo-ufes.jpeg",678,509,false],"mh-magazine-lite-medium":["https:\/\/blog.ufes.br\/revistauniversidade\/files\/2021\/02\/caminhao-autonomo-ufes.jpeg",326,245,false],"mh-magazine-lite-small":["https:\/\/blog.ufes.br\/revistauniversidade\/files\/2021\/02\/caminhao-autonomo-ufes.jpeg",80,60,false]},"uagb_author_info":{"display_name":"lidia.hora","author_link":"https:\/\/blog.ufes.br\/revistauniversidade\/author\/lidia_gurgel-neves-hora\/"},"uagb_comment_info":2,"uagb_excerpt":"Ve\u00edculo circulou pela primeira vez no dia 21 de janeiro, no campus de Goiabeiras, em Vit\u00f3ria","_links":{"self":[{"href":"https:\/\/blog.ufes.br\/revistauniversidade\/wp-json\/wp\/v2\/posts\/1518","targetHints":{"allow":["GET"]}}],"collection":[{"href":"https:\/\/blog.ufes.br\/revistauniversidade\/wp-json\/wp\/v2\/posts"}],"about":[{"href":"https:\/\/blog.ufes.br\/revistauniversidade\/wp-json\/wp\/v2\/types\/post"}],"author":[{"embeddable":true,"href":"https:\/\/blog.ufes.br\/revistauniversidade\/wp-json\/wp\/v2\/users\/350"}],"replies":[{"embeddable":true,"href":"https:\/\/blog.ufes.br\/revistauniversidade\/wp-json\/wp\/v2\/comments?post=1518"}],"version-history":[{"count":3,"href":"https:\/\/blog.ufes.br\/revistauniversidade\/wp-json\/wp\/v2\/posts\/1518\/revisions"}],"predecessor-version":[{"id":1524,"href":"https:\/\/blog.ufes.br\/revistauniversidade\/wp-json\/wp\/v2\/posts\/1518\/revisions\/1524"}],"wp:featuredmedia":[{"embeddable":true,"href":"https:\/\/blog.ufes.br\/revistauniversidade\/wp-json\/wp\/v2\/media\/1520"}],"wp:attachment":[{"href":"https:\/\/blog.ufes.br\/revistauniversidade\/wp-json\/wp\/v2\/media?parent=1518"}],"wp:term":[{"taxonomy":"category","embeddable":true,"href":"https:\/\/blog.ufes.br\/revistauniversidade\/wp-json\/wp\/v2\/categories?post=1518"},{"taxonomy":"post_tag","embeddable":true,"href":"https:\/\/blog.ufes.br\/revistauniversidade\/wp-json\/wp\/v2\/tags?post=1518"}],"curies":[{"name":"wp","href":"https:\/\/api.w.org\/{rel}","templated":true}]}}