{"id":1542,"date":"2021-03-05T13:03:11","date_gmt":"2021-03-05T16:03:11","guid":{"rendered":"http:\/\/blog.ufes.br\/revistauniversidade\/?p=1542"},"modified":"2022-11-01T09:38:09","modified_gmt":"2022-11-01T12:38:09","slug":"ufes-obtem-o-registro-da-quarta-cultivar-de-cafe-conilon","status":"publish","type":"post","link":"https:\/\/blog.ufes.br\/revistauniversidade\/2021\/03\/05\/ufes-obtem-o-registro-da-quarta-cultivar-de-cafe-conilon\/","title":{"rendered":"Ufes obt\u00e9m o registro da quarta cultivar de caf\u00e9 conilon"},"content":{"rendered":"\n<p><em>\u2013&nbsp;Por Sueli de Freitas \u2013<\/em><\/p>\n\n\n\n<p>A Ufes obteve o registro da quarta cultivar de caf\u00e9 conilon (<em>Coffea canephora<\/em>), sendo a primeira com foco na qualidade qu\u00edmica do gr\u00e3o visando aos ganhos para a sa\u00fade e a produ\u00e7\u00e3o de caf\u00e9 sol\u00favel. O trabalho foi desenvolvido em parceria com a Universidade Federal do Rio de Janeiro (UFRJ) e com apoio financeiro da Funda\u00e7\u00e3o de Amparo \u00e0 Pesquisa e Inova\u00e7\u00e3o do Esp\u00edrito Santo (Fapes), da Funda\u00e7\u00e3o de Amparo \u00e0 Pesquisa do Estado do Rio de Janeiro (Faperj) e do Conselho Nacional de Desenvolvimento Cient\u00edfico e Tecnol\u00f3gico (CNPq).<\/p>\n\n\n\n<p>A nova cultivar foi registrada no Minist\u00e9rio de Agricultura, Pecu\u00e1ria e Abastecimento (Mapa) com o nome Salutar. Trata-se da esp\u00e9cie&nbsp;<em>Coffea canephora Pierre ex A. Froehner<\/em>&nbsp;(conilon ou robusta), composta por cinco gen\u00f3tipos (Graud\u00e3o HP, Emcapa 02, Tardio C, Tardio V e Z 37) com auto teor de \u00e1cidos clorog\u00eanicos totais (CGA) e de s\u00f3lidos sol\u00faveis.<\/p>\n\n\n\n<p>\u201cO ineditismo dessa cultivar \u00e9 que n\u00f3s identificamos caracter\u00edsticas qu\u00edmicas do gr\u00e3o cru que revelaram um potencial de maior rendimento para a ind\u00fastria de caf\u00e9 sol\u00favel, assim como a presen\u00e7a de CGA com propriedades antioxidantes, que trazem benef\u00edcios para a sa\u00fade, como o rejuvenescimento\u201d, afirmou o coordenador do projeto e professor do Departamento de Ci\u00eancias Agr\u00e1rias e Biol\u00f3gicas do Centro Universit\u00e1rio Norte do Esp\u00edrito Santo (Ceunes), F\u00e1bio Luiz Partelli. Segundo ele, numa compara\u00e7\u00e3o entre a m\u00e9dia de outros gen\u00f3tipos com os da Salutar, o percentual a mais de s\u00f3lidos sol\u00faveis encontrados nos gr\u00e3os chega a 17%. J\u00e1 em rela\u00e7\u00e3o ao teor de \u00e1cidos clorog\u00eanicos totais, h\u00e1 mais 32% nos gr\u00e3os da Salutar.<\/p>\n\n\n\n<figure class=\"wp-block-image size-large\"><img loading=\"lazy\" decoding=\"async\" width=\"960\" height=\"1280\" src=\"http:\/\/blog.ufes.br\/revistauniversidade\/files\/2021\/03\/Cafe\u0301-6.jpeg\" alt=\"\" class=\"wp-image-1546\" \/><figcaption>Foto: Divulga\u00e7\u00e3o Ufes<\/figcaption><\/figure>\n\n\n\n<p>Para analisar a estabilidade e a adaptabilidade dos materiais gen\u00e9ticos avaliados neste estudo, foram utilizados dados de produtividades correspondentes a quatro colheitas (2016, 2017, 2018 e 2019), e para as caracter\u00edsticas qu\u00edmicas, foram duas colheitas (2018 e 2019). O plantio \u00e9 adequado para o Esp\u00edrito Santo, o sul da Bahia e o leste de Minas Gerais, em altitude inferior a 600 metros.<\/p>\n\n\n\n<p>Para mais informa\u00e7\u00f5es sobre a Salutar,&nbsp;<strong><a rel=\"noreferrer noopener\" href=\"https:\/\/cafeconilon.com\/wp-content\/uploads\/2021\/02\/Para-maiores-informa%C3%A7%C3%B5es.pdf\" target=\"_blank\">clique aqui<\/a><\/strong>.<\/p>\n","protected":false},"excerpt":{"rendered":"<div class=\"mh-excerpt\"><p>\u2013&nbsp;Por Sueli de Freitas \u2013 A Ufes obteve o registro da quarta cultivar de caf\u00e9 conilon (Coffea canephora), sendo a primeira com foco na qualidade <a class=\"mh-excerpt-more\" href=\"https:\/\/blog.ufes.br\/revistauniversidade\/2021\/03\/05\/ufes-obtem-o-registro-da-quarta-cultivar-de-cafe-conilon\/\" title=\"Ufes obt\u00e9m o registro da quarta cultivar de caf\u00e9 conilon\">[&#8230;]<\/a><\/p>\n<\/div>","protected":false},"author":350,"featured_media":1548,"comment_status":"open","ping_status":"open","sticky":false,"template":"","format":"standard","meta":{"_bbp_topic_count":0,"_bbp_reply_count":0,"_bbp_total_topic_count":0,"_bbp_total_reply_count":0,"_bbp_voice_count":0,"_bbp_anonymous_reply_count":0,"_bbp_topic_count_hidden":0,"_bbp_reply_count_hidden":0,"_bbp_forum_subforum_count":0,"_uag_custom_page_level_css":"","footnotes":""},"categories":[7,9,47],"tags":[],"class_list":["post-1542","post","type-post","status-publish","format-standard","has-post-thumbnail","hentry","category-chamadinhas","category-noticias","category-online"],"uagb_featured_image_src":{"full":["https:\/\/blog.ufes.br\/revistauniversidade\/files\/2021\/03\/Cafe\u0301-1.jpeg",1280,720,false],"thumbnail":["https:\/\/blog.ufes.br\/revistauniversidade\/files\/2021\/03\/Cafe\u0301-1.jpeg",150,84,false],"medium":["https:\/\/blog.ufes.br\/revistauniversidade\/files\/2021\/03\/Cafe\u0301-1.jpeg",300,169,false],"medium_large":["https:\/\/blog.ufes.br\/revistauniversidade\/files\/2021\/03\/Cafe\u0301-1.jpeg",768,432,false],"large":["https:\/\/blog.ufes.br\/revistauniversidade\/files\/2021\/03\/Cafe\u0301-1.jpeg",1024,576,false],"1536x1536":["https:\/\/blog.ufes.br\/revistauniversidade\/files\/2021\/03\/Cafe\u0301-1.jpeg",1280,720,false],"2048x2048":["https:\/\/blog.ufes.br\/revistauniversidade\/files\/2021\/03\/Cafe\u0301-1.jpeg",1280,720,false],"mh-magazine-lite-slider":["https:\/\/blog.ufes.br\/revistauniversidade\/files\/2021\/03\/Cafe\u0301-1.jpeg",779,438,false],"mh-magazine-lite-content":["https:\/\/blog.ufes.br\/revistauniversidade\/files\/2021\/03\/Cafe\u0301-1.jpeg",678,381,false],"mh-magazine-lite-large":["https:\/\/blog.ufes.br\/revistauniversidade\/files\/2021\/03\/Cafe\u0301-1.jpeg",678,381,false],"mh-magazine-lite-medium":["https:\/\/blog.ufes.br\/revistauniversidade\/files\/2021\/03\/Cafe\u0301-1.jpeg",326,183,false],"mh-magazine-lite-small":["https:\/\/blog.ufes.br\/revistauniversidade\/files\/2021\/03\/Cafe\u0301-1.jpeg",80,45,false]},"uagb_author_info":{"display_name":"lidia.hora","author_link":"https:\/\/blog.ufes.br\/revistauniversidade\/author\/lidia_gurgel-neves-hora\/"},"uagb_comment_info":0,"uagb_excerpt":"\u2013&nbsp;Por Sueli de Freitas \u2013 A Ufes obteve o registro da quarta cultivar de caf\u00e9 conilon (Coffea canephora), sendo a primeira com foco na qualidade [...]","_links":{"self":[{"href":"https:\/\/blog.ufes.br\/revistauniversidade\/wp-json\/wp\/v2\/posts\/1542","targetHints":{"allow":["GET"]}}],"collection":[{"href":"https:\/\/blog.ufes.br\/revistauniversidade\/wp-json\/wp\/v2\/posts"}],"about":[{"href":"https:\/\/blog.ufes.br\/revistauniversidade\/wp-json\/wp\/v2\/types\/post"}],"author":[{"embeddable":true,"href":"https:\/\/blog.ufes.br\/revistauniversidade\/wp-json\/wp\/v2\/users\/350"}],"replies":[{"embeddable":true,"href":"https:\/\/blog.ufes.br\/revistauniversidade\/wp-json\/wp\/v2\/comments?post=1542"}],"version-history":[{"count":2,"href":"https:\/\/blog.ufes.br\/revistauniversidade\/wp-json\/wp\/v2\/posts\/1542\/revisions"}],"predecessor-version":[{"id":1549,"href":"https:\/\/blog.ufes.br\/revistauniversidade\/wp-json\/wp\/v2\/posts\/1542\/revisions\/1549"}],"wp:featuredmedia":[{"embeddable":true,"href":"https:\/\/blog.ufes.br\/revistauniversidade\/wp-json\/wp\/v2\/media\/1548"}],"wp:attachment":[{"href":"https:\/\/blog.ufes.br\/revistauniversidade\/wp-json\/wp\/v2\/media?parent=1542"}],"wp:term":[{"taxonomy":"category","embeddable":true,"href":"https:\/\/blog.ufes.br\/revistauniversidade\/wp-json\/wp\/v2\/categories?post=1542"},{"taxonomy":"post_tag","embeddable":true,"href":"https:\/\/blog.ufes.br\/revistauniversidade\/wp-json\/wp\/v2\/tags?post=1542"}],"curies":[{"name":"wp","href":"https:\/\/api.w.org\/{rel}","templated":true}]}}