{"id":1804,"date":"2021-07-02T12:57:44","date_gmt":"2021-07-02T15:57:44","guid":{"rendered":"https:\/\/blog.ufes.br\/revistauniversidade\/?p=1804"},"modified":"2022-11-03T09:42:30","modified_gmt":"2022-11-03T12:42:30","slug":"black-lives-matter-internacionalizou-a-questao-da-violencia-policial-contra-negros-aponta-pesquisa","status":"publish","type":"post","link":"https:\/\/blog.ufes.br\/revistauniversidade\/2021\/07\/02\/black-lives-matter-internacionalizou-a-questao-da-violencia-policial-contra-negros-aponta-pesquisa\/","title":{"rendered":"&#8220;Black Lives Matter&#8221; internacionalizou a quest\u00e3o da viol\u00eancia policial contra negros, aponta pesquisa"},"content":{"rendered":"\n<p><em>&#8211; Por Breno Alexandre* &#8211; <\/em><\/p>\n\n\n\n<p>Um ano ap\u00f3s as manifesta\u00e7\u00f5es do movimento <em>Black Lives Matter<\/em> (em portugu\u00eas, Vidas Negras Importam), que tiveram como estopim o assassinato de George Floyd pela pol\u00edcia estadunidense, a discuss\u00e3o sobre a viol\u00eancia policial contra a popula\u00e7\u00e3o negra ganhou for\u00e7a em todo o mundo, inclusive no Brasil. \u00c9 o que aponta o estudo de Washington Siqueira, pesquisador do N\u00facleo de Estudos Afro-Brasileiros (Neab) da Ufes.&nbsp;<\/p>\n\n\n\n<p>\u201cO movimento internacionalizou a quest\u00e3o da viol\u00eancia policial contra o negro, principalmente ao mostrar que h\u00e1 sim no mundo principalmente na quest\u00e3o social e hist\u00f3rica dos negros tanto nos Estados Unidos quanto em outros pa\u00edses\u201d, afirma o pesquisador, que \u00e9 mestre em Hist\u00f3ria Social das Rela\u00e7\u00f5es Pol\u00edticas pela Ufes e coordena estudo sobre as pol\u00edticas de seguran\u00e7a p\u00fablica no Esp\u00edrito Santo e sobre o encarceramento e genoc\u00eddio da popula\u00e7\u00e3o negra capixaba.<\/p>\n\n\n\n<p>O <em>Black Lives Matter<\/em> denuncia a viol\u00eancia e o racismo da pol\u00edcia desde 2013, quando foi criado por tr\u00eas movimentos diferentes: a Alian\u00e7a Nacional das Trabalhadoras Dom\u00e9sticas, a Coliga\u00e7\u00e3o Contra a Viol\u00eancia em Los Angeles e o Ativismo pelos Direitos dos Imigrantes. O movimento ficou popular ap\u00f3s a morte de Eric Garner, em 2014, que assim como George Floyd, foi asfixiado por um policial. Em ambos os casos, a frase \u201cn\u00e3o consigo respirar\u201d marcou os protestos antirracismo.<\/p>\n\n\n\n<h3 class=\"wp-block-heading\"><strong>Leis contribuem para segrega\u00e7\u00e3o<\/strong><\/h3>\n\n\n\n<p>Para o pesquisador, a segrega\u00e7\u00e3o racial nos Estados Unidos se consolidou com o sistema de leis Jim Crow, que vigorou entre 1876 e 1965. \u201cEssas leis previam que os brancos e n\u00e3o brancos estavam \u2018separados, mas iguais\u2019, mas na verdade para os n\u00e3o brancos sobravam somente os piores servi\u00e7os p\u00fablicos, seja em rela\u00e7\u00e3o \u00e0s escolas, aos meios de transporte ou ao direito ao voto\u201d, pontua.<\/p>\n\n\n\n<p>Na atualidade, apesar do discurso de neutralidade e imparcialidade da Suprema Corte, Siqueira aponta que outras pol\u00edticas e leis acabam levando a pr\u00e1ticas de conten\u00e7\u00e3o e controle das comunidades negras, por meio da chamada \u201cguerra \u00e0s drogas\u201d (com paradas e revistas policiais), com negocia\u00e7\u00e3o de acordos de transa\u00e7\u00e3o penal e senten\u00e7as severas. As puni\u00e7\u00f5es, nesse caso, envolvem n\u00e3o s\u00f3 o encarceramento, como tamb\u00e9m o p\u00f3s-encarceramento: perda do direito ao voto, da carteira de motorista e do acesso a benef\u00edcios sociais, medidas que acentuam a diferen\u00e7a entre brancos e negros.<\/p>\n\n\n\n<h3 class=\"wp-block-heading\"><strong>Reflexo no Brasil<\/strong><\/h3>\n\n\n\n<p>Para Siqueira, o Estado penal e policial estadunidense serviu de modelo e vem sendo implementado em v\u00e1rios pa\u00edses da Europa e da Am\u00e9rica Latina, inclusive o Brasil.&nbsp;&#8220;As pol\u00edticas p\u00fablicas brasileiras t\u00eam levado a altos \u00edndices de homic\u00eddios entre a popula\u00e7\u00e3o negra, bem como no seu encarceramento. Tudo isso motivado pelo combate ao narcotr\u00e1fico, associado a uma precariza\u00e7\u00e3o das pol\u00edticas de Estado de prote\u00e7\u00e3o das comunidades negras ou n\u00e3o-brancas, principalmente no que diz respeito \u00e0s n\u00e3o atreladas \u00e0 pol\u00edtica de assist\u00eancia social&#8221;, detalha.<\/p>\n\n\n\n<p>O pesquisador indica a melhoria da educa\u00e7\u00e3o p\u00fablica como uma das principais medidas para melhorar esse cen\u00e1rio, de modo a estimular os jovens a permanecerem nos estudos, desenvolverem compet\u00eancias para o mercado de trabalho e serem protagonistas das mudan\u00e7as.&nbsp;<\/p>\n\n\n\n<p><em>*Bolsista em projeto de comunica\u00e7\u00e3o<\/em><\/p>\n","protected":false},"excerpt":{"rendered":"<div class=\"mh-excerpt\"><p>Movimento internacionalizou a quest\u00e3o da viol\u00eancia policial contra o negro, afirma pesquisador<\/p>\n<\/div>","protected":false},"author":350,"featured_media":1805,"comment_status":"open","ping_status":"open","sticky":false,"template":"","format":"standard","meta":{"_bbp_topic_count":0,"_bbp_reply_count":0,"_bbp_total_topic_count":0,"_bbp_total_reply_count":0,"_bbp_voice_count":0,"_bbp_anonymous_reply_count":0,"_bbp_topic_count_hidden":0,"_bbp_reply_count_hidden":0,"_bbp_forum_subforum_count":0,"_uag_custom_page_level_css":"","footnotes":""},"categories":[7,9,47],"tags":[],"class_list":["post-1804","post","type-post","status-publish","format-standard","has-post-thumbnail","hentry","category-chamadinhas","category-noticias","category-online"],"uagb_featured_image_src":{"full":["https:\/\/blog.ufes.br\/revistauniversidade\/files\/2021\/06\/vidaspretasimportam-midianinja.jpeg",1024,680,false],"thumbnail":["https:\/\/blog.ufes.br\/revistauniversidade\/files\/2021\/06\/vidaspretasimportam-midianinja-150x150.jpeg",150,150,true],"medium":["https:\/\/blog.ufes.br\/revistauniversidade\/files\/2021\/06\/vidaspretasimportam-midianinja-300x199.jpeg",300,199,true],"medium_large":["https:\/\/blog.ufes.br\/revistauniversidade\/files\/2021\/06\/vidaspretasimportam-midianinja-768x510.jpeg",768,510,true],"large":["https:\/\/blog.ufes.br\/revistauniversidade\/files\/2021\/06\/vidaspretasimportam-midianinja.jpeg",1024,680,false],"1536x1536":["https:\/\/blog.ufes.br\/revistauniversidade\/files\/2021\/06\/vidaspretasimportam-midianinja.jpeg",1024,680,false],"2048x2048":["https:\/\/blog.ufes.br\/revistauniversidade\/files\/2021\/06\/vidaspretasimportam-midianinja.jpeg",1024,680,false],"mh-magazine-lite-slider":["https:\/\/blog.ufes.br\/revistauniversidade\/files\/2021\/06\/vidaspretasimportam-midianinja-1024x438.jpeg",1024,438,true],"mh-magazine-lite-content":["https:\/\/blog.ufes.br\/revistauniversidade\/files\/2021\/06\/vidaspretasimportam-midianinja-678x381.jpeg",678,381,true],"mh-magazine-lite-large":["https:\/\/blog.ufes.br\/revistauniversidade\/files\/2021\/06\/vidaspretasimportam-midianinja-678x509.jpeg",678,509,true],"mh-magazine-lite-medium":["https:\/\/blog.ufes.br\/revistauniversidade\/files\/2021\/06\/vidaspretasimportam-midianinja-326x245.jpeg",326,245,true],"mh-magazine-lite-small":["https:\/\/blog.ufes.br\/revistauniversidade\/files\/2021\/06\/vidaspretasimportam-midianinja-80x60.jpeg",80,60,true]},"uagb_author_info":{"display_name":"lidia.hora","author_link":"https:\/\/blog.ufes.br\/revistauniversidade\/author\/lidia_gurgel-neves-hora\/"},"uagb_comment_info":1,"uagb_excerpt":"Movimento internacionalizou a quest\u00e3o da viol\u00eancia policial contra o negro, afirma pesquisador","_links":{"self":[{"href":"https:\/\/blog.ufes.br\/revistauniversidade\/wp-json\/wp\/v2\/posts\/1804","targetHints":{"allow":["GET"]}}],"collection":[{"href":"https:\/\/blog.ufes.br\/revistauniversidade\/wp-json\/wp\/v2\/posts"}],"about":[{"href":"https:\/\/blog.ufes.br\/revistauniversidade\/wp-json\/wp\/v2\/types\/post"}],"author":[{"embeddable":true,"href":"https:\/\/blog.ufes.br\/revistauniversidade\/wp-json\/wp\/v2\/users\/350"}],"replies":[{"embeddable":true,"href":"https:\/\/blog.ufes.br\/revistauniversidade\/wp-json\/wp\/v2\/comments?post=1804"}],"version-history":[{"count":4,"href":"https:\/\/blog.ufes.br\/revistauniversidade\/wp-json\/wp\/v2\/posts\/1804\/revisions"}],"predecessor-version":[{"id":1827,"href":"https:\/\/blog.ufes.br\/revistauniversidade\/wp-json\/wp\/v2\/posts\/1804\/revisions\/1827"}],"wp:featuredmedia":[{"embeddable":true,"href":"https:\/\/blog.ufes.br\/revistauniversidade\/wp-json\/wp\/v2\/media\/1805"}],"wp:attachment":[{"href":"https:\/\/blog.ufes.br\/revistauniversidade\/wp-json\/wp\/v2\/media?parent=1804"}],"wp:term":[{"taxonomy":"category","embeddable":true,"href":"https:\/\/blog.ufes.br\/revistauniversidade\/wp-json\/wp\/v2\/categories?post=1804"},{"taxonomy":"post_tag","embeddable":true,"href":"https:\/\/blog.ufes.br\/revistauniversidade\/wp-json\/wp\/v2\/tags?post=1804"}],"curies":[{"name":"wp","href":"https:\/\/api.w.org\/{rel}","templated":true}]}}